{"id":404582,"date":"2024-08-10T14:34:05","date_gmt":"2024-08-10T12:34:05","guid":{"rendered":"https:\/\/www.radiopiu.net\/wordpress\/?p=404582"},"modified":"2024-08-10T20:08:53","modified_gmt":"2024-08-10T18:08:53","slug":"e-morto-improvvisamente-giancarlo-ianese","status":"publish","type":"post","link":"https:\/\/www.radiopiu.net\/wordpress\/e-morto-improvvisamente-giancarlo-ianese\/","title":{"rendered":"E&#8217; MORTO IMPROVVISAMENTE GIANCARLO IANESE"},"content":{"rendered":"<p>*****<\/p>\n<p>&nbsp;<\/p>\n<p><a class=\"dt-pswp-item\" href=\"https:\/\/www.radiopiu.net\/wordpress\/wp-content\/uploads\/2024\/08\/SCR-20240810-myaj.jpeg\" data-dt-img-description=\"Screenshot\" data-large_image_width=\"1186\" data-large_image_height=\"916\"><img loading=\"lazy\" decoding=\"async\" class=\"wp-image-404584 alignleft\" src=\"https:\/\/www.radiopiu.net\/wordpress\/wp-content\/uploads\/2024\/08\/SCR-20240810-myaj-300x232.jpeg\" alt=\"\" width=\"177\" height=\"137\" srcset=\"https:\/\/www.radiopiu.net\/wordpress\/wp-content\/uploads\/2024\/08\/SCR-20240810-myaj-300x232.jpeg 300w, https:\/\/www.radiopiu.net\/wordpress\/wp-content\/uploads\/2024\/08\/SCR-20240810-myaj-1024x791.jpeg 1024w, https:\/\/www.radiopiu.net\/wordpress\/wp-content\/uploads\/2024\/08\/SCR-20240810-myaj-768x593.jpeg 768w, https:\/\/www.radiopiu.net\/wordpress\/wp-content\/uploads\/2024\/08\/SCR-20240810-myaj.jpeg 1186w\" sizes=\"auto, (max-width: 177px) 100vw, 177px\" \/> <\/a><strong>BELLUNO<\/strong> \u00abSe c\u2019\u00e8 una figura che ha incarnato il senso delle istituzioni e al contempo anche uno sconfinato amore per il territorio, \u00e8 lui: Giancarlo Ianese. Ci mancheranno i suoi modi, la sua esperienza, il suo prendere posizione\u00bb. Cos\u00ec il presidente della Provincia Roberto Padrin in una nota di cordoglio per l\u2019improvvisa scomparsa di Giancarlo Ianese, tredici mandati amministrativi e otto da sindaco. \u00abDi lui colpiva il profondo senso del dovere e la passione infaticabile con cui ricopriva l\u2019incarico da sindaco di San Nicol\u00f2 e da presidente dell\u2019Unione Montana Comelico. In una recente intervista, aveva espresso un concetto tanto schietto e ruvido quanto reale: che se non si trovano pi\u00f9 persone disposte a fare gli amministratori nei piccoli Comuni \u00e8 perch\u00e9 un sindaco deve risolvere i problemi, ascoltare la gente, avere a cuore il bene pubblico ed essere sempre presente. Ecco, Ianese era sempre presente. Ricordo ancora la battaglia fatta per evitare le conseguenze della chiusura della galleria di Comelico, la forza d\u2019animo nella grande nevicata del gennaio 2021\u2026 ricordo quando veniva a trovarmi in Provincia per sottopormi le sue idee e i suoi progetti, l\u2019entusiasmo che aveva sempre nonostante l\u2019et\u00e0 e la fatica dell\u2019amministrare. Ci mancheranno queste caratteristiche, ma sapremo farne tesoro. Ai suoi famigliari, agli amici, ai tanti colleghi amministratori, l\u2019abbraccio sincero mio e dell\u2019intero consiglio provinciale\u00bb.<\/p>\n<p><strong>IL MESSAGGIO DI CORDOGLIO DEL PRESIDENTE ABM OSCAR DE BONA<\/strong><\/p>\n<div dir=\"auto\">Giancarlo Ianese ha dedicato la sua vita con passione e dedizione al servizio della sua comunit\u00e0, dimostrando sempre un profondo impegno per il benessere e lo sviluppo del suo territorio. La sua guida, caratterizzata da grande umanit\u00e0 e saggezza, ha lasciato un&#8217;impronta indelebile in tutti coloro che hanno avuto l&#8217;onore di collaborare con lui. A nome di tutti i membri dell&#8217;Associazione, esprimo le pi\u00f9 sentite condoglianze alla famiglia, agli amici e a tutta la comunit\u00e0 di San Nicol\u00f2 di Comelico. La sua memoria rimarr\u00e0 viva nei nostri cuori e nelle nostre azioni future, come esempio di dedizione e amore per la propria terra.<\/div>\n<p>&nbsp;<\/p>\n<p><strong>IL PRESIDENTE DEL VENETO LUCA ZAIA<\/strong><\/p>\n<p>&#8220;Con commozione e dolore, esprimo il mio pi\u00f9 sentito cordoglio per la scomparsa di Giancarlo Ianese, sindaco di San Nicol\u00f2 Comelico, che ci ha lasciati improvvisamente all&#8217;et\u00e0 di 82 anni. La sua scomparsa rappresenta una perdita incolmabile per l&#8217;intera comunit\u00e0 bellunese e quella veneta&#8221;. Cos\u00ec il presidente della Regione del Veneto, Luca Zaia, esprime il cordoglio per la scomparsa di Giancarlo Ianese. &#8220;Giancarlo Ianese era un uomo straordinario, un veneto autentico, profondamente legato alla sua terra e alla sua gente. Eletto per ben otto mandati come primo cittadino, ha dedicato la sua vita al servizio della comunit\u00e0 con un impegno instancabile, incarnando i valori pi\u00f9 nobili dell&#8217;amministrazione pubblica &#8211; prosegue il Governatore -. Il suo spirito di servizio e la passione con cui si \u00e8 sempre dedicato al bene comune resteranno un esempio per tutti noi&#8221;.<\/p>\n<p>&nbsp;<\/p>\n<p>&nbsp;<\/p>\n<p>&nbsp;<\/p>\n<p>******<\/p>\n","protected":false},"excerpt":{"rendered":"<p>***** &nbsp; BELLUNO \u00abSe c\u2019\u00e8 una figura che ha incarnato il senso delle istituzioni e al contempo anche uno sconfinato amore per il territorio, \u00e8 lui: Giancarlo Ianese. Ci mancheranno i suoi modi, la sua esperienza, il suo prendere posizione\u00bb. Cos\u00ec il presidente della Provincia Roberto Padrin in una nota di cordoglio per l\u2019improvvisa scomparsa&hellip;<\/p>\n","protected":false},"author":4,"featured_media":404584,"comment_status":"closed","ping_status":"closed","sticky":false,"template":"","format":"standard","meta":{"_monsterinsights_skip_tracking":false,"_monsterinsights_sitenote_active":false,"_monsterinsights_sitenote_note":"","_monsterinsights_sitenote_category":0,"footnotes":""},"categories":[49],"tags":[],"class_list":["post-404582","post","type-post","status-publish","format-standard","has-post-thumbnail","hentry","category-news-18","category-49","description-off"],"img_url":"https:\/\/www.radiopiu.net\/wordpress\/wp-content\/uploads\/2024\/08\/SCR-20240810-myaj.jpeg","_links":{"self":[{"href":"https:\/\/www.radiopiu.net\/wordpress\/wp-json\/wp\/v2\/posts\/404582","targetHints":{"allow":["GET"]}}],"collection":[{"href":"https:\/\/www.radiopiu.net\/wordpress\/wp-json\/wp\/v2\/posts"}],"about":[{"href":"https:\/\/www.radiopiu.net\/wordpress\/wp-json\/wp\/v2\/types\/post"}],"author":[{"embeddable":true,"href":"https:\/\/www.radiopiu.net\/wordpress\/wp-json\/wp\/v2\/users\/4"}],"replies":[{"embeddable":true,"href":"https:\/\/www.radiopiu.net\/wordpress\/wp-json\/wp\/v2\/comments?post=404582"}],"version-history":[{"count":4,"href":"https:\/\/www.radiopiu.net\/wordpress\/wp-json\/wp\/v2\/posts\/404582\/revisions"}],"predecessor-version":[{"id":404618,"href":"https:\/\/www.radiopiu.net\/wordpress\/wp-json\/wp\/v2\/posts\/404582\/revisions\/404618"}],"wp:featuredmedia":[{"embeddable":true,"href":"https:\/\/www.radiopiu.net\/wordpress\/wp-json\/wp\/v2\/media\/404584"}],"wp:attachment":[{"href":"https:\/\/www.radiopiu.net\/wordpress\/wp-json\/wp\/v2\/media?parent=404582"}],"wp:term":[{"taxonomy":"category","embeddable":true,"href":"https:\/\/www.radiopiu.net\/wordpress\/wp-json\/wp\/v2\/categories?post=404582"},{"taxonomy":"post_tag","embeddable":true,"href":"https:\/\/www.radiopiu.net\/wordpress\/wp-json\/wp\/v2\/tags?post=404582"}],"curies":[{"name":"wp","href":"https:\/\/api.w.org\/{rel}","templated":true}]}}