{"id":404587,"date":"2024-08-10T15:19:30","date_gmt":"2024-08-10T13:19:30","guid":{"rendered":"https:\/\/www.radiopiu.net\/wordpress\/?p=404587"},"modified":"2024-08-10T15:19:30","modified_gmt":"2024-08-10T13:19:30","slug":"domani-a-cencenighe-i-50-anni-di-sacerdozio-di-don-ettore-fornezza","status":"publish","type":"post","link":"https:\/\/www.radiopiu.net\/wordpress\/domani-a-cencenighe-i-50-anni-di-sacerdozio-di-don-ettore-fornezza\/","title":{"rendered":"DOMANI A CENCENIGHE I 50 ANNI DI SACERDOZIO DI DON ETTORE FORNEZZA"},"content":{"rendered":"<p>******<\/p>\n<p>&nbsp;<\/p>\n<p><strong><a class=\"dt-pswp-item\" href=\"https:\/\/www.radiopiu.net\/wordpress\/wp-content\/uploads\/2024\/08\/4fefe62a-b2be-4fbe-a10d-f4a20114b271.jpg\" data-dt-img-description=\"\" data-large_image_width=\"1214\" data-large_image_height=\"2048\"><img loading=\"lazy\" decoding=\"async\" class=\" wp-image-404588 alignleft\" src=\"https:\/\/www.radiopiu.net\/wordpress\/wp-content\/uploads\/2024\/08\/4fefe62a-b2be-4fbe-a10d-f4a20114b271-178x300.jpg\" alt=\"\" width=\"106\" height=\"179\" srcset=\"https:\/\/www.radiopiu.net\/wordpress\/wp-content\/uploads\/2024\/08\/4fefe62a-b2be-4fbe-a10d-f4a20114b271-178x300.jpg 178w, https:\/\/www.radiopiu.net\/wordpress\/wp-content\/uploads\/2024\/08\/4fefe62a-b2be-4fbe-a10d-f4a20114b271-607x1024.jpg 607w, https:\/\/www.radiopiu.net\/wordpress\/wp-content\/uploads\/2024\/08\/4fefe62a-b2be-4fbe-a10d-f4a20114b271-768x1296.jpg 768w, https:\/\/www.radiopiu.net\/wordpress\/wp-content\/uploads\/2024\/08\/4fefe62a-b2be-4fbe-a10d-f4a20114b271-911x1536.jpg 911w, https:\/\/www.radiopiu.net\/wordpress\/wp-content\/uploads\/2024\/08\/4fefe62a-b2be-4fbe-a10d-f4a20114b271.jpg 1214w\" sizes=\"auto, (max-width: 106px) 100vw, 106px\" \/><\/a>CENCENIGHE<\/strong> Domani alle 11 don Ettore Fornezza festegger\u00e0 i suoi 50 anni di sacerdozio con una Santa Messa che celebrer\u00e0 nella chiesa di Cencenighe ai piedi dell&#8217;Oasi Papa Luciani di Ghisel. Ordinato sacerdote il 22 giugno del 1974 dall&#8217;allora Patriarca di Venezia Albino Luciani, Il giorno dopo celebr\u00f2 la sua prima messa al capezzale della nonna ricoverata nella casa di riposo dei Santi Giovanni e Paolo a Venezia. Aveva gi\u00e0 36 anni don Ettore Fornezza. Al sacerdozio non arriv\u00f2 subito dopo gli studi ma, il suo, fu un percorso pi\u00f9 lungo, meditato, nel quale, 5 anni prima, ebbe un ruolo fondamentale l&#8217;incontro con il cardinale Albino Luciani, al tempo Vescovo di Vittorio Veneto ma fresco di nomina a Patriarca di Venezia. Don Ettore rimase al fianco del futuro Giovanni Paolo I fino alla sua elezione a Santo Padre che, come ben noto, dur\u00f2 lo spazio di soli 33 giorni. L&#8217;anno prima, per\u00f2, era nata proprio con Albino Luciani l&#8217;idea di far rivivere Ghisel. Un&#8217;opera, quasi un voto che don Ettore ha portato avanti in questi 46 anni assieme al suo cammino di sacerdozio. Nei mesi scorsi don Ettore ha festeggiato i suoi 50 anni di sacerdozio a Venezia, ma ha fortemente voluto fissare un appuntamento anche nell&#8217;Agordino, la terra natia di Papa Luciani, il suo faro, il suo maestro, il suo Papa. La messa per festeggiare don Ettore sar\u00e0 celebrata nella chiesa di Cencenighe e non nella cappella dell&#8217;Oasi di Ghisel in quanto la strada silvo pastorale che porta alle casette \u00e8 stata interdetta al transito da un&#8217;ordinanza del sindaco di Cencenighe in data 2 agosto per motivi di sicurezza. Sul percorso sono caduti alcuni alberi ammalorati che non rendono sicuro il passaggio a piedi\u00a0 Tutti coloro che avevano in programma di salire sui monti dell&#8217;Agordino per festeggiarlo e raggiungere l&#8217;Oasi Papa Luciani possono, comunque, intervenire a Cencenighe e portargli un saluto al termine della Santa Messa.<\/p>\n<p>&nbsp;<\/p>\n<p>&nbsp;<\/p>\n<p>&nbsp;<\/p>\n<p>********<\/p>\n","protected":false},"excerpt":{"rendered":"<p>****** &nbsp; CENCENIGHE Domani alle 11 don Ettore Fornezza festegger\u00e0 i suoi 50 anni di sacerdozio con una Santa Messa che celebrer\u00e0 nella chiesa di Cencenighe ai piedi dell&#8217;Oasi Papa Luciani di Ghisel. Ordinato sacerdote il 22 giugno del 1974 dall&#8217;allora Patriarca di Venezia Albino Luciani, Il giorno dopo celebr\u00f2 la sua prima messa al&hellip;<\/p>\n","protected":false},"author":4,"featured_media":404589,"comment_status":"closed","ping_status":"closed","sticky":false,"template":"","format":"standard","meta":{"_monsterinsights_skip_tracking":false,"_monsterinsights_sitenote_active":false,"_monsterinsights_sitenote_note":"","_monsterinsights_sitenote_category":0,"footnotes":""},"categories":[49],"tags":[],"class_list":["post-404587","post","type-post","status-publish","format-standard","has-post-thumbnail","hentry","category-news-18","category-49","description-off"],"img_url":"https:\/\/www.radiopiu.net\/wordpress\/wp-content\/uploads\/2024\/08\/SCR-20240810-noio.jpeg","_links":{"self":[{"href":"https:\/\/www.radiopiu.net\/wordpress\/wp-json\/wp\/v2\/posts\/404587","targetHints":{"allow":["GET"]}}],"collection":[{"href":"https:\/\/www.radiopiu.net\/wordpress\/wp-json\/wp\/v2\/posts"}],"about":[{"href":"https:\/\/www.radiopiu.net\/wordpress\/wp-json\/wp\/v2\/types\/post"}],"author":[{"embeddable":true,"href":"https:\/\/www.radiopiu.net\/wordpress\/wp-json\/wp\/v2\/users\/4"}],"replies":[{"embeddable":true,"href":"https:\/\/www.radiopiu.net\/wordpress\/wp-json\/wp\/v2\/comments?post=404587"}],"version-history":[{"count":1,"href":"https:\/\/www.radiopiu.net\/wordpress\/wp-json\/wp\/v2\/posts\/404587\/revisions"}],"predecessor-version":[{"id":404590,"href":"https:\/\/www.radiopiu.net\/wordpress\/wp-json\/wp\/v2\/posts\/404587\/revisions\/404590"}],"wp:featuredmedia":[{"embeddable":true,"href":"https:\/\/www.radiopiu.net\/wordpress\/wp-json\/wp\/v2\/media\/404589"}],"wp:attachment":[{"href":"https:\/\/www.radiopiu.net\/wordpress\/wp-json\/wp\/v2\/media?parent=404587"}],"wp:term":[{"taxonomy":"category","embeddable":true,"href":"https:\/\/www.radiopiu.net\/wordpress\/wp-json\/wp\/v2\/categories?post=404587"},{"taxonomy":"post_tag","embeddable":true,"href":"https:\/\/www.radiopiu.net\/wordpress\/wp-json\/wp\/v2\/tags?post=404587"}],"curies":[{"name":"wp","href":"https:\/\/api.w.org\/{rel}","templated":true}]}}