{"id":404591,"date":"2024-08-10T16:10:01","date_gmt":"2024-08-10T14:10:01","guid":{"rendered":"https:\/\/www.radiopiu.net\/wordpress\/?p=404591"},"modified":"2024-08-10T16:10:01","modified_gmt":"2024-08-10T14:10:01","slug":"escursionista-infortunato-alla-cresta-dei-camin-malore-al-rifugio-talamini","status":"publish","type":"post","link":"https:\/\/www.radiopiu.net\/wordpress\/escursionista-infortunato-alla-cresta-dei-camin-malore-al-rifugio-talamini\/","title":{"rendered":"ESCURSIONISTA INFORTUNATO ALLA CRESTA DEI CAMIN, MALORE AL RIFUGIO TALAMINI"},"content":{"rendered":"<p>******<\/p>\n<p>&nbsp;<\/p>\n<p><strong>LA VALLE AGORDINA<\/strong> Verso le 11 un&#8217;escursionista ha contattato il 118, poich\u00e9 il compagno era caduto e si era fatto male mentre si trovavano sulla normale alla Cresta dei Camin, nel Gruppo del Moschesin. Mentre il Soccorso alpino di Agordo si preparava per eventuale supporto, l&#8217;elicottero del Suem di Pieve di Cadore raggiungeva la zona. Fatto campo base nella Malga sottostante, l&#8217;eliambulanza \u00e8 salita e ha sorvolato i gradoni di sfasciumi poco sotto la cima, individuando il 63enne di Pastrengo (VR), con un trauma al volto e probabilmente alla gamba. Recuperato con un verricello di 30 metri,\u00a0 l&#8217;infortunato \u00e8 stato affidato ai sanitari al campo base per le prime cure e l&#8217;elicottero \u00e8 tornato in quota a prendere la compagna. L&#8217;uomo \u00e8 stato quindi accompagnato all&#8217;ospedale di Belluno.<\/p>\n<p><strong>VODO DI CADORE <\/strong>Successivamente Falco \u00e8 volato al Rifugio Talamini, chiamato a seguito del malore di un uomo che si trovava l\u00ec assieme alla moglie. Valutato dall&#8217;equipe medica, \u00e8 stato portato a Belluno per gli approfondimenti del caso.<\/p>\n<p>&nbsp;<\/p>\n<p>&nbsp;<\/p>\n<p>******<\/p>\n","protected":false},"excerpt":{"rendered":"<p>****** &nbsp; LA VALLE AGORDINA Verso le 11 un&#8217;escursionista ha contattato il 118, poich\u00e9 il compagno era caduto e si era fatto male mentre si trovavano sulla normale alla Cresta dei Camin, nel Gruppo del Moschesin. Mentre il Soccorso alpino di Agordo si preparava per eventuale supporto, l&#8217;elicottero del Suem di Pieve di Cadore raggiungeva&hellip;<\/p>\n","protected":false},"author":4,"featured_media":404421,"comment_status":"closed","ping_status":"closed","sticky":false,"template":"","format":"standard","meta":{"_monsterinsights_skip_tracking":false,"_monsterinsights_sitenote_active":false,"_monsterinsights_sitenote_note":"","_monsterinsights_sitenote_category":0,"footnotes":""},"categories":[49],"tags":[],"class_list":["post-404591","post","type-post","status-publish","format-standard","has-post-thumbnail","hentry","category-news-18","category-49","description-off"],"img_url":"https:\/\/www.radiopiu.net\/wordpress\/wp-content\/uploads\/2024\/08\/SALT.jpg","_links":{"self":[{"href":"https:\/\/www.radiopiu.net\/wordpress\/wp-json\/wp\/v2\/posts\/404591","targetHints":{"allow":["GET"]}}],"collection":[{"href":"https:\/\/www.radiopiu.net\/wordpress\/wp-json\/wp\/v2\/posts"}],"about":[{"href":"https:\/\/www.radiopiu.net\/wordpress\/wp-json\/wp\/v2\/types\/post"}],"author":[{"embeddable":true,"href":"https:\/\/www.radiopiu.net\/wordpress\/wp-json\/wp\/v2\/users\/4"}],"replies":[{"embeddable":true,"href":"https:\/\/www.radiopiu.net\/wordpress\/wp-json\/wp\/v2\/comments?post=404591"}],"version-history":[{"count":1,"href":"https:\/\/www.radiopiu.net\/wordpress\/wp-json\/wp\/v2\/posts\/404591\/revisions"}],"predecessor-version":[{"id":404592,"href":"https:\/\/www.radiopiu.net\/wordpress\/wp-json\/wp\/v2\/posts\/404591\/revisions\/404592"}],"wp:featuredmedia":[{"embeddable":true,"href":"https:\/\/www.radiopiu.net\/wordpress\/wp-json\/wp\/v2\/media\/404421"}],"wp:attachment":[{"href":"https:\/\/www.radiopiu.net\/wordpress\/wp-json\/wp\/v2\/media?parent=404591"}],"wp:term":[{"taxonomy":"category","embeddable":true,"href":"https:\/\/www.radiopiu.net\/wordpress\/wp-json\/wp\/v2\/categories?post=404591"},{"taxonomy":"post_tag","embeddable":true,"href":"https:\/\/www.radiopiu.net\/wordpress\/wp-json\/wp\/v2\/tags?post=404591"}],"curies":[{"name":"wp","href":"https:\/\/api.w.org\/{rel}","templated":true}]}}