{"id":404661,"date":"2024-08-12T00:00:38","date_gmt":"2024-08-11T22:00:38","guid":{"rendered":"https:\/\/www.radiopiu.net\/wordpress\/?p=404661"},"modified":"2024-08-12T05:42:10","modified_gmt":"2024-08-12T03:42:10","slug":"dillo-a-radio-piu-il-problema-viabilita-ad-alleghe","status":"publish","type":"post","link":"https:\/\/www.radiopiu.net\/wordpress\/dillo-a-radio-piu-il-problema-viabilita-ad-alleghe\/","title":{"rendered":"DILLO A RADIO PIU&#8217;&#8230;IL PROBLEMA VIABILITA&#8217; AD ALLEGHE"},"content":{"rendered":"<p>*****<\/p>\n<p>&nbsp;<\/p>\n<p><a class=\"dt-pswp-item\" href=\"https:\/\/www.radiopiu.net\/wordpress\/wp-content\/uploads\/2023\/09\/34b1e41b-6db8-4490-9fdb-72d98c9e0a59.jpg\" data-dt-img-description=\"alleghe\" data-large_image_width=\"900\" data-large_image_height=\"1600\"><img loading=\"lazy\" decoding=\"async\" class=\"wp-image-351937 size-medium alignleft\" src=\"https:\/\/www.radiopiu.net\/wordpress\/wp-content\/uploads\/2023\/09\/34b1e41b-6db8-4490-9fdb-72d98c9e0a59-169x300.jpg\" alt=\"\" width=\"169\" height=\"300\" srcset=\"https:\/\/www.radiopiu.net\/wordpress\/wp-content\/uploads\/2023\/09\/34b1e41b-6db8-4490-9fdb-72d98c9e0a59-169x300.jpg 169w, https:\/\/www.radiopiu.net\/wordpress\/wp-content\/uploads\/2023\/09\/34b1e41b-6db8-4490-9fdb-72d98c9e0a59-576x1024.jpg 576w, https:\/\/www.radiopiu.net\/wordpress\/wp-content\/uploads\/2023\/09\/34b1e41b-6db8-4490-9fdb-72d98c9e0a59-768x1365.jpg 768w, https:\/\/www.radiopiu.net\/wordpress\/wp-content\/uploads\/2023\/09\/34b1e41b-6db8-4490-9fdb-72d98c9e0a59-864x1536.jpg 864w, https:\/\/www.radiopiu.net\/wordpress\/wp-content\/uploads\/2023\/09\/34b1e41b-6db8-4490-9fdb-72d98c9e0a59.jpg 900w\" sizes=\"auto, (max-width: 169px) 100vw, 169px\" \/><\/a><strong>RICEVIAMO e PUBBLICHIAMO<\/strong><\/p>\n<p dir=\"auto\">Il sindaco di Alleghe giustamente torna a sollevare, in questi giorni, un annoso problema che riguarda il suo comune, e cio\u00e8 il traffico esagerato che attraversa l&#8217;angusto centro della localit\u00e0. Il sindaco fa riferimento a soluzioni di viabilit\u00e0 alternativa e credo alluda ad una galleria o addirittura allo spostamento della regionale Agordina sull&#8217;altro lato del lago, idee che circolano da anni. Si tratterebbe certamente di soluzioni valide ed auspicabili, ma \u00e8 lecito chiedersi quali potrebbero essere i tempi di realizzazione, tra iter decisionale e di realizzazione effettiva: cinque anni, dieci, venti? O pi\u00f9 ancora? Si sa come vanno queste cose. Peraltro la strettoia cui il sindaco da riferimento non \u00e8 l&#8217;unico problema. A pochi metri di distanza, in corrispondenza della piazzetta Kennedy, c&#8217;\u00e8 un passaggio pedonale trafficato a livelli degni del centro di una metropoli, nei periodi di vacanza. L\u00ec la situazione \u00e8 aggravata dal fatto che nella piazzetta c&#8217;\u00e8 una decina di posti auto, che provocano il continuo uscire e immettersi di auto dalla strada regionale. L\u00ec c&#8217;\u00e8 la fermata dei mezzi pubblici, lo sportello bancario, l&#8217;ufficio informazioni e diverse altre realt\u00e0 che creano movimento pedonale. Pensiamo al minimarket, la chiesa, i due alberghi &#8230;L&#8217;eliminazione di quei posti auto (tanto pi\u00f9 che Alleghe dispone a pochi metri del parcheggio coperto gratuito per mezz&#8217;ora!) ridurrebbe almeno un po&#8217; la congestione della strada in quel punto. Si tratterebbe di un intervento certamente parziale rispetto al problema della strada regionale, ma di pronta, facilissima ed economica realizzazione. Ne godrebbe certamente anche la vivibilit\u00e0 della bella piazzetta, inspiegabilmente umiliata e ridotta a parcheggio. So che in quella piazzetta ci sono esigenze da contemperare. Inviterei l&#8217;ottimo sindaco De Toni a prendere spunto da altre soluzioni gi\u00e0 ampiamente sperimentate altrove: l&#8217;accesso consentito ai soli residenti (ZTL), la chiusura nei soli periodi clou come Natale, luglio ed agosto, oppure le torrette carrabili a scomparsa con telecomando, oppure la chiusura con mantenimento di due soli posti auto riservati alla sola fermata di carico e scarico per gli alberghi, oppure ancora la chiusura limitata tra le 8 e le 20 di ogni giorno. Le soluzioni volendo ci sono. Quindi s\u00ec, sogniamo pure la galleria, ma perch\u00e9 non fare quello che \u00e8 possibile subito, a poco prezzo e con doppio vantaggio, sia sulla viabilit\u00e0, sia sulla valorizzazione del cuore di Alleghe?<\/p>\n<p dir=\"auto\">Germano Gerola<\/p>\n<p dir=\"auto\">*******<\/p>\n","protected":false},"excerpt":{"rendered":"<p>***** &nbsp; RICEVIAMO e PUBBLICHIAMO Il sindaco di Alleghe giustamente torna a sollevare, in questi giorni, un annoso problema che riguarda il suo comune, e cio\u00e8 il traffico esagerato che attraversa l&#8217;angusto centro della localit\u00e0. Il sindaco fa riferimento a soluzioni di viabilit\u00e0 alternativa e credo alluda ad una galleria o addirittura allo spostamento della&hellip;<\/p>\n","protected":false},"author":4,"featured_media":404662,"comment_status":"closed","ping_status":"closed","sticky":false,"template":"","format":"standard","meta":{"_monsterinsights_skip_tracking":false,"_monsterinsights_sitenote_active":false,"_monsterinsights_sitenote_note":"","_monsterinsights_sitenote_category":0,"footnotes":""},"categories":[51,49],"tags":[],"class_list":["post-404661","post","type-post","status-publish","format-standard","has-post-thumbnail","hentry","category-evidenza-top","category-news-18","category-51","category-49","description-off"],"img_url":"https:\/\/www.radiopiu.net\/wordpress\/wp-content\/uploads\/2024\/08\/SCR-20240811-lqad.jpeg","_links":{"self":[{"href":"https:\/\/www.radiopiu.net\/wordpress\/wp-json\/wp\/v2\/posts\/404661","targetHints":{"allow":["GET"]}}],"collection":[{"href":"https:\/\/www.radiopiu.net\/wordpress\/wp-json\/wp\/v2\/posts"}],"about":[{"href":"https:\/\/www.radiopiu.net\/wordpress\/wp-json\/wp\/v2\/types\/post"}],"author":[{"embeddable":true,"href":"https:\/\/www.radiopiu.net\/wordpress\/wp-json\/wp\/v2\/users\/4"}],"replies":[{"embeddable":true,"href":"https:\/\/www.radiopiu.net\/wordpress\/wp-json\/wp\/v2\/comments?post=404661"}],"version-history":[{"count":2,"href":"https:\/\/www.radiopiu.net\/wordpress\/wp-json\/wp\/v2\/posts\/404661\/revisions"}],"predecessor-version":[{"id":404684,"href":"https:\/\/www.radiopiu.net\/wordpress\/wp-json\/wp\/v2\/posts\/404661\/revisions\/404684"}],"wp:featuredmedia":[{"embeddable":true,"href":"https:\/\/www.radiopiu.net\/wordpress\/wp-json\/wp\/v2\/media\/404662"}],"wp:attachment":[{"href":"https:\/\/www.radiopiu.net\/wordpress\/wp-json\/wp\/v2\/media?parent=404661"}],"wp:term":[{"taxonomy":"category","embeddable":true,"href":"https:\/\/www.radiopiu.net\/wordpress\/wp-json\/wp\/v2\/categories?post=404661"},{"taxonomy":"post_tag","embeddable":true,"href":"https:\/\/www.radiopiu.net\/wordpress\/wp-json\/wp\/v2\/tags?post=404661"}],"curies":[{"name":"wp","href":"https:\/\/api.w.org\/{rel}","templated":true}]}}