{"id":404761,"date":"2024-08-12T07:55:05","date_gmt":"2024-08-12T05:55:05","guid":{"rendered":"https:\/\/www.radiopiu.net\/wordpress\/?p=404761"},"modified":"2024-08-12T06:13:56","modified_gmt":"2024-08-12T04:13:56","slug":"la-rassegna-stampa-locale-dal-1983-di-mirko-mezzacasa-22","status":"publish","type":"post","link":"https:\/\/www.radiopiu.net\/wordpress\/la-rassegna-stampa-locale-dal-1983-di-mirko-mezzacasa-22\/","title":{"rendered":"LA RASSEGNA STAMPA LOCALE, DAL 1983 di mirko mezzacasa"},"content":{"rendered":"<p>***<\/p>\n<p>&nbsp;<\/p>\n<p>AGORDO Domani, dalle ore 8 alle ore 17, verr\u00e0 sospesa l\u2019erogazione dell\u2019acqua ad AGORDO, nelle localit\u00e0 VALCOZZENA e GIOVE e presso lo STABILIMENTO LUXOTTICA.<br \/>\nTAIBON Una comunit\u00e0 in lutto quella di Taibon Agordino. \u00c8 morto Don Mario Zanon, storico parroco del paese. Una persona sempre presente che ha saputo unire la comunit\u00e0. Tra le sue opere per la comunit\u00e0 il recupero della Chiesa di San Cipriano e il restauro della chiesetta in Valle di San Lucano nonch\u00e9 la casa attigua alla chiesa sempre a San Lucano. Era andato in pensione da qualche anno ed aveva deciso di trascorre il meritato riposo presso la Casa di Soggiorno di Taibon Agordino dove fino a poco tempo fa recitava la messa mattutina delle sette. I funerali saranno celebrati domani alle 10.00 nella chiesa parrocchiale di Taibon. La salma di don Mario partir\u00e0 poi alla volta di Lamosano, dove avverr\u00e0 la sepoltura.<br \/>\nOGGI I FUNERALI DEL SINDACO<br \/>\nSi terranno oggi a San Nicol\u00f2 di Comelico i funerali del sindaco Giancarlo Ianese, morto improvvisamente sabato scorso. La cerimonia funebre alle 14.30 presso la chiesa parrocchiale. Prima del rito funebre, la salma sar\u00e0 esposta al pubblico presso la sala consiliare del municipio.<br \/>\nTROVATO MORTO ALL\u2019INTERNO DI UN FURGONE<br \/>\nVALDOBBIADENE (TV) Mimmo Tres, un 40enne di Mel di Borgo Valbelluna, \u00e8 stato trovato morto all\u2019interno di un furgone parcheggiato sotto il sole in via Erizzo a Bigolino di Valdobbiadene. La scoperta \u00e8 avvenuta poco dopo mezzogiorno. Nonostante l\u2019intervento dei Carabinieri e del personale del Suem 118, l\u2019uomo era gi\u00e0 deceduto, probabilmente a causa di un malore fatale. Il veicolo era chiuso dall\u2019interno, e solo oggi \u00e8 stato notato il corpo. Le indagini sono in corso.<br \/>\nLutto nell\u2019imprenditoria fonzasina: addio a Ermes Pasa<br \/>\nFONZASO Ermes Pasa, 71 anni, co-fondatore della Sici, azienda edile di Fonzaso, \u00e8 scomparso ieri. Figura chiave nell\u2019imprenditoria locale, Pasa ha dedicato la sua vita al lavoro e alla famiglia. Lascia la moglie Laura e i figli Diego, Davide e Debora.<\/p>\n<p>GRAVE INCIDENTE TRA ALLEGHE E CAPRILE<br \/>\nALLEGHE Grave incidente sulla SR 203 Agordina tra Alleghe e Caprile, all\u2019altezza del Ristorante La Cambra. Coinvolta nell\u2019incidente un\u2019Audi A4 condotta da B. L., 50enne del luogo. L\u2019uomo ha perso il controllo del mezzo andando ad impattare sul muro. Sul posto i Vigili del Fuoco, il personale del Suem 118 con due ambulanze e le forze dell\u2019ordine per i rilievi di legge. Intervenuto anche l\u2019elicottero del Suem che ha portato il ferito al San Martino di Belluno in condizioni gravi.<br \/>\nREDAZIONE Oltre agli interventi in montagna, il Suem 118 \u00e8 stato impegnato a soccorrere pazienti sulle strade del bellunese. Poco prima delle 11 un incidente al Passo Giau ha visto coinvolto un motociclista tedesco di 51 anni prontamente soccorso e trasportato in ambulanza all\u2019ospedale di Agordo. Subito dopo un altro incidente in Cansiglio, sempre una moto protagonista, dove un 26enne tedesco \u00e8 stato elitrasportato al nosocomio di Pordenone con ferite di media gravit\u00e0. Alle 11:30 Falco 1 si \u00e8 diretto a Cortina per soccorrere un motociclista di Frosinone che \u00e8 stato portato al San Martino di Belluno. Poco prima delle 15 a Mel di Borgo Valbelluna un\u2019auto ha urtato una bicicletta con a bordo una donna di 31 anni di Santa Giustina. Sul posto ambulanza e Falco 1.<br \/>\nINCIDENTE SULLA STRADA DEL PASSO DURAN. DUE AUTO COINVOLTE<br \/>\nLA VALLE Poco prima delle 18, i Vigili del Fuoco permanenti di Agordo sono intervenuti in comune di La Valle Agordina, sulla SP 347 del Passo Duran, per un incidente stradale che ha coinvolto due auto. Sul posto sono arrivati anche i Carabinieri di Cencenighe. Fortunatamente, nessuna persona \u00e8 rimasta ferita.<\/p>\n<p>A PASSO GIAU NEL CUORE DELLA NOTTE<br \/>\nLa scorsa notte alle 23.20 I POMPIMPIERI DI COLLE SANTA LUCIA hanno proceduto al recupero di un autoarticolato lungo la SP 638 del Passo Giau. Sul posto anche i permanenti di Agordo ed i Carabinieri. Le operazioni sono terminate dopo circa 3 ore.<br \/>\nIncendio in Val Canzoi domato grazie a elicotteri e volontari<br \/>\nDue elicotteri della Regione e personale a terra hanno combattuto un incendio boschivo in Val Canzoi, causato da un fulmine. Grazie all\u2019intervento tempestivo, l\u2019incendio \u00e8 stato ridotto a un piccolo focolaio.<br \/>\nCENCENIGHE Si \u00e8 concluso alle 3 di domenica il recupero di un escursionista, uscito dalla traccia del sentiero e rimasto bloccato tra salti di roccia in mezzo di un ripido canale boscato. Sabato sera verso le 23 il Soccorso alpino di Agordo \u00e8 stato attivato a seguito della chiamata della mamma di un 32enne di Padova, partito per un lungo giro e non rientrato. Dopo Cima Pape, la camminata prevedeva Malga Campigat e la discesa dalla Forcella della Val di Gardes, ma alle 20 il ragazzo non si era presentato e l\u2019ultimo contatto risaliva alle 19.30. Poco prima dell\u2019allerta, i soccorritori avevano ricevuto la chiamata di un residente, che da localit\u00e0 Martin, vedeva delle luci sul versante opposto. Una squadra lo ha quindi raggiunto e, assieme a lui e a un\u2019altra persona resasi disponibile, ha risalito il sentiero per poi scendere nella valle tra strette cenge e ripida vegetazione.<br \/>\nTERREMOTO IN ALPAGO<br \/>\nALPAGO Scossa di terremoto magnitudo 1,3 (appena percettibile) ieri alle 21.53 in Alpago.<br \/>\nSENZA RISPETTO<br \/>\nERTO Un selfie tra la grigliata e la diga del Vajont. Lo scatto in rete ma anche i commenti indignano, per ora la popolazione di Erto e Casso, nel senso che non si cono prese di posizioni ufficiali di istituzioni, ma un dibattito in rete con relativa alzata di scudi.<br \/>\nGhisel OASI PAPA Luciani<br \/>\nBellissima giornata a Cencenighe per festeggiare i 50 anni di sacerdozio di don Ettore Fornezza.<br \/>\nTanti i volontari, gli amici di Venezia e dell\u2019Agordino che hanno partecipato alla messa che don Ettore ha concelebrato con don Gianni Fassina, parroco di Jesolo. Umilt\u00e0 e amicizia, due dei grandi temi che don Ettore ha trattato nella sua omelia in cui ha voluto ringraziare tutti coloro che ha incontrato nel mezzo secolo di sacerdozio. Cinquant\u2019anni vissuti sempre con uno spirito guida, quello di Beato Giovanni Paolo I.<\/p>\n<p>&nbsp;<\/p>\n<p>&nbsp;<\/p>\n<p>&nbsp;<\/p>\n<p>&nbsp;<\/p>\n<p>&nbsp;<\/p>\n<p>&nbsp;<\/p>\n","protected":false},"excerpt":{"rendered":"<p>*** &nbsp; AGORDO Domani, dalle ore 8 alle ore 17, verr\u00e0 sospesa l\u2019erogazione dell\u2019acqua ad AGORDO, nelle localit\u00e0 VALCOZZENA e GIOVE e presso lo STABILIMENTO LUXOTTICA. TAIBON Una comunit\u00e0 in lutto quella di Taibon Agordino. \u00c8 morto Don Mario Zanon, storico parroco del paese. Una persona sempre presente che ha saputo unire la comunit\u00e0. Tra&hellip;<\/p>\n","protected":false},"author":4,"featured_media":404749,"comment_status":"closed","ping_status":"closed","sticky":false,"template":"","format":"standard","meta":{"_monsterinsights_skip_tracking":false,"_monsterinsights_sitenote_active":false,"_monsterinsights_sitenote_note":"","_monsterinsights_sitenote_category":0,"footnotes":""},"categories":[104,49,142],"tags":[],"class_list":["post-404761","post","type-post","status-publish","format-standard","has-post-thumbnail","hentry","category-evidenza_3","category-news-18","category-rassegna-stampa","category-104","category-49","category-142","description-off"],"img_url":"https:\/\/www.radiopiu.net\/wordpress\/wp-content\/uploads\/2024\/08\/copertina-1.png","_links":{"self":[{"href":"https:\/\/www.radiopiu.net\/wordpress\/wp-json\/wp\/v2\/posts\/404761","targetHints":{"allow":["GET"]}}],"collection":[{"href":"https:\/\/www.radiopiu.net\/wordpress\/wp-json\/wp\/v2\/posts"}],"about":[{"href":"https:\/\/www.radiopiu.net\/wordpress\/wp-json\/wp\/v2\/types\/post"}],"author":[{"embeddable":true,"href":"https:\/\/www.radiopiu.net\/wordpress\/wp-json\/wp\/v2\/users\/4"}],"replies":[{"embeddable":true,"href":"https:\/\/www.radiopiu.net\/wordpress\/wp-json\/wp\/v2\/comments?post=404761"}],"version-history":[{"count":1,"href":"https:\/\/www.radiopiu.net\/wordpress\/wp-json\/wp\/v2\/posts\/404761\/revisions"}],"predecessor-version":[{"id":404762,"href":"https:\/\/www.radiopiu.net\/wordpress\/wp-json\/wp\/v2\/posts\/404761\/revisions\/404762"}],"wp:featuredmedia":[{"embeddable":true,"href":"https:\/\/www.radiopiu.net\/wordpress\/wp-json\/wp\/v2\/media\/404749"}],"wp:attachment":[{"href":"https:\/\/www.radiopiu.net\/wordpress\/wp-json\/wp\/v2\/media?parent=404761"}],"wp:term":[{"taxonomy":"category","embeddable":true,"href":"https:\/\/www.radiopiu.net\/wordpress\/wp-json\/wp\/v2\/categories?post=404761"},{"taxonomy":"post_tag","embeddable":true,"href":"https:\/\/www.radiopiu.net\/wordpress\/wp-json\/wp\/v2\/tags?post=404761"}],"curies":[{"name":"wp","href":"https:\/\/api.w.org\/{rel}","templated":true}]}}