{"id":404798,"date":"2024-08-12T09:56:15","date_gmt":"2024-08-12T07:56:15","guid":{"rendered":"https:\/\/www.radiopiu.net\/wordpress\/?p=404798"},"modified":"2024-08-12T09:56:15","modified_gmt":"2024-08-12T07:56:15","slug":"a-la-valle-ci-si-prepara-in-vista-della-16-comuni","status":"publish","type":"post","link":"https:\/\/www.radiopiu.net\/wordpress\/a-la-valle-ci-si-prepara-in-vista-della-16-comuni\/","title":{"rendered":"A LA VALLE CI SI PREPARA IN VISTA DELLA 16 COMUNI"},"content":{"rendered":"<p>******<\/p>\n<p>&nbsp;<\/p>\n<p><strong><a class=\"dt-pswp-item\" href=\"https:\/\/www.radiopiu.net\/wordpress\/wp-content\/uploads\/2018\/09\/16-comuni-top-5.jpg\" data-dt-img-description=\"\" data-large_image_width=\"4000\" data-large_image_height=\"3000\"><img loading=\"lazy\" decoding=\"async\" class=\" wp-image-61695 alignleft\" src=\"https:\/\/www.radiopiu.net\/wordpress\/wp-content\/uploads\/2018\/09\/16-comuni-top-5-300x225.jpg\" alt=\"\" width=\"160\" height=\"120\" srcset=\"https:\/\/www.radiopiu.net\/wordpress\/wp-content\/uploads\/2018\/09\/16-comuni-top-5-300x225.jpg 300w, https:\/\/www.radiopiu.net\/wordpress\/wp-content\/uploads\/2018\/09\/16-comuni-top-5-768x576.jpg 768w, https:\/\/www.radiopiu.net\/wordpress\/wp-content\/uploads\/2018\/09\/16-comuni-top-5-1024x768.jpg 1024w\" sizes=\"auto, (max-width: 160px) 100vw, 160px\" \/><\/a>LA VALLE<\/strong> Il Trofeo 16 Comuni dell&#8217;Agordino torner\u00e0 il 22 settembre. Questa tradizionale competizione itinerante di corsa in montagna a staffetta coinvolger\u00e0 oltre 500 atleti provenienti dai 16 Comuni della vallata. La gara quest&#8217;anno si svolger\u00e0 a La Valle Agordina, tra le maestose vette delle Pale di San Martino, il Gruppo Moiazza\u2013Civetta, e le cime del Gruppo del San Sebastiano. L&#8217;evento \u00e8 un&#8217;occasione speciale per celebrare lo sport, l&#8217;amicizia e la convivialit\u00e0 in uno scenario naturale mozzafiato. Intanto la Pro Loco La Valle si sta gi\u00e0 preparando per l&#8217;evento e sta reclutando giovani per comporre le varie staffette. Chi ha meno di 18 e vuole provare il percorso pu\u00f2 recarsi al campo di Conaggia mercoled\u00ec alle 17:30, seguir\u00e0 il terzo tempo con merenda. Per info e conferme della presenza chiamare il numero 347 9812622<\/p>\n<p>&nbsp;<\/p>\n<p>&nbsp;<\/p>\n<p>*******<\/p>\n","protected":false},"excerpt":{"rendered":"<p>****** &nbsp; LA VALLE Il Trofeo 16 Comuni dell&#8217;Agordino torner\u00e0 il 22 settembre. Questa tradizionale competizione itinerante di corsa in montagna a staffetta coinvolger\u00e0 oltre 500 atleti provenienti dai 16 Comuni della vallata. La gara quest&#8217;anno si svolger\u00e0 a La Valle Agordina, tra le maestose vette delle Pale di San Martino, il Gruppo Moiazza\u2013Civetta, e&hellip;<\/p>\n","protected":false},"author":4,"featured_media":61695,"comment_status":"closed","ping_status":"closed","sticky":false,"template":"","format":"standard","meta":{"_monsterinsights_skip_tracking":false,"_monsterinsights_sitenote_active":false,"_monsterinsights_sitenote_note":"","_monsterinsights_sitenote_category":0,"footnotes":""},"categories":[49],"tags":[],"class_list":["post-404798","post","type-post","status-publish","format-standard","has-post-thumbnail","hentry","category-news-18","category-49","description-off"],"img_url":"https:\/\/www.radiopiu.net\/wordpress\/wp-content\/uploads\/2018\/09\/16-comuni-top-5.jpg","_links":{"self":[{"href":"https:\/\/www.radiopiu.net\/wordpress\/wp-json\/wp\/v2\/posts\/404798","targetHints":{"allow":["GET"]}}],"collection":[{"href":"https:\/\/www.radiopiu.net\/wordpress\/wp-json\/wp\/v2\/posts"}],"about":[{"href":"https:\/\/www.radiopiu.net\/wordpress\/wp-json\/wp\/v2\/types\/post"}],"author":[{"embeddable":true,"href":"https:\/\/www.radiopiu.net\/wordpress\/wp-json\/wp\/v2\/users\/4"}],"replies":[{"embeddable":true,"href":"https:\/\/www.radiopiu.net\/wordpress\/wp-json\/wp\/v2\/comments?post=404798"}],"version-history":[{"count":1,"href":"https:\/\/www.radiopiu.net\/wordpress\/wp-json\/wp\/v2\/posts\/404798\/revisions"}],"predecessor-version":[{"id":404806,"href":"https:\/\/www.radiopiu.net\/wordpress\/wp-json\/wp\/v2\/posts\/404798\/revisions\/404806"}],"wp:featuredmedia":[{"embeddable":true,"href":"https:\/\/www.radiopiu.net\/wordpress\/wp-json\/wp\/v2\/media\/61695"}],"wp:attachment":[{"href":"https:\/\/www.radiopiu.net\/wordpress\/wp-json\/wp\/v2\/media?parent=404798"}],"wp:term":[{"taxonomy":"category","embeddable":true,"href":"https:\/\/www.radiopiu.net\/wordpress\/wp-json\/wp\/v2\/categories?post=404798"},{"taxonomy":"post_tag","embeddable":true,"href":"https:\/\/www.radiopiu.net\/wordpress\/wp-json\/wp\/v2\/tags?post=404798"}],"curies":[{"name":"wp","href":"https:\/\/api.w.org\/{rel}","templated":true}]}}