{"id":404921,"date":"2024-08-13T05:40:41","date_gmt":"2024-08-13T03:40:41","guid":{"rendered":"https:\/\/www.radiopiu.net\/wordpress\/?p=404921"},"modified":"2024-08-13T05:47:24","modified_gmt":"2024-08-13T03:47:24","slug":"drone-blocca-elicottero-di-soccorso-zaia-la-montagna-non-e-un-parco-divertimenti-allaperto","status":"publish","type":"post","link":"https:\/\/www.radiopiu.net\/wordpress\/drone-blocca-elicottero-di-soccorso-zaia-la-montagna-non-e-un-parco-divertimenti-allaperto\/","title":{"rendered":"DRONE BLOCCA ELICOTTERO DI SOCCORSO. ZAIA: LA MONTAGNA NON E&#8217; UN PARCO DIVERTIMENTI ALL&#8217;APERTO"},"content":{"rendered":"<p>*******<\/p>\n<p>&nbsp;<\/p>\n<p><strong><a class=\"dt-pswp-item\" href=\"https:\/\/www.radiopiu.net\/wordpress\/wp-content\/uploads\/2023\/12\/zaia-2023-scaled.jpg\" data-dt-img-description=\"\" data-large_image_width=\"2560\" data-large_image_height=\"1708\"><img loading=\"lazy\" decoding=\"async\" class=\" wp-image-364512 alignleft\" src=\"https:\/\/www.radiopiu.net\/wordpress\/wp-content\/uploads\/2023\/12\/zaia-2023-300x200.jpg\" alt=\"\" width=\"242\" height=\"161\" srcset=\"https:\/\/www.radiopiu.net\/wordpress\/wp-content\/uploads\/2023\/12\/zaia-2023-300x200.jpg 300w, https:\/\/www.radiopiu.net\/wordpress\/wp-content\/uploads\/2023\/12\/zaia-2023-1024x683.jpg 1024w, https:\/\/www.radiopiu.net\/wordpress\/wp-content\/uploads\/2023\/12\/zaia-2023-768x512.jpg 768w, https:\/\/www.radiopiu.net\/wordpress\/wp-content\/uploads\/2023\/12\/zaia-2023-1536x1025.jpg 1536w, https:\/\/www.radiopiu.net\/wordpress\/wp-content\/uploads\/2023\/12\/zaia-2023-2048x1366.jpg 2048w\" sizes=\"auto, (max-width: 242px) 100vw, 242px\" \/><\/a>VENEZIA <\/strong>&#8220;L&#8217;episodio avvenuto questa mattina nei pressi del rifugio Vandelli sul Sorapis, dove un drone ha impedito il decollo dell\u2019elicottero Falco1 del SUEM 118, \u00e8 estremamente grave e assolutamente inaccettabile. Condanno con forza l&#8217;irresponsabilit\u00e0 di chi ha manovrato il drone, mettendo a rischio la vita dell&#8217;escursionista ferita e intralciando il lavoro delle squadre di soccorso.&#8221; Il Presidente della Regione Veneto, Luca Zaia, ha espresso tutta la sua preoccupazione per l&#8217;incidente, lodando al contempo il lavoro del SUEM 118 e del Soccorso Alpino del Veneto: &#8220;Voglio ringraziare il nostro elisoccorso e il personale del Soccorso Alpino per la loro prontezza e professionalit\u00e0, nonostante le difficolt\u00e0 create da questo gesto irresponsabile. Il loro impegno continuo \u00e8 essenziale per la sicurezza di tutti coloro che frequentano le nostre montagne.&#8221; Zaia ha poi sottolineato l&#8217;importanza di un approccio responsabile alla montagna, citando dati significativi: &#8220;Ho voluto chiedere un approfondimento sull\u2019attivit\u00e0 in corso in queste settimane nelle nostre montagne. I dati del Soccorso Alpino Veneto e del SUEM 118 ci dicono che quest&#8217;anno sono stati registrati il 3% di interventi in pi\u00f9 rispetto al 2023 e il 12% in pi\u00f9 di persone soccorse. Solamente dall&#8217;inizio di giugno, gli interventi del Soccorso Alpino sono stati 353. Non \u00e8 accettabile per\u00f2 apprendere che di queste operazioni di soccorso il 21%, 95 persone soccorse, riguardava persone completamente illese ma bloccate in montagna per incapacit\u00e0. Inoltre, 63 persone, il 14% del totale, sono state soccorse dall&#8217;inizio di giugno per la perdita d&#8217;orientamento. La montagna non \u00e8 un parco divertimenti all&#8217;aperto, deve essere affrontata con pi\u00f9 rispetto e conoscenza.&#8221; Il Presidente ha anche evidenziato la necessit\u00e0 di intervenire sulla normativa vigente per l&#8217;utilizzo dei droni a scopo ludico: &#8220;L&#8217;utilizzo di droni deve essere sempre ponderato e responsabile, soprattutto in zone di alta frequentazione turistica e dove sono in corso operazioni di soccorso. Chiedo inoltre alle autorit\u00e0 competenti di valutare, se necessario, una revisione delle normative esistenti sull&#8217;utilizzo dei droni per scopi ludici, per evitare che simili episodi possano ripetersi.&#8221; &#8220;Come Regione Veneto, continueremo a fare tutto il possibile per garantire la sicurezza dei cittadini e dei turisti che scelgono le nostre splendide Dolomiti per le loro escursioni. Devo ringraziare ancora una volta gli eroi silenziosi che garantiscono la sicurezza di tanti turisti e appassionati di outdoor che frequentano le montagne del Veneto: il nostro Soccorso Alpino, il SUEM 118, ma voglio ricordare anche l\u2019impegno essenziale delle donne e degli uomini del SAGF, il Soccorso Alpino della Guardia di Finanza, la cui professionalit\u00e0 \u00e8 proverbiale, oltre agli sforzi dei Vigili del Fuoco, presenze costanti. Un sistema che mette in sinergia le diverse competenze: in Veneto \u00e8 un esempio di efficacia&#8221;, ha concluso il Presidente Zaia.<\/p>\n<p>&nbsp;<\/p>\n<p>&nbsp;<\/p>\n<p>********<\/p>\n","protected":false},"excerpt":{"rendered":"<p>******* &nbsp; VENEZIA &#8220;L&#8217;episodio avvenuto questa mattina nei pressi del rifugio Vandelli sul Sorapis, dove un drone ha impedito il decollo dell\u2019elicottero Falco1 del SUEM 118, \u00e8 estremamente grave e assolutamente inaccettabile. Condanno con forza l&#8217;irresponsabilit\u00e0 di chi ha manovrato il drone, mettendo a rischio la vita dell&#8217;escursionista ferita e intralciando il lavoro delle squadre&hellip;<\/p>\n","protected":false},"author":4,"featured_media":364512,"comment_status":"closed","ping_status":"closed","sticky":false,"template":"","format":"standard","meta":{"_monsterinsights_skip_tracking":false,"_monsterinsights_sitenote_active":false,"_monsterinsights_sitenote_note":"","_monsterinsights_sitenote_category":0,"footnotes":""},"categories":[104,49],"tags":[],"class_list":["post-404921","post","type-post","status-publish","format-standard","has-post-thumbnail","hentry","category-evidenza_3","category-news-18","category-104","category-49","description-off"],"img_url":"https:\/\/www.radiopiu.net\/wordpress\/wp-content\/uploads\/2023\/12\/zaia-2023-scaled.jpg","_links":{"self":[{"href":"https:\/\/www.radiopiu.net\/wordpress\/wp-json\/wp\/v2\/posts\/404921","targetHints":{"allow":["GET"]}}],"collection":[{"href":"https:\/\/www.radiopiu.net\/wordpress\/wp-json\/wp\/v2\/posts"}],"about":[{"href":"https:\/\/www.radiopiu.net\/wordpress\/wp-json\/wp\/v2\/types\/post"}],"author":[{"embeddable":true,"href":"https:\/\/www.radiopiu.net\/wordpress\/wp-json\/wp\/v2\/users\/4"}],"replies":[{"embeddable":true,"href":"https:\/\/www.radiopiu.net\/wordpress\/wp-json\/wp\/v2\/comments?post=404921"}],"version-history":[{"count":1,"href":"https:\/\/www.radiopiu.net\/wordpress\/wp-json\/wp\/v2\/posts\/404921\/revisions"}],"predecessor-version":[{"id":404922,"href":"https:\/\/www.radiopiu.net\/wordpress\/wp-json\/wp\/v2\/posts\/404921\/revisions\/404922"}],"wp:featuredmedia":[{"embeddable":true,"href":"https:\/\/www.radiopiu.net\/wordpress\/wp-json\/wp\/v2\/media\/364512"}],"wp:attachment":[{"href":"https:\/\/www.radiopiu.net\/wordpress\/wp-json\/wp\/v2\/media?parent=404921"}],"wp:term":[{"taxonomy":"category","embeddable":true,"href":"https:\/\/www.radiopiu.net\/wordpress\/wp-json\/wp\/v2\/categories?post=404921"},{"taxonomy":"post_tag","embeddable":true,"href":"https:\/\/www.radiopiu.net\/wordpress\/wp-json\/wp\/v2\/tags?post=404921"}],"curies":[{"name":"wp","href":"https:\/\/api.w.org\/{rel}","templated":true}]}}