{"id":404989,"date":"2024-08-13T07:55:05","date_gmt":"2024-08-13T05:55:05","guid":{"rendered":"https:\/\/www.radiopiu.net\/wordpress\/?p=404989"},"modified":"2024-08-13T08:02:32","modified_gmt":"2024-08-13T06:02:32","slug":"dal-1983-la-rassegna-stampa-locale-di-mirko-mezzacasa-39","status":"publish","type":"post","link":"https:\/\/www.radiopiu.net\/wordpress\/dal-1983-la-rassegna-stampa-locale-di-mirko-mezzacasa-39\/","title":{"rendered":"DAL 1983 LA RASSEGNA STAMPA LOCALE di mirko mezzacasa"},"content":{"rendered":"<p>***<\/p>\n<p>OGGI ALLA RADIO&#8230;. ALLE 4 E ALLE 6 LE NOTIZIE DALL&#8217;ITALIA E DAL MONDO 6.15 PIROLE DE LENGA A CURA DEL MUSLA 7.10 OGGI IL GIRO PODISTICO DI FALCADE, NE PARLIAMO CON MATTEO CAGNATI PRESIDENTE SCI CLUB VAL BIOIS \u00a07.20 EL BAL DEL FIORI, DETTI E TRADIZIONI DI GIULIANA DA RONCH 8.05 LA RASSEGNA STAMPA LOCALE 8.30 PIU SIAMO CON MARINA\u00a0\u00a0 9.00 LA MUSICA COUNTRY DI ALEX NASCINBEN\u00a09.30 VIABILITA&#8217; CON BOTOL CAR SERVICE (AGORDO-SEDICO-FELTRE)\u00a0 10.10 MUSLA, DINTORN E FORA VIA, LE NOVE IN LADIN 10.30\u00a0 VOCI RIBELLI CON ALESSIA DALL&#8217;O, ULTIMA PUNTATA SECONDO CICLO \u00a011.10 LA STORIA DEL FESTIVALBAR DI MIRCO BENCIVENNI 12.00 VA TUTTO LISCIO\u00a0 12.30 GIORNALE RADIO PRINCIPALE\u00a0 \u00a013.20 TRE PEZZI DI MARINA DONA&#8217;\u00a0 \u00a014.00\u00a0 ZAINO IN SPALLA CON CLAUDIO PRA ED EGA GABRIELI\u00a0 15.00\u00a0 PIU&#8217; MUSICA DI MARINA DONA&#8217;\u00a0 \u00a0 16 IL ROCK DI MARCO COSTANTINI 1645 LE HIT DI MIRCO BENCIVENNI 18.00 PIU&#8217; DANCE LE SELEZIONI CHE FANNO SALTARE DI DJ JACK, JACOPO DEL TEDESCO\u00a0\u00a019 LE ANTICIPAZIONI DAL TG DI ANTENNA 3 DI TIZIANA BOLOGNANI<br \/>\nDALLE 18 SUI CANALI SOCIAL DIRETTA DA FALCADE, IL GIRO PODISTICO<\/p>\n<p>&nbsp;<\/p>\n<p><iframe loading=\"lazy\" title=\"DAL 1983 LA RASSEGNA STAMPA LOCALE di mirko mezzacasa. L&#039;ORIGINALE\" width=\"1200\" height=\"675\" src=\"https:\/\/www.youtube.com\/embed\/ujS-hx52dpI?feature=oembed\" frameborder=\"0\" allow=\"accelerometer; autoplay; clipboard-write; encrypted-media; gyroscope; picture-in-picture; web-share\" referrerpolicy=\"strict-origin-when-cross-origin\" allowfullscreen><\/iframe><\/p>\n<p>AGORDO\u00a0 Oggi, dalle ore 8 alle ore 17, verr\u00e0 sospesa l\u2019erogazione dell\u2019acqua ad AGORDO, nelle localit\u00e0 VALCOZZENA e GIOVE e presso lo STABILIMENTO LUXOTTICA.<br \/>\nOGGI I FUNERALI DI DON MARIO ZANON<br \/>\nTAIBON Si svolgeranno questa mattina alle 10 nella chiesa di Taibon i funerali di Don Mario Zanon. Dopo il rito funebre Don Mario verr\u00e0 portato al cimitero di Lamosano.<br \/>\nA MADONNA DI CAMPIGLIO I FUNERALI DI LUDOVICO VANOLI<br \/>\nMADONNA DI CAMPIGLIO (TN) Saranno celebrati oggi alle 15 a Madonna di Campiglio i funerali di Ludovico Vanoli, il base jumper che ha perso la vita con la sua tuta alare in Val Corpassa sotto al Civetta.<br \/>\nDRONE BLOCCA ELICOTTERO DI SOCCORSO. ZAIA: LA MONTAGNA NON E&#8217; UN PARCO DIVERTIMENTI ALL&#8217;APERTO<br \/>\nUn drone ha interferito con un\u2019operazione di soccorso al Rifugio Vandelli, ritardando il decollo dell\u2019elisoccorso. Il Soccorso Alpino e il presidente veneto Zaia chiedono norme pi\u00f9 severe per garantire la sicurezza durante le operazioni di soccorso in montagna.<br \/>\nGrave la 31 enne investita in bicicletta<br \/>\nSANTA GIUSTINA Resta in gravi condizioni la 31enne ferita in un incidente stradale a Borgo Valbelluna. La donna, in bicicletta, ha colliso con una Fiat Panda guidata da un&#8217;anziana. Trasferita in elicottero, \u00e8 ricoverata in terapia intensiva a Treviso.<br \/>\nSotto sequestro il Kangoo di Tres<br \/>\nTREVISO La procura di Treviso ha sequestrato il furgone in cui \u00e8 stato trovato morto Mimmo Tres, quarantenne di Mel. L&#8217;autopsia chiarir\u00e0 le cause del decesso, probabilmente avvenuto per un malore. Il corpo, scoperto domenica mattina, non presentava segni di violenza.<\/p>\n<p>AUTO IN FIAMME A SEDICO. NESSUN FERITO<br \/>\nSEDICO I vigili del fuoco sono stati impegnati alle 11:30 di ieri per un&#8217;auto in fiamme in viale Venezia, a Sedico: nessuna persona coinvolta. La squadra dei vigili del fuoco accorsa dalla centrale di Belluno ha provveduto a spegnere le fiamme che avevano coinvolto la parte anteriore del veicolo. Sul posto la polizia locale e i carabinieri. L&#8217;intervento dei vigili del fuoco \u00e8 terminato dopo circa un&#8217;ora<br \/>\nTaibon, un escursionista 66enne di Ferrara si \u00e8 infortunato a una caviglia sul sentiero sotto il Rifugio Tissi; \u00e8 stato recuperato dall&#8217;elicottero del Suem e portato all&#8217;ospedale di Agordo.<br \/>\nAuronzo, un 68enne di Rufina ha subito un trauma al ginocchio mentre camminava con la moglie vicino alla borgata di Tarin; \u00e8 stato immobilizzato e trasportato in elicottero a Pieve di Cadore. Cortina, una 51enne di Mantova si \u00e8 ferita a un piede vicino al lago del Sorapis, ma il decollo dell&#8217;elicottero \u00e8 stato ritardato a causa della presenza di un drone, evidenziando i pericoli associati.<br \/>\nCortina, una 56enne di Padova si \u00e8 infortunata alla caviglia durante un&#8217;escursione ed \u00e8 stata portata al Putti. A San Vito di Cadore, un 61enne di Calenzano \u00e8 caduto su una parete rocciosa, riportando un possibile trauma al bacino, ed \u00e8 stato trasportato a Belluno, insieme alla compagna sotto shock. Infine, in Val di Zoldo, un 33enne di Spinea \u00e8 caduto ferendosi alla testa e, dopo essere stato medicato, \u00e8 stato trasferito in ospedale con la compagna.<br \/>\nCORTINA Verso le 18 di ieri una squadra del Soccorso alpino di Cortina \u00e8 stata inviata in Val Padeon, a seguito della segnalazione di un passante che si era imbattuto in un ciclista infortunato ed era sceso a cercare campo per chiamare aiuto. Saliti con il fuoristrada seguendo le coordinate ricevute, i soccorritori hanno raggiunto il 48enne di Monte San Pietro (BO), che nella caduta dalla propria mountain bike aveva riportato un sospetto trauma alla spalla, e lo hanno trasportato all&#8217;ospedale di Cortina.<\/p>\n<p>3<br \/>\nAURONZO\u00a0 Passo Tre Croci,\u00a0 uno statunitense di 53 anni \u00e8 caduto in bicicletta. E&#8217; stato elitrasportato a Belluno con ferite di media gravit\u00e0.<br \/>\nPoco prima di mezzogiorno il secondo intervento al Rifugio Auronzo. Anche in questo caso un incidente in bicletta che ha coinvolto una donna che \u00e8 stata elitrasportata a Brunico dall&#8217;elicottero dell&#8217;Aiut Alpin Dolomites.<br \/>\nBELLUNO All&#8217;Ospedale San Martino di Belluno \u00e8 stata inaugurata una nuova Risonanza Magnetica di ultima generazione, dotata di intelligenza artificiale per migliorare i percorsi diagnostici. L&#8217;investimento, di 2,1 milioni di euro, \u00e8 stato finanziato con fondi regionali e del PNRR. Questa innovazione tecnologica, che permette di ottenere immagini di alta qualit\u00e0 in tempi ridotti, rappresenta un importante passo avanti per la sanit\u00e0 locale. L&#8217;assessore regionale Manuela Lanzarin ha sottolineato l&#8217;importanza di tali investimenti per migliorare la qualit\u00e0 delle cure e la vita dei pazienti.<br \/>\nEsercitazione di evacuazione alla cabinovia Portados<br \/>\nLIVINALLONGO\u00a0 \u00a0 L&#8217;iniziativa l&#8217;ha organizzata per sabato la stazione di Livinallongo\/Fodom del soccorso alpino, in occasione dell&#8217;anniversario dei 70 anni dalla nascita del soccorso alpino nazionale. L&#8217;appuntamento \u00e8 per sabato alle 17 alla stazione di partenza della cabinovia Portados, nella zona degli impianti di Portavescovo.<br \/>\nBELLUNO Ancora la gestione e il futuro di Fondazione Teatri nel mirino della minoranza del capoluogo. Dopo le mancate risposte in consiglio comunale, il gruppo Insieme per Belluno Bene Comune scrive a Fondazione Cariverona per avere chiarimenti sulla modifica dello statuto.<\/p>\n","protected":false},"excerpt":{"rendered":"<p>*** OGGI ALLA RADIO&#8230;. ALLE 4 E ALLE 6 LE NOTIZIE DALL&#8217;ITALIA E DAL MONDO 6.15 PIROLE DE LENGA A CURA DEL MUSLA 7.10 OGGI IL GIRO PODISTICO DI FALCADE, NE PARLIAMO CON MATTEO CAGNATI PRESIDENTE SCI CLUB VAL BIOIS \u00a07.20 EL BAL DEL FIORI, DETTI E TRADIZIONI DI GIULIANA DA RONCH 8.05 LA RASSEGNA&hellip;<\/p>\n","protected":false},"author":4,"featured_media":404976,"comment_status":"closed","ping_status":"closed","sticky":false,"template":"","format":"standard","meta":{"_monsterinsights_skip_tracking":false,"_monsterinsights_sitenote_active":false,"_monsterinsights_sitenote_note":"","_monsterinsights_sitenote_category":0,"footnotes":""},"categories":[104,49,142],"tags":[],"class_list":["post-404989","post","type-post","status-publish","format-standard","has-post-thumbnail","hentry","category-evidenza_3","category-news-18","category-rassegna-stampa","category-104","category-49","category-142","description-off"],"img_url":"https:\/\/www.radiopiu.net\/wordpress\/wp-content\/uploads\/2024\/08\/Senza-nome-45.png","_links":{"self":[{"href":"https:\/\/www.radiopiu.net\/wordpress\/wp-json\/wp\/v2\/posts\/404989","targetHints":{"allow":["GET"]}}],"collection":[{"href":"https:\/\/www.radiopiu.net\/wordpress\/wp-json\/wp\/v2\/posts"}],"about":[{"href":"https:\/\/www.radiopiu.net\/wordpress\/wp-json\/wp\/v2\/types\/post"}],"author":[{"embeddable":true,"href":"https:\/\/www.radiopiu.net\/wordpress\/wp-json\/wp\/v2\/users\/4"}],"replies":[{"embeddable":true,"href":"https:\/\/www.radiopiu.net\/wordpress\/wp-json\/wp\/v2\/comments?post=404989"}],"version-history":[{"count":2,"href":"https:\/\/www.radiopiu.net\/wordpress\/wp-json\/wp\/v2\/posts\/404989\/revisions"}],"predecessor-version":[{"id":405007,"href":"https:\/\/www.radiopiu.net\/wordpress\/wp-json\/wp\/v2\/posts\/404989\/revisions\/405007"}],"wp:featuredmedia":[{"embeddable":true,"href":"https:\/\/www.radiopiu.net\/wordpress\/wp-json\/wp\/v2\/media\/404976"}],"wp:attachment":[{"href":"https:\/\/www.radiopiu.net\/wordpress\/wp-json\/wp\/v2\/media?parent=404989"}],"wp:term":[{"taxonomy":"category","embeddable":true,"href":"https:\/\/www.radiopiu.net\/wordpress\/wp-json\/wp\/v2\/categories?post=404989"},{"taxonomy":"post_tag","embeddable":true,"href":"https:\/\/www.radiopiu.net\/wordpress\/wp-json\/wp\/v2\/tags?post=404989"}],"curies":[{"name":"wp","href":"https:\/\/api.w.org\/{rel}","templated":true}]}}