{"id":405054,"date":"2024-08-14T05:45:05","date_gmt":"2024-08-14T03:45:05","guid":{"rendered":"https:\/\/www.radiopiu.net\/wordpress\/?p=405054"},"modified":"2024-08-14T05:53:29","modified_gmt":"2024-08-14T03:53:29","slug":"larchivio-del-vajont-resta-a-belluno-arriva-lufficialita-del-ministero","status":"publish","type":"post","link":"https:\/\/www.radiopiu.net\/wordpress\/larchivio-del-vajont-resta-a-belluno-arriva-lufficialita-del-ministero\/","title":{"rendered":"L&#8217;ARCHIVIO DEL VAJONT RESTA A BELLUNO. ARRIVA L&#8217;UFFICIALITA&#8217; DEL MINISTERO"},"content":{"rendered":"<p>******<\/p>\n<p>&nbsp;<\/p>\n<p><strong><a class=\"dt-pswp-item\" href=\"https:\/\/www.radiopiu.net\/wordpress\/wp-content\/uploads\/2021\/10\/VAJONT-GIORNO-DOPO-FOTO-ZANFRON.png\" data-dt-img-description=\"\" data-large_image_width=\"1196\" data-large_image_height=\"804\"><img loading=\"lazy\" decoding=\"async\" class=\" wp-image-236216 alignleft\" src=\"https:\/\/www.radiopiu.net\/wordpress\/wp-content\/uploads\/2021\/10\/VAJONT-GIORNO-DOPO-FOTO-ZANFRON-300x202.png\" alt=\"\" width=\"190\" height=\"128\" srcset=\"https:\/\/www.radiopiu.net\/wordpress\/wp-content\/uploads\/2021\/10\/VAJONT-GIORNO-DOPO-FOTO-ZANFRON-300x202.png 300w, https:\/\/www.radiopiu.net\/wordpress\/wp-content\/uploads\/2021\/10\/VAJONT-GIORNO-DOPO-FOTO-ZANFRON-1024x688.png 1024w, https:\/\/www.radiopiu.net\/wordpress\/wp-content\/uploads\/2021\/10\/VAJONT-GIORNO-DOPO-FOTO-ZANFRON-768x516.png 768w, https:\/\/www.radiopiu.net\/wordpress\/wp-content\/uploads\/2021\/10\/VAJONT-GIORNO-DOPO-FOTO-ZANFRON.png 1196w\" sizes=\"auto, (max-width: 190px) 100vw, 190px\" \/><\/a>LONGARONE<\/strong> \u00abColtivare la memoria significa rispettare la sensibilit\u00e0 dei territori, in particolare di superstiti, sopravvissuti e di un\u2019intera comunit\u00e0 che affonda le sue radici nel disastro del Vajont e nella rinascita &#8211; dolorosa e complicata &#8211; che ne \u00e8 seguita. La notizia di oggi \u00e8 un ottimo modo per continuare a coltivare la memoria\u00bb. Lo dice il sindaco di Longarone Roberto Padrin, commentando la conferma arrivata dal Ministero del fatto che i fascicoli processuali del Vajont rimarranno a Belluno, conservati nell\u2019Archivio di Stato, e non dovranno tornare all\u2019Aquila. \u00abSi conclude un lungo lavoro portato avanti dalla Fondazione Vajont, dal Comune di Longarone e dall\u2019Archivio di Stato di Belluno. Una sinergia che ha prodotto non solo le condizioni per far s\u00ec che le carte del Vajont rimanessero sul territorio, anche fisicamente vicino chi quel disastro l\u2019ha subito e vissuto sulla propria pelle, ma anche il tessuto culturale per creare una rete istituzionale utile a coltivare e tramandare la memoria\u00bb. La conferma \u00e8 arrivata dal sottosegretario alla Cultura Gianmarco Mazzi, che il sindaco Padrin aveva incontrato qualche giorno fa a margine delle cerimonie di Cima Grappa. \u00abSono state rispettate le volont\u00e0 di Longarone e anche del presidente Mattarella. Credo anzi che questa decisione sia figlia non solo del lavoro congiunto del territorio ma anche delle cerimonie del 9 ottobre, durante le quali proprio il Capo dello Stato aveva espresso una posizione netta in tal senso, dicendo che \u201cQuel che attiene alla memoria deve essere conservato nel luogo dove il disastro \u00e8 avvenuto\u201d\u00bb continua il sindaco Padrin. \u00abTra qualche settimana la digitalizzazione delle carte processuali, quindi una copia dei documenti, sar\u00e0 a disposizione di tutti sul portale del Ministero\u00bb.<br \/>\n\u00abLe carte rimarranno a Belluno &#8211; conclude Padrin -. E questo, come avevo avuto modo di dire qualche mese fa, \u00e8 fondamentale per coltivare la memoria del disastro e prendersi cura anche emotivamente di chi il disastro l\u2019ha subito, perch\u00e9 sulle carte processuali, fatte di immagini e atti ufficiali, la comunit\u00e0 di Longarone ha un punto di riferimento, un appiglio, quasi una bussola con cui orientarsi\u00bb.<\/p>\n<p>&nbsp;<\/p>\n<p>&nbsp;<\/p>\n<p>********<\/p>\n","protected":false},"excerpt":{"rendered":"<p>****** &nbsp; LONGARONE \u00abColtivare la memoria significa rispettare la sensibilit\u00e0 dei territori, in particolare di superstiti, sopravvissuti e di un\u2019intera comunit\u00e0 che affonda le sue radici nel disastro del Vajont e nella rinascita &#8211; dolorosa e complicata &#8211; che ne \u00e8 seguita. La notizia di oggi \u00e8 un ottimo modo per continuare a coltivare la&hellip;<\/p>\n","protected":false},"author":4,"featured_media":356135,"comment_status":"closed","ping_status":"closed","sticky":false,"template":"","format":"standard","meta":{"_monsterinsights_skip_tracking":false,"_monsterinsights_sitenote_active":false,"_monsterinsights_sitenote_note":"","_monsterinsights_sitenote_category":0,"footnotes":""},"categories":[51,49],"tags":[],"class_list":["post-405054","post","type-post","status-publish","format-standard","has-post-thumbnail","hentry","category-evidenza-top","category-news-18","category-51","category-49","description-off"],"img_url":"https:\/\/www.radiopiu.net\/wordpress\/wp-content\/uploads\/2023\/10\/VAJONT-GIORNO-DOPO-FOTO-ZANFRON.png","_links":{"self":[{"href":"https:\/\/www.radiopiu.net\/wordpress\/wp-json\/wp\/v2\/posts\/405054","targetHints":{"allow":["GET"]}}],"collection":[{"href":"https:\/\/www.radiopiu.net\/wordpress\/wp-json\/wp\/v2\/posts"}],"about":[{"href":"https:\/\/www.radiopiu.net\/wordpress\/wp-json\/wp\/v2\/types\/post"}],"author":[{"embeddable":true,"href":"https:\/\/www.radiopiu.net\/wordpress\/wp-json\/wp\/v2\/users\/4"}],"replies":[{"embeddable":true,"href":"https:\/\/www.radiopiu.net\/wordpress\/wp-json\/wp\/v2\/comments?post=405054"}],"version-history":[{"count":1,"href":"https:\/\/www.radiopiu.net\/wordpress\/wp-json\/wp\/v2\/posts\/405054\/revisions"}],"predecessor-version":[{"id":405055,"href":"https:\/\/www.radiopiu.net\/wordpress\/wp-json\/wp\/v2\/posts\/405054\/revisions\/405055"}],"wp:featuredmedia":[{"embeddable":true,"href":"https:\/\/www.radiopiu.net\/wordpress\/wp-json\/wp\/v2\/media\/356135"}],"wp:attachment":[{"href":"https:\/\/www.radiopiu.net\/wordpress\/wp-json\/wp\/v2\/media?parent=405054"}],"wp:term":[{"taxonomy":"category","embeddable":true,"href":"https:\/\/www.radiopiu.net\/wordpress\/wp-json\/wp\/v2\/categories?post=405054"},{"taxonomy":"post_tag","embeddable":true,"href":"https:\/\/www.radiopiu.net\/wordpress\/wp-json\/wp\/v2\/tags?post=405054"}],"curies":[{"name":"wp","href":"https:\/\/api.w.org\/{rel}","templated":true}]}}