{"id":405077,"date":"2024-08-14T05:48:00","date_gmt":"2024-08-14T03:48:00","guid":{"rendered":"https:\/\/www.radiopiu.net\/wordpress\/?p=405077"},"modified":"2024-08-14T05:52:38","modified_gmt":"2024-08-14T03:52:38","slug":"due-malori-in-rifugio-rintrata-la-ricerca-di-unescursionista-statunitense","status":"publish","type":"post","link":"https:\/\/www.radiopiu.net\/wordpress\/due-malori-in-rifugio-rintrata-la-ricerca-di-unescursionista-statunitense\/","title":{"rendered":"DUE MALORI IN RIFUGIO. RINTRATA LA RICERCA DI UN&#8217;ESCURSIONISTA STATUNITENSE"},"content":{"rendered":"<p>*******<\/p>\n<p>&nbsp;<\/p>\n<p><strong><a class=\"dt-pswp-item\" href=\"https:\/\/www.radiopiu.net\/wordpress\/wp-content\/uploads\/2024\/08\/SALT.jpg\" data-dt-img-description=\"\" data-large_image_width=\"2048\" data-large_image_height=\"1536\"><img loading=\"lazy\" decoding=\"async\" class=\" wp-image-404421 alignleft\" src=\"https:\/\/www.radiopiu.net\/wordpress\/wp-content\/uploads\/2024\/08\/SALT-300x225.jpg\" alt=\"\" width=\"211\" height=\"158\" srcset=\"https:\/\/www.radiopiu.net\/wordpress\/wp-content\/uploads\/2024\/08\/SALT-300x225.jpg 300w, https:\/\/www.radiopiu.net\/wordpress\/wp-content\/uploads\/2024\/08\/SALT-1024x768.jpg 1024w, https:\/\/www.radiopiu.net\/wordpress\/wp-content\/uploads\/2024\/08\/SALT-768x576.jpg 768w, https:\/\/www.radiopiu.net\/wordpress\/wp-content\/uploads\/2024\/08\/SALT-1536x1152.jpg 1536w, https:\/\/www.radiopiu.net\/wordpress\/wp-content\/uploads\/2024\/08\/SALT.jpg 2048w\" sizes=\"auto, (max-width: 211px) 100vw, 211px\" \/><\/a>BELLUNO<\/strong> Questa mattina alle 9.20 la Centrale del 118 \u00e8 stata attivata per un uomo colto da malore al Rifugio Bristot, sull&#8217;Alpe del Nevegal. Le condizioni del 79enne di Belluno sono state valutate dal personale medico di Falco 2. Imbarcato, \u00e8 stato trasportato al San Martino per le cure del caso. Per eventuale supporto alle operazioni era disponibile un soccorritore di Belluno arrivato con il quad.<\/p>\n<p><strong>ROCCA PIETORE <\/strong>Attorno alle 11 l&#8217;elicottero del Suem di Pieve di Cadore \u00e8 volato a Rocca Pietore dove, poco sotto Malga Ombretta, una 55enne di Treviso si era sentita poco bene, sul posto anche personale del Soccorso alpino della Val Pettorina. La donna, che si trovava con il marito, \u00e8 stata accompagnata all&#8217;ospedale di Agordo.<\/p>\n<p><strong>FALCADE <\/strong>\u00c8 fortunatamente rientrata la ricerca di una escursionista statunitense in cammino sull&#8217;Alta Via numero 2, della quale il compagno non aveva pi\u00f9 notizie da ieri. Su richiesta della gestrice del Rifugio Dal Piaz, contattata questa mattina dall&#8217;uomo preoccupato per il prolungato silenzio e dal cellulare irraggiungibile, la Centrale del 118 aveva verificato che la 38enne di New York tra sabato e luned\u00ec aveva pernottato al Rifugio Mulaz. Dalla sue informazioni, la meta successiva doveva essere a 8 chilometri di distanza e trattarsi del Rifugio Rosetta, dove per\u00f2 non era mai arrivata. Imbarcata dall&#8217;elicottero dell&#8217;Air service center, convenzionato con il Soccorso alpino Dolomiti Bellunesi, una squadra della Val Biois ha perlustrato il sentiero che dalle Farangole porta al Rosetta, passando sulle valli laterali e sul sentiero sull&#8217;Altopiano delle Pale con esito negativo. Da una verifica ulteriore al pi\u00f9 distante Rifugio Pradidali, nel frattempo si \u00e8 poi appurato che la donna aveva passato l\u00ec la notte. Verso le 13.30 \u00e8 stata lei stessa a rispondere finalmente ai messaggi, dicendo che stava bene, aveva raggiunto il Rosetta e che non aveva avuto campo per comunicare in precedenza. L&#8217;allarme \u00e8 quindi cessato. Passato mezzogiorno Falco \u00e8 intervenuto per un altro malore a Cortina e ha recuperato una escursionista che si era sentita poco bene, scendendo dal Col Ros\u00e0. La donna, 57 anni di Villabassa (BZ), \u00e8 stata portata a Belluno.<\/p>\n<p>&nbsp;<\/p>\n<p>&nbsp;<\/p>\n<p>*****<\/p>\n","protected":false},"excerpt":{"rendered":"<p>******* &nbsp; BELLUNO Questa mattina alle 9.20 la Centrale del 118 \u00e8 stata attivata per un uomo colto da malore al Rifugio Bristot, sull&#8217;Alpe del Nevegal. Le condizioni del 79enne di Belluno sono state valutate dal personale medico di Falco 2. Imbarcato, \u00e8 stato trasportato al San Martino per le cure del caso. Per eventuale&hellip;<\/p>\n","protected":false},"author":4,"featured_media":404421,"comment_status":"closed","ping_status":"closed","sticky":false,"template":"","format":"standard","meta":{"_monsterinsights_skip_tracking":false,"_monsterinsights_sitenote_active":false,"_monsterinsights_sitenote_note":"","_monsterinsights_sitenote_category":0,"footnotes":""},"categories":[51,49],"tags":[],"class_list":["post-405077","post","type-post","status-publish","format-standard","has-post-thumbnail","hentry","category-evidenza-top","category-news-18","category-51","category-49","description-off"],"img_url":"https:\/\/www.radiopiu.net\/wordpress\/wp-content\/uploads\/2024\/08\/SALT.jpg","_links":{"self":[{"href":"https:\/\/www.radiopiu.net\/wordpress\/wp-json\/wp\/v2\/posts\/405077","targetHints":{"allow":["GET"]}}],"collection":[{"href":"https:\/\/www.radiopiu.net\/wordpress\/wp-json\/wp\/v2\/posts"}],"about":[{"href":"https:\/\/www.radiopiu.net\/wordpress\/wp-json\/wp\/v2\/types\/post"}],"author":[{"embeddable":true,"href":"https:\/\/www.radiopiu.net\/wordpress\/wp-json\/wp\/v2\/users\/4"}],"replies":[{"embeddable":true,"href":"https:\/\/www.radiopiu.net\/wordpress\/wp-json\/wp\/v2\/comments?post=405077"}],"version-history":[{"count":1,"href":"https:\/\/www.radiopiu.net\/wordpress\/wp-json\/wp\/v2\/posts\/405077\/revisions"}],"predecessor-version":[{"id":405078,"href":"https:\/\/www.radiopiu.net\/wordpress\/wp-json\/wp\/v2\/posts\/405077\/revisions\/405078"}],"wp:featuredmedia":[{"embeddable":true,"href":"https:\/\/www.radiopiu.net\/wordpress\/wp-json\/wp\/v2\/media\/404421"}],"wp:attachment":[{"href":"https:\/\/www.radiopiu.net\/wordpress\/wp-json\/wp\/v2\/media?parent=405077"}],"wp:term":[{"taxonomy":"category","embeddable":true,"href":"https:\/\/www.radiopiu.net\/wordpress\/wp-json\/wp\/v2\/categories?post=405077"},{"taxonomy":"post_tag","embeddable":true,"href":"https:\/\/www.radiopiu.net\/wordpress\/wp-json\/wp\/v2\/tags?post=405077"}],"curies":[{"name":"wp","href":"https:\/\/api.w.org\/{rel}","templated":true}]}}