{"id":405296,"date":"2024-08-15T20:00:30","date_gmt":"2024-08-15T18:00:30","guid":{"rendered":"https:\/\/www.radiopiu.net\/wordpress\/?p=405296"},"modified":"2024-08-16T05:17:54","modified_gmt":"2024-08-16T03:17:54","slug":"la-40esima-edizione-del-palio-dei-cento","status":"publish","type":"post","link":"https:\/\/www.radiopiu.net\/wordpress\/la-40esima-edizione-del-palio-dei-cento\/","title":{"rendered":"LA 40ESIMA EDIZIONE DEL PALIO DEI CENTO"},"content":{"rendered":"<p>******<\/p>\n<p>&nbsp;<\/p>\n<p><a class=\"dt-pswp-item\" href=\"https:\/\/www.radiopiu.net\/wordpress\/wp-content\/uploads\/2024\/08\/PALIO-scaled.jpg\" data-dt-img-description=\"IL PALIO DEI CENTO AD AGORDO\" data-large_image_width=\"1817\" data-large_image_height=\"2560\"><img loading=\"lazy\" decoding=\"async\" class=\"wp-image-402899  alignleft\" src=\"https:\/\/www.radiopiu.net\/wordpress\/wp-content\/uploads\/2024\/08\/PALIO-213x300.jpg\" alt=\"\" width=\"139\" height=\"196\" srcset=\"https:\/\/www.radiopiu.net\/wordpress\/wp-content\/uploads\/2024\/08\/PALIO-213x300.jpg 213w, https:\/\/www.radiopiu.net\/wordpress\/wp-content\/uploads\/2024\/08\/PALIO-727x1024.jpg 727w, https:\/\/www.radiopiu.net\/wordpress\/wp-content\/uploads\/2024\/08\/PALIO-768x1082.jpg 768w, https:\/\/www.radiopiu.net\/wordpress\/wp-content\/uploads\/2024\/08\/PALIO-1090x1536.jpg 1090w, https:\/\/www.radiopiu.net\/wordpress\/wp-content\/uploads\/2024\/08\/PALIO-1454x2048.jpg 1454w, https:\/\/www.radiopiu.net\/wordpress\/wp-content\/uploads\/2024\/08\/PALIO-scaled.jpg 1817w\" sizes=\"auto, (max-width: 139px) 100vw, 139px\" \/><\/a><strong>DI MIRKO MEZZACASA<\/strong><\/p>\n<p>OSPITI: Fiorendo Dalla C\u00e0, Matteo Chissal\u00e8, Giorgio Da Pr\u00e0, Alessandra Da Ronch<\/p>\n<audio class=\"wp-audio-shortcode\" id=\"audio-405296-1\" preload=\"none\" style=\"width: 100%;\" controls=\"controls\"><source type=\"audio\/mpeg\" src=\"https:\/\/www.radiopiu.net\/wordpress\/wp-content\/uploads\/2024\/08\/intervista-palio-di-agordo.mp3?_=1\" \/><a href=\"https:\/\/www.radiopiu.net\/wordpress\/wp-content\/uploads\/2024\/08\/intervista-palio-di-agordo.mp3\">https:\/\/www.radiopiu.net\/wordpress\/wp-content\/uploads\/2024\/08\/intervista-palio-di-agordo.mp3<\/a><\/audio>\n<p>&nbsp;<\/p>\n<p>&nbsp;<\/p>\n<p>********<\/p>\n","protected":false},"excerpt":{"rendered":"<p>****** &nbsp; DI MIRKO MEZZACASA OSPITI: Fiorendo Dalla C\u00e0, Matteo Chissal\u00e8, Giorgio Da Pr\u00e0, Alessandra Da Ronch &nbsp; &nbsp; ********<\/p>\n","protected":false},"author":4,"featured_media":349690,"comment_status":"closed","ping_status":"closed","sticky":false,"template":"","format":"standard","meta":{"_monsterinsights_skip_tracking":false,"_monsterinsights_sitenote_active":false,"_monsterinsights_sitenote_note":"","_monsterinsights_sitenote_category":0,"footnotes":""},"categories":[104,49],"tags":[],"class_list":["post-405296","post","type-post","status-publish","format-standard","has-post-thumbnail","hentry","category-evidenza_3","category-news-18","category-104","category-49","description-off"],"img_url":"https:\/\/www.radiopiu.net\/wordpress\/wp-content\/uploads\/2023\/08\/Palio-Anteprima-023-scaled.jpg","_links":{"self":[{"href":"https:\/\/www.radiopiu.net\/wordpress\/wp-json\/wp\/v2\/posts\/405296","targetHints":{"allow":["GET"]}}],"collection":[{"href":"https:\/\/www.radiopiu.net\/wordpress\/wp-json\/wp\/v2\/posts"}],"about":[{"href":"https:\/\/www.radiopiu.net\/wordpress\/wp-json\/wp\/v2\/types\/post"}],"author":[{"embeddable":true,"href":"https:\/\/www.radiopiu.net\/wordpress\/wp-json\/wp\/v2\/users\/4"}],"replies":[{"embeddable":true,"href":"https:\/\/www.radiopiu.net\/wordpress\/wp-json\/wp\/v2\/comments?post=405296"}],"version-history":[{"count":1,"href":"https:\/\/www.radiopiu.net\/wordpress\/wp-json\/wp\/v2\/posts\/405296\/revisions"}],"predecessor-version":[{"id":405311,"href":"https:\/\/www.radiopiu.net\/wordpress\/wp-json\/wp\/v2\/posts\/405296\/revisions\/405311"}],"wp:featuredmedia":[{"embeddable":true,"href":"https:\/\/www.radiopiu.net\/wordpress\/wp-json\/wp\/v2\/media\/349690"}],"wp:attachment":[{"href":"https:\/\/www.radiopiu.net\/wordpress\/wp-json\/wp\/v2\/media?parent=405296"}],"wp:term":[{"taxonomy":"category","embeddable":true,"href":"https:\/\/www.radiopiu.net\/wordpress\/wp-json\/wp\/v2\/categories?post=405296"},{"taxonomy":"post_tag","embeddable":true,"href":"https:\/\/www.radiopiu.net\/wordpress\/wp-json\/wp\/v2\/tags?post=405296"}],"curies":[{"name":"wp","href":"https:\/\/api.w.org\/{rel}","templated":true}]}}