{"id":405320,"date":"2024-08-15T18:14:29","date_gmt":"2024-08-15T16:14:29","guid":{"rendered":"https:\/\/www.radiopiu.net\/wordpress\/?p=405320"},"modified":"2024-08-16T05:12:15","modified_gmt":"2024-08-16T03:12:15","slug":"dillo-a-radio-piu-quando-il-problema-del-traffico-non-si-vuole-risolvere","status":"publish","type":"post","link":"https:\/\/www.radiopiu.net\/wordpress\/dillo-a-radio-piu-quando-il-problema-del-traffico-non-si-vuole-risolvere\/","title":{"rendered":"DILLO A RADIO PIU&#8217;&#8230;QUANDO IL PROBLEMA DEL TRAFFICO NON SI VUOLE RISOLVERE"},"content":{"rendered":"<p>******<\/p>\n<p>&nbsp;<\/p>\n<p><a class=\"dt-pswp-item\" href=\"https:\/\/www.radiopiu.net\/wordpress\/wp-content\/uploads\/2020\/07\/Traffico_bassa.jpg\" data-dt-img-description=\"traffic jam or collapse with rows of cars and lorry at motorway autostrada road during rush hour\" data-large_image_width=\"630\" data-large_image_height=\"420\"><img loading=\"lazy\" decoding=\"async\" class=\"wp-image-148717  alignleft\" src=\"https:\/\/www.radiopiu.net\/wordpress\/wp-content\/uploads\/2020\/07\/Traffico_bassa-300x200.jpg\" alt=\"\" width=\"167\" height=\"111\" srcset=\"https:\/\/www.radiopiu.net\/wordpress\/wp-content\/uploads\/2020\/07\/Traffico_bassa-300x200.jpg 300w, https:\/\/www.radiopiu.net\/wordpress\/wp-content\/uploads\/2020\/07\/Traffico_bassa.jpg 630w\" sizes=\"auto, (max-width: 167px) 100vw, 167px\" \/><\/a><strong>RICEVIAMO E PUBBLICHIAMO<\/strong><\/p>\n<p>Per rispondere a Rodolfo Pellegrinon riguardo al traffico debbo dire che in un protocollo, da Consigliere di Minoranza, ho chiesto e proposto di valutare la fattibilit\u00e0 del progetto della galleria di Falcade Alto. Per tutta risposta la Giunta ha scritto che il progetto \u00e8 costoso. Rispondendo in questo modo dimostrano di non porsi nemmeno il problema di risolvere la questione annosa del traffico a Falcade Alto. Eppure di proposte negli anni ne sono state fatte, ma alla fine non si giunge mai a concretizzare nulla. Pur avendo un Assessore in Consiglio Regionale sembra che non se ne approfitti per smuovere e sbloccare fondi vari per progetti di viabilit\u00e0 primaria e secondaria. Quindi concordo con Rodolfo che \u00e8 una effettiva mancanza di volont\u00e0 nel risolvere realmente i problemi della vallata e dell&#8217;Agordino.<\/p>\n<p>Axel De Pellegrini<\/p>\n<p>&nbsp;<\/p>\n<p>&nbsp;<\/p>\n<p>********<\/p>\n","protected":false},"excerpt":{"rendered":"<p>****** &nbsp; RICEVIAMO E PUBBLICHIAMO Per rispondere a Rodolfo Pellegrinon riguardo al traffico debbo dire che in un protocollo, da Consigliere di Minoranza, ho chiesto e proposto di valutare la fattibilit\u00e0 del progetto della galleria di Falcade Alto. Per tutta risposta la Giunta ha scritto che il progetto \u00e8 costoso. Rispondendo in questo modo dimostrano&hellip;<\/p>\n","protected":false},"author":4,"featured_media":148717,"comment_status":"closed","ping_status":"closed","sticky":false,"template":"","format":"standard","meta":{"_monsterinsights_skip_tracking":false,"_monsterinsights_sitenote_active":false,"_monsterinsights_sitenote_note":"","_monsterinsights_sitenote_category":0,"footnotes":""},"categories":[51,49],"tags":[],"class_list":["post-405320","post","type-post","status-publish","format-standard","has-post-thumbnail","hentry","category-evidenza-top","category-news-18","category-51","category-49","description-off"],"img_url":"https:\/\/www.radiopiu.net\/wordpress\/wp-content\/uploads\/2020\/07\/Traffico_bassa.jpg","_links":{"self":[{"href":"https:\/\/www.radiopiu.net\/wordpress\/wp-json\/wp\/v2\/posts\/405320","targetHints":{"allow":["GET"]}}],"collection":[{"href":"https:\/\/www.radiopiu.net\/wordpress\/wp-json\/wp\/v2\/posts"}],"about":[{"href":"https:\/\/www.radiopiu.net\/wordpress\/wp-json\/wp\/v2\/types\/post"}],"author":[{"embeddable":true,"href":"https:\/\/www.radiopiu.net\/wordpress\/wp-json\/wp\/v2\/users\/4"}],"replies":[{"embeddable":true,"href":"https:\/\/www.radiopiu.net\/wordpress\/wp-json\/wp\/v2\/comments?post=405320"}],"version-history":[{"count":1,"href":"https:\/\/www.radiopiu.net\/wordpress\/wp-json\/wp\/v2\/posts\/405320\/revisions"}],"predecessor-version":[{"id":405321,"href":"https:\/\/www.radiopiu.net\/wordpress\/wp-json\/wp\/v2\/posts\/405320\/revisions\/405321"}],"wp:featuredmedia":[{"embeddable":true,"href":"https:\/\/www.radiopiu.net\/wordpress\/wp-json\/wp\/v2\/media\/148717"}],"wp:attachment":[{"href":"https:\/\/www.radiopiu.net\/wordpress\/wp-json\/wp\/v2\/media?parent=405320"}],"wp:term":[{"taxonomy":"category","embeddable":true,"href":"https:\/\/www.radiopiu.net\/wordpress\/wp-json\/wp\/v2\/categories?post=405320"},{"taxonomy":"post_tag","embeddable":true,"href":"https:\/\/www.radiopiu.net\/wordpress\/wp-json\/wp\/v2\/tags?post=405320"}],"curies":[{"name":"wp","href":"https:\/\/api.w.org\/{rel}","templated":true}]}}