{"id":405386,"date":"2024-08-17T05:50:48","date_gmt":"2024-08-17T03:50:48","guid":{"rendered":"https:\/\/www.radiopiu.net\/wordpress\/?p=405386"},"modified":"2024-08-17T05:51:06","modified_gmt":"2024-08-17T03:51:06","slug":"incidente-in-bicicletta-perde-la-vita-lorenzo-dali-era-molto-conosciuto-a-caprile","status":"publish","type":"post","link":"https:\/\/www.radiopiu.net\/wordpress\/incidente-in-bicicletta-perde-la-vita-lorenzo-dali-era-molto-conosciuto-a-caprile\/","title":{"rendered":"INCIDENTE IN BICICLETTA, PERDE LA VITA LORENZO D&#8217;ALI&#8217;. ERA MOLTO CONOSCIUTO A CAPRILE"},"content":{"rendered":"<p>*****<\/p>\n<p>&nbsp;<\/p>\n<p><strong><a class=\"dt-pswp-item\" href=\"https:\/\/www.radiopiu.net\/wordpress\/wp-content\/uploads\/2024\/08\/5a232b82-a826-4151-b059-75aa6404175d.jpg\" data-dt-img-description=\"\" data-large_image_width=\"457\" data-large_image_height=\"692\"><img loading=\"lazy\" decoding=\"async\" class=\" wp-image-405387 alignleft\" src=\"https:\/\/www.radiopiu.net\/wordpress\/wp-content\/uploads\/2024\/08\/5a232b82-a826-4151-b059-75aa6404175d-198x300.jpg\" alt=\"\" width=\"125\" height=\"189\" srcset=\"https:\/\/www.radiopiu.net\/wordpress\/wp-content\/uploads\/2024\/08\/5a232b82-a826-4151-b059-75aa6404175d-198x300.jpg 198w, https:\/\/www.radiopiu.net\/wordpress\/wp-content\/uploads\/2024\/08\/5a232b82-a826-4151-b059-75aa6404175d.jpg 457w\" sizes=\"auto, (max-width: 125px) 100vw, 125px\" \/><\/a>DI MARINA DONA&#8217;<\/strong><\/p>\n<p><strong>UDINE<\/strong> Incidente domenica scorsa a Udine: ha perso la vita il medico anatomopatologo 36enne Lorenzo D&#8217;Al\u00ec, che lavorava all&#8217;ospedale della citt\u00e0. Lorenzo stava facendo un giro in bicicletta quando, improvvisamente, in prossimit\u00e0 di una curva, si \u00e8 scontrato frontalmente con un&#8217;auto. Nonostante i soccorsi siano giunti rapidamente, per lui non c&#8217;\u00e8 stato nulla da fare. Sono in corso le indagini per chiarire la dinamica dell&#8217;incidente. Lorenzo, sin da piccolo, trascorreva le vacanze a Caprile con la famiglia, nella casa della madre, Lucia Bellenzier, originaria di Alleghe. Per ricordare il figlio, la madre ha condiviso alcuni ricordi di momenti felici trascorsi insieme durante le vacanze: i ritrovi con i parenti, le sciate, e i giri in bicicletta sui passi dolomitici che Lorenzo adorava e che lo rendevano felice, a testimonianza del suo profondo legame con le Dolomiti agordine. Lorenzo lascia la moglie e la figlia di tre anni. I funerali si terranno mercoled\u00ec 21 agosto alle 17 presso il Duomo di Udine.<\/p>\n<p>&nbsp;<\/p>\n<p>&nbsp;<\/p>\n<p>*******<\/p>\n","protected":false},"excerpt":{"rendered":"<p>***** &nbsp; DI MARINA DONA&#8217; UDINE Incidente domenica scorsa a Udine: ha perso la vita il medico anatomopatologo 36enne Lorenzo D&#8217;Al\u00ec, che lavorava all&#8217;ospedale della citt\u00e0. Lorenzo stava facendo un giro in bicicletta quando, improvvisamente, in prossimit\u00e0 di una curva, si \u00e8 scontrato frontalmente con un&#8217;auto. Nonostante i soccorsi siano giunti rapidamente, per lui non&hellip;<\/p>\n","protected":false},"author":4,"featured_media":405387,"comment_status":"closed","ping_status":"closed","sticky":false,"template":"","format":"standard","meta":{"_monsterinsights_skip_tracking":false,"_monsterinsights_sitenote_active":false,"_monsterinsights_sitenote_note":"","_monsterinsights_sitenote_category":0,"footnotes":""},"categories":[51,49],"tags":[],"class_list":["post-405386","post","type-post","status-publish","format-standard","has-post-thumbnail","hentry","category-evidenza-top","category-news-18","category-51","category-49","description-off"],"img_url":"https:\/\/www.radiopiu.net\/wordpress\/wp-content\/uploads\/2024\/08\/5a232b82-a826-4151-b059-75aa6404175d.jpg","_links":{"self":[{"href":"https:\/\/www.radiopiu.net\/wordpress\/wp-json\/wp\/v2\/posts\/405386","targetHints":{"allow":["GET"]}}],"collection":[{"href":"https:\/\/www.radiopiu.net\/wordpress\/wp-json\/wp\/v2\/posts"}],"about":[{"href":"https:\/\/www.radiopiu.net\/wordpress\/wp-json\/wp\/v2\/types\/post"}],"author":[{"embeddable":true,"href":"https:\/\/www.radiopiu.net\/wordpress\/wp-json\/wp\/v2\/users\/4"}],"replies":[{"embeddable":true,"href":"https:\/\/www.radiopiu.net\/wordpress\/wp-json\/wp\/v2\/comments?post=405386"}],"version-history":[{"count":2,"href":"https:\/\/www.radiopiu.net\/wordpress\/wp-json\/wp\/v2\/posts\/405386\/revisions"}],"predecessor-version":[{"id":405391,"href":"https:\/\/www.radiopiu.net\/wordpress\/wp-json\/wp\/v2\/posts\/405386\/revisions\/405391"}],"wp:featuredmedia":[{"embeddable":true,"href":"https:\/\/www.radiopiu.net\/wordpress\/wp-json\/wp\/v2\/media\/405387"}],"wp:attachment":[{"href":"https:\/\/www.radiopiu.net\/wordpress\/wp-json\/wp\/v2\/media?parent=405386"}],"wp:term":[{"taxonomy":"category","embeddable":true,"href":"https:\/\/www.radiopiu.net\/wordpress\/wp-json\/wp\/v2\/categories?post=405386"},{"taxonomy":"post_tag","embeddable":true,"href":"https:\/\/www.radiopiu.net\/wordpress\/wp-json\/wp\/v2\/tags?post=405386"}],"curies":[{"name":"wp","href":"https:\/\/api.w.org\/{rel}","templated":true}]}}