{"id":405419,"date":"2024-08-17T05:37:24","date_gmt":"2024-08-17T03:37:24","guid":{"rendered":"https:\/\/www.radiopiu.net\/wordpress\/?p=405419"},"modified":"2024-08-17T05:51:59","modified_gmt":"2024-08-17T03:51:59","slug":"frana-del-fadalto-lorraine-berton-chiede-una-riapertura-in-tempi-brevi","status":"publish","type":"post","link":"https:\/\/www.radiopiu.net\/wordpress\/frana-del-fadalto-lorraine-berton-chiede-una-riapertura-in-tempi-brevi\/","title":{"rendered":"FRANA DEL FADALTO: LORRAINE BERTON CHIEDE UNA RIAPERTURA IN TEMPI BREVI"},"content":{"rendered":"<p>******<\/p>\n<p>&nbsp;<\/p>\n<p><strong><a class=\"dt-pswp-item\" href=\"https:\/\/www.radiopiu.net\/wordpress\/wp-content\/uploads\/2020\/01\/Lorraine_Berton.jpg\" data-dt-img-description=\"\" data-large_image_width=\"767\" data-large_image_height=\"768\"><img loading=\"lazy\" decoding=\"async\" class=\" wp-image-112912 alignleft\" src=\"https:\/\/www.radiopiu.net\/wordpress\/wp-content\/uploads\/2020\/01\/Lorraine_Berton-300x300.jpg\" alt=\"\" width=\"154\" height=\"154\" srcset=\"https:\/\/www.radiopiu.net\/wordpress\/wp-content\/uploads\/2020\/01\/Lorraine_Berton-300x300.jpg 300w, https:\/\/www.radiopiu.net\/wordpress\/wp-content\/uploads\/2020\/01\/Lorraine_Berton-150x150.jpg 150w, https:\/\/www.radiopiu.net\/wordpress\/wp-content\/uploads\/2020\/01\/Lorraine_Berton.jpg 767w\" sizes=\"auto, (max-width: 154px) 100vw, 154px\" \/><\/a>BELLUNO <\/strong>\u201cSospendere o ridurre le attivit\u00e0 dei cantieri che si occupano delle frane sul Fadalto \u00e8 grave. Manca buon senso. L&#8217;ottica &#8211; vista la situazione &#8211; dovrebbe essere quella della massima priorit\u00e0. Ancora una volta, invece, la viabilit\u00e0 verso il Bellunese \u00e8 trattata con sufficienza\u201d. A dirlo \u00e8 Lorraine Berton, presidente di Confindustria Belluno Dolomiti, appresa la notizia dei rallentamenti dei lavori sulla strada statale di Alemagna tra Vittoriese e Alpago, interessata pi\u00f9 di un mese fa da due frane. \u201cLe ferie dei lavoratori sono sacrosante, cos\u00ec come il diritto al riposo, ma qui la questione \u00e8 un&#8217;altra, ovvero l&#8217;urgenza di riaprire un tratto strategico per la nostra viabilit\u00e0. Parliamo di una strada statale, in piena stagione turistica, uno snodo fondamentale per l&#8217;Alpago e non solo. Servono una diversa programmazione e tempi certi: lo chiedono i residenti e gli operatori del turismo, ma anche il mondo della manifattura. La riapertura di molte nostre fabbriche \u00e8 imminente\u201d. Ma lo sguardo di Berton va a tutta la viabilit\u00e0 provinciale: \u201cIn questi giorni di fuga verso la montagna abbiamo toccato con mano le falle del nostro sistema, dalla strada Agordina con il nodo di Alleghe al congestionamento frequente della regionale Feltrina, soprattutto nel tratto da Pederobba a Fener, e poi i soliti scenari nella parte alta del Bellunese. Sono scene alle quali non dobbiamo abituarci. Come dico sempre, non bastano le varianti sull&#8217;Alemagna, per quanto necessarie; il Bellunese deve recuperare un gap gigantesco accumulato nei decenni, come recentemente ribadito al ministro alle Infrastrutture Matteo Salvini. Le stesse Olimpiadi di Milano Cortina 2026 devono servire anche per sciogliere i tanti nodi sul tavolo, portando sul territorio progetti e investimenti. Su questo, continueremo la nostra battaglia: la dignit\u00e0 del Bellunese e delle sue imprese passa attraverso infrastrutture efficienti\u201d.<\/p>\n<p>&nbsp;<\/p>\n<p>&nbsp;<\/p>\n<p>*******<\/p>\n","protected":false},"excerpt":{"rendered":"<p>****** &nbsp; BELLUNO \u201cSospendere o ridurre le attivit\u00e0 dei cantieri che si occupano delle frane sul Fadalto \u00e8 grave. Manca buon senso. L&#8217;ottica &#8211; vista la situazione &#8211; dovrebbe essere quella della massima priorit\u00e0. Ancora una volta, invece, la viabilit\u00e0 verso il Bellunese \u00e8 trattata con sufficienza\u201d. A dirlo \u00e8 Lorraine Berton, presidente di Confindustria&hellip;<\/p>\n","protected":false},"author":4,"featured_media":405420,"comment_status":"closed","ping_status":"closed","sticky":false,"template":"","format":"standard","meta":{"_monsterinsights_skip_tracking":false,"_monsterinsights_sitenote_active":false,"_monsterinsights_sitenote_note":"","_monsterinsights_sitenote_category":0,"footnotes":""},"categories":[104,49],"tags":[],"class_list":["post-405419","post","type-post","status-publish","format-standard","has-post-thumbnail","hentry","category-evidenza_3","category-news-18","category-104","category-49","description-off"],"img_url":"https:\/\/www.radiopiu.net\/wordpress\/wp-content\/uploads\/2024\/08\/Lorraine_Berton-COPERTINA.jpg","_links":{"self":[{"href":"https:\/\/www.radiopiu.net\/wordpress\/wp-json\/wp\/v2\/posts\/405419","targetHints":{"allow":["GET"]}}],"collection":[{"href":"https:\/\/www.radiopiu.net\/wordpress\/wp-json\/wp\/v2\/posts"}],"about":[{"href":"https:\/\/www.radiopiu.net\/wordpress\/wp-json\/wp\/v2\/types\/post"}],"author":[{"embeddable":true,"href":"https:\/\/www.radiopiu.net\/wordpress\/wp-json\/wp\/v2\/users\/4"}],"replies":[{"embeddable":true,"href":"https:\/\/www.radiopiu.net\/wordpress\/wp-json\/wp\/v2\/comments?post=405419"}],"version-history":[{"count":1,"href":"https:\/\/www.radiopiu.net\/wordpress\/wp-json\/wp\/v2\/posts\/405419\/revisions"}],"predecessor-version":[{"id":405421,"href":"https:\/\/www.radiopiu.net\/wordpress\/wp-json\/wp\/v2\/posts\/405419\/revisions\/405421"}],"wp:featuredmedia":[{"embeddable":true,"href":"https:\/\/www.radiopiu.net\/wordpress\/wp-json\/wp\/v2\/media\/405420"}],"wp:attachment":[{"href":"https:\/\/www.radiopiu.net\/wordpress\/wp-json\/wp\/v2\/media?parent=405419"}],"wp:term":[{"taxonomy":"category","embeddable":true,"href":"https:\/\/www.radiopiu.net\/wordpress\/wp-json\/wp\/v2\/categories?post=405419"},{"taxonomy":"post_tag","embeddable":true,"href":"https:\/\/www.radiopiu.net\/wordpress\/wp-json\/wp\/v2\/tags?post=405419"}],"curies":[{"name":"wp","href":"https:\/\/api.w.org\/{rel}","templated":true}]}}