{"id":405422,"date":"2024-08-17T05:38:36","date_gmt":"2024-08-17T03:38:36","guid":{"rendered":"https:\/\/www.radiopiu.net\/wordpress\/?p=405422"},"modified":"2024-08-17T05:50:31","modified_gmt":"2024-08-17T03:50:31","slug":"infortuni-e-perdita-dellorientamento-i-primi-interventi-del-soccorso-alpino","status":"publish","type":"post","link":"https:\/\/www.radiopiu.net\/wordpress\/infortuni-e-perdita-dellorientamento-i-primi-interventi-del-soccorso-alpino\/","title":{"rendered":"INFORTUNI E PERDITA DELL&#8217;ORIENTAMENTO. I PRIMI INTERVENTI DEL SOCCORSO ALPINO"},"content":{"rendered":"<p>******<\/p>\n<p>&nbsp;<\/p>\n<p><strong><a class=\"dt-pswp-item\" href=\"https:\/\/www.radiopiu.net\/wordpress\/wp-content\/uploads\/2021\/08\/th.jpg\" data-dt-img-description=\"\" data-large_image_width=\"222\" data-large_image_height=\"167\"><img loading=\"lazy\" decoding=\"async\" class=\" wp-image-225856 alignleft\" src=\"https:\/\/www.radiopiu.net\/wordpress\/wp-content\/uploads\/2021\/08\/th.jpg\" alt=\"\" width=\"148\" height=\"111\" \/><\/a>COMELICO<\/strong> Attorno a mezzogiorno marito e moglie, di 79 e 76 anni di Padova, hanno contattato la Centrale del 118, preoccupati perch\u00e9, seguendo una strada utilizzata per l&#8217;esbosco dei tronchi, avevano perso l&#8217;orientamento nella zona tra Padola e il Lago di Sant&#8217;Antonio e non riuscivano pi\u00f9 a trovare il sentiero. Dopo che la coppia ha fornito le coordinate per essere geolocalizzata, una squadra del Soccorso alpino della Val Comelico si \u00e8 avvicinata in fuoristrada, li ha individuati e raggiunti a piedi, per poi riaccompagnarli al loro mezzo.<\/p>\n<p><strong>CORTINA <\/strong>Una squadra del Soccorso alpino della Guardia di finanza di Cortina ha recuperato con la jeep una 60enne di Verona, che aveva riportato un trauma alla caviglia, lungo la pista da sci tra Rio Gere e il Faloria. La donna \u00e8 stata trasportata al Putti. Falco \u00e8 intervenuto per un malessere nei pressi di Forcella Lavaredo, dove ha imbarcato un 56enne di Bernareggio (MB) e lo ha trasportato per gli approfondimenti del caso all&#8217;ospedale di Pieve di Cadore.<\/p>\n<p><strong>LAMON <\/strong>Una squadra del Soccorso alpino di Feltre, chiamata per una missione a Lamon, \u00e8 arrivata direttamente con il fuoristrada da un&#8217;escursionista che non riusciva pi\u00f9 a proseguire, per il dolore causato dalla sospetta frattura di una polso. La 64enne di Vigonza (PD), che si trovava con altre persone sulla strada bianca in localit\u00e0 San Donato, in rientro dalle Cascate del Salton, \u00e8 stata controllata e accompagnata alla macchina, con la quale si \u00e8 allontanata autonomamente.<\/p>\n<p>&nbsp;<\/p>\n<p>&nbsp;<\/p>\n<p>*****<\/p>\n","protected":false},"excerpt":{"rendered":"<p>****** &nbsp; COMELICO Attorno a mezzogiorno marito e moglie, di 79 e 76 anni di Padova, hanno contattato la Centrale del 118, preoccupati perch\u00e9, seguendo una strada utilizzata per l&#8217;esbosco dei tronchi, avevano perso l&#8217;orientamento nella zona tra Padola e il Lago di Sant&#8217;Antonio e non riuscivano pi\u00f9 a trovare il sentiero. Dopo che la&hellip;<\/p>\n","protected":false},"author":4,"featured_media":225856,"comment_status":"closed","ping_status":"closed","sticky":false,"template":"","format":"standard","meta":{"_monsterinsights_skip_tracking":false,"_monsterinsights_sitenote_active":false,"_monsterinsights_sitenote_note":"","_monsterinsights_sitenote_category":0,"footnotes":""},"categories":[51,49],"tags":[],"class_list":["post-405422","post","type-post","status-publish","format-standard","has-post-thumbnail","hentry","category-evidenza-top","category-news-18","category-51","category-49","description-off"],"img_url":"https:\/\/www.radiopiu.net\/wordpress\/wp-content\/uploads\/2021\/08\/th.jpg","_links":{"self":[{"href":"https:\/\/www.radiopiu.net\/wordpress\/wp-json\/wp\/v2\/posts\/405422","targetHints":{"allow":["GET"]}}],"collection":[{"href":"https:\/\/www.radiopiu.net\/wordpress\/wp-json\/wp\/v2\/posts"}],"about":[{"href":"https:\/\/www.radiopiu.net\/wordpress\/wp-json\/wp\/v2\/types\/post"}],"author":[{"embeddable":true,"href":"https:\/\/www.radiopiu.net\/wordpress\/wp-json\/wp\/v2\/users\/4"}],"replies":[{"embeddable":true,"href":"https:\/\/www.radiopiu.net\/wordpress\/wp-json\/wp\/v2\/comments?post=405422"}],"version-history":[{"count":2,"href":"https:\/\/www.radiopiu.net\/wordpress\/wp-json\/wp\/v2\/posts\/405422\/revisions"}],"predecessor-version":[{"id":405429,"href":"https:\/\/www.radiopiu.net\/wordpress\/wp-json\/wp\/v2\/posts\/405422\/revisions\/405429"}],"wp:featuredmedia":[{"embeddable":true,"href":"https:\/\/www.radiopiu.net\/wordpress\/wp-json\/wp\/v2\/media\/225856"}],"wp:attachment":[{"href":"https:\/\/www.radiopiu.net\/wordpress\/wp-json\/wp\/v2\/media?parent=405422"}],"wp:term":[{"taxonomy":"category","embeddable":true,"href":"https:\/\/www.radiopiu.net\/wordpress\/wp-json\/wp\/v2\/categories?post=405422"},{"taxonomy":"post_tag","embeddable":true,"href":"https:\/\/www.radiopiu.net\/wordpress\/wp-json\/wp\/v2\/tags?post=405422"}],"curies":[{"name":"wp","href":"https:\/\/api.w.org\/{rel}","templated":true}]}}