{"id":405466,"date":"2024-08-17T05:26:48","date_gmt":"2024-08-17T03:26:48","guid":{"rendered":"https:\/\/www.radiopiu.net\/wordpress\/?p=405466"},"modified":"2024-08-17T08:16:21","modified_gmt":"2024-08-17T06:16:21","slug":"dolomiti4all-anticipo-troppo-alto-fodom-rinuncia-a-fare-da-capofila","status":"publish","type":"post","link":"https:\/\/www.radiopiu.net\/wordpress\/dolomiti4all-anticipo-troppo-alto-fodom-rinuncia-a-fare-da-capofila\/","title":{"rendered":"Dolomiti4@all, anticipo troppo alto Fodom rinuncia a fare da capofila"},"content":{"rendered":"<p>&nbsp;<\/p>\n<p>***<\/p>\n<p>LIVINALLONGO<\/p>\n<p><strong>di LORENZO SORATROI<\/strong><\/p>\n<audio class=\"wp-audio-shortcode\" id=\"audio-405466-1\" preload=\"none\" style=\"width: 100%;\" controls=\"controls\"><source type=\"audio\/ogg\" src=\"https:\/\/www.radiopiu.net\/wordpress\/wp-content\/uploads\/2024\/08\/WhatsApp-Ptt-2024-08-17-at-08.10.50.ogg?_=1\" \/><a href=\"https:\/\/www.radiopiu.net\/wordpress\/wp-content\/uploads\/2024\/08\/WhatsApp-Ptt-2024-08-17-at-08.10.50.ogg\">https:\/\/www.radiopiu.net\/wordpress\/wp-content\/uploads\/2024\/08\/WhatsApp-Ptt-2024-08-17-at-08.10.50.ogg<\/a><\/audio>\n<p>**<\/p>\n<p>&nbsp;<\/p>\n<blockquote>\n<h2><\/h2>\n<\/blockquote>\n<p>&nbsp;<\/p>\n<p><strong><a class=\"dt-pswp-item\" href=\"https:\/\/www.radiopiu.net\/wordpress\/wp-content\/uploads\/2023\/09\/nagler.png\" data-dt-img-description=\"\" data-large_image_width=\"455\" data-large_image_height=\"256\"><img loading=\"lazy\" decoding=\"async\" class=\" wp-image-353266 alignleft\" src=\"https:\/\/www.radiopiu.net\/wordpress\/wp-content\/uploads\/2023\/09\/nagler-300x169.png\" alt=\"\" width=\"233\" height=\"131\" srcset=\"https:\/\/www.radiopiu.net\/wordpress\/wp-content\/uploads\/2023\/09\/nagler-300x169.png 300w, https:\/\/www.radiopiu.net\/wordpress\/wp-content\/uploads\/2023\/09\/nagler.png 455w\" sizes=\"auto, (max-width: 233px) 100vw, 233px\" \/><\/a>LIVINALLONGO<\/strong> Il nuovo sindaco Oscar Nagler ha deciso di far rinunciare il Comune di Livinallongo al ruolo di capofila nel progetto Dolomiti4@ll, finanziato dal Ministero del Turismo con 3,8 milioni di euro. La decisione \u00e8 motivata dall&#8217;impatto finanziario, poich\u00e9 il Comune dovrebbe anticipare 700 mila euro, mettendo a rischio i conti dell&#8217;ente gi\u00e0 impegnato in altri progetti. Il progetto, che coinvolge 76 comuni delle Dolomiti Unesco, punta alla destagionalizzazione del turismo e all&#8217;inclusione di persone con disabilit\u00e0 sensoriali. Nonostante la rinuncia al coordinamento, il Comune parteciper\u00e0 comunque al progetto, ma nessun altro ente ha ancora assunto il ruolo di capofila.<\/p>\n<p>&nbsp;<\/p>\n<p>&nbsp;<\/p>\n<hr \/>\n<p>&nbsp;<\/p>\n","protected":false},"excerpt":{"rendered":"<p>&nbsp; *** LIVINALLONGO di LORENZO SORATROI ** &nbsp; &nbsp; LIVINALLONGO Il nuovo sindaco Oscar Nagler ha deciso di far rinunciare il Comune di Livinallongo al ruolo di capofila nel progetto Dolomiti4@ll, finanziato dal Ministero del Turismo con 3,8 milioni di euro. La decisione \u00e8 motivata dall&#8217;impatto finanziario, poich\u00e9 il Comune dovrebbe anticipare 700 mila euro,&hellip;<\/p>\n","protected":false},"author":4,"featured_media":353266,"comment_status":"closed","ping_status":"closed","sticky":false,"template":"","format":"standard","meta":{"_monsterinsights_skip_tracking":false,"_monsterinsights_sitenote_active":false,"_monsterinsights_sitenote_note":"","_monsterinsights_sitenote_category":0,"footnotes":""},"categories":[49],"tags":[],"class_list":["post-405466","post","type-post","status-publish","format-standard","has-post-thumbnail","hentry","category-news-18","category-49","description-off"],"img_url":"https:\/\/www.radiopiu.net\/wordpress\/wp-content\/uploads\/2023\/09\/nagler.png","_links":{"self":[{"href":"https:\/\/www.radiopiu.net\/wordpress\/wp-json\/wp\/v2\/posts\/405466","targetHints":{"allow":["GET"]}}],"collection":[{"href":"https:\/\/www.radiopiu.net\/wordpress\/wp-json\/wp\/v2\/posts"}],"about":[{"href":"https:\/\/www.radiopiu.net\/wordpress\/wp-json\/wp\/v2\/types\/post"}],"author":[{"embeddable":true,"href":"https:\/\/www.radiopiu.net\/wordpress\/wp-json\/wp\/v2\/users\/4"}],"replies":[{"embeddable":true,"href":"https:\/\/www.radiopiu.net\/wordpress\/wp-json\/wp\/v2\/comments?post=405466"}],"version-history":[{"count":3,"href":"https:\/\/www.radiopiu.net\/wordpress\/wp-json\/wp\/v2\/posts\/405466\/revisions"}],"predecessor-version":[{"id":405495,"href":"https:\/\/www.radiopiu.net\/wordpress\/wp-json\/wp\/v2\/posts\/405466\/revisions\/405495"}],"wp:featuredmedia":[{"embeddable":true,"href":"https:\/\/www.radiopiu.net\/wordpress\/wp-json\/wp\/v2\/media\/353266"}],"wp:attachment":[{"href":"https:\/\/www.radiopiu.net\/wordpress\/wp-json\/wp\/v2\/media?parent=405466"}],"wp:term":[{"taxonomy":"category","embeddable":true,"href":"https:\/\/www.radiopiu.net\/wordpress\/wp-json\/wp\/v2\/categories?post=405466"},{"taxonomy":"post_tag","embeddable":true,"href":"https:\/\/www.radiopiu.net\/wordpress\/wp-json\/wp\/v2\/tags?post=405466"}],"curies":[{"name":"wp","href":"https:\/\/api.w.org\/{rel}","templated":true}]}}