{"id":405472,"date":"2024-08-17T05:42:03","date_gmt":"2024-08-17T03:42:03","guid":{"rendered":"https:\/\/www.radiopiu.net\/wordpress\/?p=405472"},"modified":"2024-08-17T08:49:43","modified_gmt":"2024-08-17T06:49:43","slug":"ferragosto-tra-livinallongo-agordo-e-alleghe-non-solo-polenta-e-pastim","status":"publish","type":"post","link":"https:\/\/www.radiopiu.net\/wordpress\/ferragosto-tra-livinallongo-agordo-e-alleghe-non-solo-polenta-e-pastim\/","title":{"rendered":"FERRAGOSTO TRA LIVINALLONGO, AGORDO E ALLEGHE&#8230;non solo polenta e pastim"},"content":{"rendered":"<p>****<\/p>\n<p>&nbsp;<\/p>\n<p>&nbsp;<\/p>\n<p><strong><a class=\"dt-pswp-item\" href=\"https:\/\/www.radiopiu.net\/wordpress\/wp-content\/uploads\/2024\/08\/59.jpg\" data-dt-img-description=\"\" data-large_image_width=\"1797\" data-large_image_height=\"2464\"><img loading=\"lazy\" decoding=\"async\" class=\"size-medium wp-image-405471 alignleft\" src=\"https:\/\/www.radiopiu.net\/wordpress\/wp-content\/uploads\/2024\/08\/59-219x300.jpg\" alt=\"\" width=\"219\" height=\"300\" srcset=\"https:\/\/www.radiopiu.net\/wordpress\/wp-content\/uploads\/2024\/08\/59-219x300.jpg 219w, https:\/\/www.radiopiu.net\/wordpress\/wp-content\/uploads\/2024\/08\/59-747x1024.jpg 747w, https:\/\/www.radiopiu.net\/wordpress\/wp-content\/uploads\/2024\/08\/59-768x1053.jpg 768w, https:\/\/www.radiopiu.net\/wordpress\/wp-content\/uploads\/2024\/08\/59-1120x1536.jpg 1120w, https:\/\/www.radiopiu.net\/wordpress\/wp-content\/uploads\/2024\/08\/59-1494x2048.jpg 1494w, https:\/\/www.radiopiu.net\/wordpress\/wp-content\/uploads\/2024\/08\/59.jpg 1797w\" sizes=\"auto, (max-width: 219px) 100vw, 219px\" \/><\/a>IL FINE SETTIMANA DEL PALIO DI AGORDO.<\/strong>.. \u00e8 iniziato ieri sera con Fiorendo Dalla C\u00e0, Loris Santomaso e Radio Pi\u00f9 che hanno raccontato i 40 anni della storia del Palio dei 100 con un omaggio a Toni Guadagnini, a 40 anni dalla morte.<\/p>\n<p><strong>LO SPETTACOLO DEI FUOCHI AD ALLEGHE..<\/strong>.in tanti, occhi all&#8217;ins\u00f9 sotto a una pioggia di fuochi colorati, anche quest&#8217;anno i fuochi artificiali hanno attirato in riva al lago migliaia di persone<br \/>\n<strong>video mara mezzacasa <span style=\"color: #0000ff;\"><a style=\"color: #0000ff;\" href=\"https:\/\/www.facebook.com\/mara.mezzacasa\/videos\/1058195835919882\">clicca qui<\/a><\/span><\/strong><\/p>\n<p><strong>FESTA DI SANTA MARIA MAIOU <\/strong>A Livinallongo, la festa di Santa Maria Maiou ha celebrato il Ferragosto con tradizioni ladine. Donne in costume hanno deposto fiori ai piedi della Madonna durante la messa, esprimendo la devozione e la cultura locale, apprezzata dai turisti presenti.<\/p>\n<p>&nbsp;<\/p>\n<p>&nbsp;<\/p>\n<p>&nbsp;<\/p>\n<p><strong>DI LORENZO SORATROI<\/strong><\/p>\n<audio class=\"wp-audio-shortcode\" id=\"audio-405472-1\" preload=\"none\" style=\"width: 100%;\" controls=\"controls\"><source type=\"audio\/ogg\" src=\"https:\/\/www.radiopiu.net\/wordpress\/wp-content\/uploads\/2024\/08\/WhatsApp-Ptt-2024-08-17-at-08.07.24.ogg?_=1\" \/><a href=\"https:\/\/www.radiopiu.net\/wordpress\/wp-content\/uploads\/2024\/08\/WhatsApp-Ptt-2024-08-17-at-08.07.24.ogg\">https:\/\/www.radiopiu.net\/wordpress\/wp-content\/uploads\/2024\/08\/WhatsApp-Ptt-2024-08-17-at-08.07.24.ogg<\/a><\/audio>\n<p>&nbsp;<\/p>\n\n\t\t\t<style type='text\/css'>\n\t\t\t\t#gallery-1 {\n\t\t\t\t\tmargin: auto;\n\t\t\t\t}\n\t\t\t\t#gallery-1 .gallery-item {\n\t\t\t\t\tfloat: left;\n\t\t\t\t\tmargin-top: 10px;\n\t\t\t\t\ttext-align: center;\n\t\t\t\t\twidth: 33%;\n\t\t\t\t}\n\t\t\t\t#gallery-1 img {\n\t\t\t\t\tborder: 2px solid #cfcfcf;\n\t\t\t\t}\n\t\t\t\t#gallery-1 .gallery-caption {\n\t\t\t\t\tmargin-left: 0;\n\t\t\t\t}\n\t\t\t\t\/* see gallery_shortcode() in wp-includes\/media.php *\/\n\t\t\t<\/style>\n\t\t<div id='gallery-1' class='dt-gallery-container gallery galleryid-405472 gallery-columns-3 gallery-size-medium'><dl class='gallery-item'>\n\t\t\t\t<dt class='gallery-icon landscape'>\n\t\t\t\t\t<a class=\"rollover rollover-zoom dt-pswp-item\" title=\"0f09ce5d-a381-4f24-922d-664f75ab8bdc\" data-dt-img-description=\"\" data-large_image_width=\"1600\" data-large_image_height=\"1200\"href='https:\/\/www.radiopiu.net\/wordpress\/wp-content\/uploads\/2024\/08\/0f09ce5d-a381-4f24-922d-664f75ab8bdc.jpg'><img loading=\"lazy\" decoding=\"async\" width=\"300\" height=\"225\" src=\"https:\/\/www.radiopiu.net\/wordpress\/wp-content\/uploads\/2024\/08\/0f09ce5d-a381-4f24-922d-664f75ab8bdc-300x225.jpg\" class=\"attachment-medium size-medium\" alt=\"\" aria-describedby=\"gallery-1-405447\" srcset=\"https:\/\/www.radiopiu.net\/wordpress\/wp-content\/uploads\/2024\/08\/0f09ce5d-a381-4f24-922d-664f75ab8bdc-300x225.jpg 300w, https:\/\/www.radiopiu.net\/wordpress\/wp-content\/uploads\/2024\/08\/0f09ce5d-a381-4f24-922d-664f75ab8bdc-1024x768.jpg 1024w, https:\/\/www.radiopiu.net\/wordpress\/wp-content\/uploads\/2024\/08\/0f09ce5d-a381-4f24-922d-664f75ab8bdc-768x576.jpg 768w, https:\/\/www.radiopiu.net\/wordpress\/wp-content\/uploads\/2024\/08\/0f09ce5d-a381-4f24-922d-664f75ab8bdc-1536x1152.jpg 1536w, https:\/\/www.radiopiu.net\/wordpress\/wp-content\/uploads\/2024\/08\/0f09ce5d-a381-4f24-922d-664f75ab8bdc.jpg 1600w\" sizes=\"auto, (max-width: 300px) 100vw, 300px\" \/><\/a>\n\t\t\t\t<\/dt>\n\t\t\t\t\t<dd class='wp-caption-text gallery-caption' id='gallery-1-405447'>\n\t\t\t\t\tI PRESIDENTI DEL PALIO\n\t\t\t\t\t<\/dd><\/dl><dl class='gallery-item'>\n\t\t\t\t<dt class='gallery-icon landscape'>\n\t\t\t\t\t<a class=\"rollover rollover-zoom dt-pswp-item\" title=\"21bfbdab-2d4a-49fe-a976-78021469259b\" data-dt-img-description=\"\" data-large_image_width=\"1973\" data-large_image_height=\"1480\"href='https:\/\/www.radiopiu.net\/wordpress\/wp-content\/uploads\/2024\/08\/21bfbdab-2d4a-49fe-a976-78021469259b.jpg'><img loading=\"lazy\" decoding=\"async\" width=\"300\" height=\"225\" src=\"https:\/\/www.radiopiu.net\/wordpress\/wp-content\/uploads\/2024\/08\/21bfbdab-2d4a-49fe-a976-78021469259b-300x225.jpg\" class=\"attachment-medium size-medium\" alt=\"\" aria-describedby=\"gallery-1-405456\" srcset=\"https:\/\/www.radiopiu.net\/wordpress\/wp-content\/uploads\/2024\/08\/21bfbdab-2d4a-49fe-a976-78021469259b-300x225.jpg 300w, https:\/\/www.radiopiu.net\/wordpress\/wp-content\/uploads\/2024\/08\/21bfbdab-2d4a-49fe-a976-78021469259b-1024x768.jpg 1024w, https:\/\/www.radiopiu.net\/wordpress\/wp-content\/uploads\/2024\/08\/21bfbdab-2d4a-49fe-a976-78021469259b-768x576.jpg 768w, https:\/\/www.radiopiu.net\/wordpress\/wp-content\/uploads\/2024\/08\/21bfbdab-2d4a-49fe-a976-78021469259b-1536x1152.jpg 1536w, https:\/\/www.radiopiu.net\/wordpress\/wp-content\/uploads\/2024\/08\/21bfbdab-2d4a-49fe-a976-78021469259b.jpg 1973w\" sizes=\"auto, (max-width: 300px) 100vw, 300px\" \/><\/a>\n\t\t\t\t<\/dt>\n\t\t\t\t\t<dd class='wp-caption-text gallery-caption' id='gallery-1-405456'>\n\t\t\t\t\tFUOCHI AD ALLEGHE\n\t\t\t\t\t<\/dd><\/dl><dl class='gallery-item'>\n\t\t\t\t<dt class='gallery-icon landscape'>\n\t\t\t\t\t<a class=\"rollover rollover-zoom dt-pswp-item\" title=\"Senza nome\" data-dt-img-description=\"\" data-large_image_width=\"770\" data-large_image_height=\"387\"href='https:\/\/www.radiopiu.net\/wordpress\/wp-content\/uploads\/2024\/08\/Senza-nome-61.png'><img loading=\"lazy\" decoding=\"async\" width=\"300\" height=\"151\" src=\"https:\/\/www.radiopiu.net\/wordpress\/wp-content\/uploads\/2024\/08\/Senza-nome-61-300x151.png\" class=\"attachment-medium size-medium\" alt=\"\" aria-describedby=\"gallery-1-405470\" srcset=\"https:\/\/www.radiopiu.net\/wordpress\/wp-content\/uploads\/2024\/08\/Senza-nome-61-300x151.png 300w, https:\/\/www.radiopiu.net\/wordpress\/wp-content\/uploads\/2024\/08\/Senza-nome-61-768x386.png 768w, https:\/\/www.radiopiu.net\/wordpress\/wp-content\/uploads\/2024\/08\/Senza-nome-61.png 770w\" sizes=\"auto, (max-width: 300px) 100vw, 300px\" \/><\/a>\n\t\t\t\t<\/dt>\n\t\t\t\t\t<dd class='wp-caption-text gallery-caption' id='gallery-1-405470'>\n\t\t\t\t\tSANTA MARIA MAIOU\n\t\t\t\t\t<\/dd><\/dl><br style=\"clear: both\" \/>\n\t\t\t<\/div>\n\n<p>&nbsp;<\/p>\n<p><em><span style=\"color: #ff0000;\">ATTENZIONE: LA NUOVA APP PER IOS-IPHONE di Nicola Vettorello <\/span><\/em><a href=\"https:\/\/apps.apple.com\/it\/app\/radio-pi%C3%B9-emittente-agordina\/id1515939845\">https:\/\/apps.apple.com\/it\/app\/radio-pi%C3%B9-emittente-agordina\/id1515939845<\/a><\/p>\n<p><em style=\"color: #ff0000;\">ATTENZIONE: LA NUOVA APP RADIO\u00a0 PER ANDROID di Nicola Vettorello<\/em><\/p>\n<p><a href=\"https:\/\/play.google.com\/store\/apps\/details?id=net.radiopiu.iniko\" target=\"_blank\" rel=\"noopener noreferrer\">https:\/\/play.google.com\/store\/apps\/details?id=net.radiopiu.iniko\u00a0\u00a0\u00a0<\/a><\/p>\n<p>&nbsp;<\/p>\n<hr \/>\n<p>&nbsp;<\/p>\n","protected":false},"excerpt":{"rendered":"<p>**** &nbsp; &nbsp; IL FINE SETTIMANA DEL PALIO DI AGORDO&#8230; \u00e8 iniziato ieri sera con Fiorendo Dalla C\u00e0, Loris Santomaso e Radio Pi\u00f9 che hanno raccontato i 40 anni della storia del Palio dei 100 con un omaggio a Toni Guadagnini, a 40 anni dalla morte. LO SPETTACOLO DEI FUOCHI AD ALLEGHE&#8230;in tanti, occhi all&#8217;ins\u00f9&hellip;<\/p>\n","protected":false},"author":4,"featured_media":405456,"comment_status":"closed","ping_status":"closed","sticky":false,"template":"","format":"standard","meta":{"_monsterinsights_skip_tracking":false,"_monsterinsights_sitenote_active":false,"_monsterinsights_sitenote_note":"","_monsterinsights_sitenote_category":0,"footnotes":""},"categories":[104,49],"tags":[],"class_list":["post-405472","post","type-post","status-publish","format-standard","has-post-thumbnail","hentry","category-evidenza_3","category-news-18","category-104","category-49","description-off"],"img_url":"https:\/\/www.radiopiu.net\/wordpress\/wp-content\/uploads\/2024\/08\/21bfbdab-2d4a-49fe-a976-78021469259b.jpg","_links":{"self":[{"href":"https:\/\/www.radiopiu.net\/wordpress\/wp-json\/wp\/v2\/posts\/405472","targetHints":{"allow":["GET"]}}],"collection":[{"href":"https:\/\/www.radiopiu.net\/wordpress\/wp-json\/wp\/v2\/posts"}],"about":[{"href":"https:\/\/www.radiopiu.net\/wordpress\/wp-json\/wp\/v2\/types\/post"}],"author":[{"embeddable":true,"href":"https:\/\/www.radiopiu.net\/wordpress\/wp-json\/wp\/v2\/users\/4"}],"replies":[{"embeddable":true,"href":"https:\/\/www.radiopiu.net\/wordpress\/wp-json\/wp\/v2\/comments?post=405472"}],"version-history":[{"count":2,"href":"https:\/\/www.radiopiu.net\/wordpress\/wp-json\/wp\/v2\/posts\/405472\/revisions"}],"predecessor-version":[{"id":405497,"href":"https:\/\/www.radiopiu.net\/wordpress\/wp-json\/wp\/v2\/posts\/405472\/revisions\/405497"}],"wp:featuredmedia":[{"embeddable":true,"href":"https:\/\/www.radiopiu.net\/wordpress\/wp-json\/wp\/v2\/media\/405456"}],"wp:attachment":[{"href":"https:\/\/www.radiopiu.net\/wordpress\/wp-json\/wp\/v2\/media?parent=405472"}],"wp:term":[{"taxonomy":"category","embeddable":true,"href":"https:\/\/www.radiopiu.net\/wordpress\/wp-json\/wp\/v2\/categories?post=405472"},{"taxonomy":"post_tag","embeddable":true,"href":"https:\/\/www.radiopiu.net\/wordpress\/wp-json\/wp\/v2\/tags?post=405472"}],"curies":[{"name":"wp","href":"https:\/\/api.w.org\/{rel}","templated":true}]}}