{"id":405479,"date":"2024-08-17T07:55:48","date_gmt":"2024-08-17T05:55:48","guid":{"rendered":"https:\/\/www.radiopiu.net\/wordpress\/?p=405479"},"modified":"2024-08-17T06:02:42","modified_gmt":"2024-08-17T04:02:42","slug":"rassegna-stampa-locale-dal-1983-anche-al-sabato-puntuale-alle-otto-del-mattino-di-mirko-mezzacasa","status":"publish","type":"post","link":"https:\/\/www.radiopiu.net\/wordpress\/rassegna-stampa-locale-dal-1983-anche-al-sabato-puntuale-alle-otto-del-mattino-di-mirko-mezzacasa\/","title":{"rendered":"RASSEGNA STAMPA LOCALE dal 1983.. anche al sabato PUNTUALE ALLE OTTO DEL MATTINO di mirko mezzacasa"},"content":{"rendered":"<p>***<\/p>\n<p>&nbsp;<\/p>\n<div class=\"mceTemp\">\n<a class=\"dt-pswp-item\" href=\"https:\/\/www.radiopiu.net\/wordpress\/wp-content\/uploads\/2024\/08\/Senza-nome-61.png\" data-dt-img-description=\"SANTA MARIA MAIOU\" data-large_image_width=\"770\" data-large_image_height=\"387\"><img loading=\"lazy\" decoding=\"async\" class=\"size-medium wp-image-405470 alignleft\" src=\"https:\/\/www.radiopiu.net\/wordpress\/wp-content\/uploads\/2024\/08\/Senza-nome-61-300x151.png\" alt=\"\" width=\"300\" height=\"151\" srcset=\"https:\/\/www.radiopiu.net\/wordpress\/wp-content\/uploads\/2024\/08\/Senza-nome-61-300x151.png 300w, https:\/\/www.radiopiu.net\/wordpress\/wp-content\/uploads\/2024\/08\/Senza-nome-61-768x386.png 768w, https:\/\/www.radiopiu.net\/wordpress\/wp-content\/uploads\/2024\/08\/Senza-nome-61.png 770w\" sizes=\"auto, (max-width: 300px) 100vw, 300px\" \/><\/a>OGGI ALLA RADIO\u2026. ALLE 4 E ALLE 6 LE NOTIZIE DALL\u2019ITALIA E DAL MONDO 6.15 PIROLE DE LENGA A CURA DEL MUSLA 7.20 EL BAL DEL FIORI, DETTI E TRADIZIONI DI GIULIANA DA RONCH 8.05 LA RASSEGNA STAMPA LOCALE 8.30 WEEK END MARINA C\u2019E\u2019 9.30 VIABILITA\u2019 CON BOTOL CAR SERVICE (AGORDO-SEDICO-FELTRE) 11.10 LA STORIA DEL FESTIVALBAR DI MIRCO BENCIVENNI 12.00 VA TUTTO LISCIO 12.30 GIORNALE RADIO PRINCIPALE 14.00 ELETTROCHOC LA MUSICA CHE BATTE DI DJ JACK 15.00 LA CLASSIFICA UFFICIAL DI RADIOPIU, DI MARCO GAZ 16 IL ROCK DI MARCO COSTANTINI 1645 LE HIT DI MIRCO BENCIVENNI 18.00 PIU\u2019 DANCE LE SELEZIONI CHE FANNO SALTARE DI DJ JACK, JACOPO DEL TEDESCO 18.10 REGGAETON DI ATHOS DAVID BEN 19 LE ANTICIPAZIONI DAL TG DI ANTENNA 3 DI TIZIANA BOLOGNANI<\/p>\n<p>&nbsp;<\/p>\n<p><a class=\"dt-pswp-item\" href=\"https:\/\/www.radiopiu.net\/wordpress\/wp-content\/uploads\/2024\/08\/Senza-nome-60.png\" data-dt-img-description=\"\" data-large_image_width=\"463\" data-large_image_height=\"222\"><img loading=\"lazy\" decoding=\"async\" class=\"size-medium wp-image-405469 alignleft\" src=\"https:\/\/www.radiopiu.net\/wordpress\/wp-content\/uploads\/2024\/08\/Senza-nome-60-300x144.png\" alt=\"\" width=\"300\" height=\"144\" srcset=\"https:\/\/www.radiopiu.net\/wordpress\/wp-content\/uploads\/2024\/08\/Senza-nome-60-300x144.png 300w, https:\/\/www.radiopiu.net\/wordpress\/wp-content\/uploads\/2024\/08\/Senza-nome-60.png 463w\" sizes=\"auto, (max-width: 300px) 100vw, 300px\" \/><\/a>IL FINE SETTIMANA DEL PALIO DI AGORDO&#8230; \u00e8 iniziato ieri sera con Fiorendo Dalla C\u00e0, Loris Santomaso e Radio Pi\u00f9 che hanno raccontato i 40 anni della storia del Palio dei 100 con un omaggio a Toni Guadagnini, a 40 anni dalla morte.<br \/>\nLO SPETTACOLO DEI FUOCHI AD ALLEGHE&#8230;in tanti, occhi all\u2019ins\u00f9 sotto a una pioggia di fuochi colorati, anche quest\u2019anno i fuochi artificiali hanno attirato in riva al lago migliaia di persone<br \/>\nFESTA DI SANTA MARIA MAIOU A Livinallongo, la festa di Santa Maria Maiou ha celebrato il Ferragosto con tradizioni ladine. Donne in costume hanno deposto fiori ai piedi della Madonna durante la messa, esprimendo la devozione e la cultura locale, apprezzata dai turisti presenti.<br \/>\nINCIDENTE IN BICICLETTA, PERDE LA VITA LORENZO D\u2019ALI\u2019. ERA MOLTO CONOSCIUTO A CAPRILE<br \/>\nDI MARINA DONA\u2019<br \/>\nUDINE ha perso la vita il medico anatomopatologo 36enne Lorenzo D\u2019Al\u00ec, che lavorava all\u2019ospedale della citt\u00e0. Lorenzo stava facendo un giro in bicicletta quando, improvvisamente, in prossimit\u00e0 di una curva, si \u00e8 scontrato frontalmente con un\u2019auto. Nonostante i soccorsi siano giunti rapidamente, per lui non c\u2019\u00e8 stato nulla da fare. nte. Lorenzo, sin da piccolo, trascorreva le vacanze a Caprile con la famiglia, nella casa della madre, Lucia Bellenzier, originaria di Alleghe.<br \/>\nGIORNATE INTENSE PER LA RETE DI EMERGENZA-URGENZA DELL\u2019ULSS DOLOMITI. 481 ACCESSI AL PRONTO SOCCORSI IN UN GIORNO<br \/>\nBELLUNO In questi giorni, complice il forte afflusso di persone nelle Dolomiti e il gran caldo, \u00e8 stato toccato il picco di accessi nei Pronti Soccorsi. La media annuale \u00e8 di 277 accettazioni al giorni nei PS di Belluno, Feltre, Agordo, Pieve e al PPI di Auronzo. A luglio 2024 gli accessi sono stati 10.587 (+10% rispetto al luglio 2023), con picchi di oltre 400 nelle giornate di luned\u00ec. Dal 1 al 15 agosto 2024 sono state accettate in PS 5.488 persone (+9% rispetto ad agosto 2024)<\/p>\n<p><a class=\"dt-pswp-item\" href=\"https:\/\/www.radiopiu.net\/wordpress\/wp-content\/uploads\/2024\/08\/Senza-nome-58.png\" data-dt-img-description=\"\" data-large_image_width=\"518\" data-large_image_height=\"281\"><img loading=\"lazy\" decoding=\"async\" class=\"size-medium wp-image-405465 alignleft\" src=\"https:\/\/www.radiopiu.net\/wordpress\/wp-content\/uploads\/2024\/08\/Senza-nome-58-300x163.png\" alt=\"\" width=\"300\" height=\"163\" srcset=\"https:\/\/www.radiopiu.net\/wordpress\/wp-content\/uploads\/2024\/08\/Senza-nome-58-300x163.png 300w, https:\/\/www.radiopiu.net\/wordpress\/wp-content\/uploads\/2024\/08\/Senza-nome-58.png 518w\" sizes=\"auto, (max-width: 300px) 100vw, 300px\" \/><\/a>INFORTUNI E PERDITA DELL\u2019ORIENTAMENTO<br \/>\nIn tre diverse operazioni il Soccorso Alpino \u00e8 intervenuto per assistere escursionisti in difficolt\u00e0 sulle montagne bellunesi. In Comelico, una coppia di anziani di Padova ha perso l\u2019orientamento seguendo una strada per l\u2019esbosco tra Padola e il Lago di Sant\u2019Antonio. Dopo aver fornito le coordinate, sono stati localizzati e riportati al loro mezzo dal Soccorso Alpino della Val Comelico. A Cortina, una squadra della Guardia di Finanza ha soccorso una 60enne di Verona, con un trauma alla caviglia lungo la pista da sci tra Rio Gere e il Faloria, mentre un elicottero ha trasportato un 56enne colpito da malessere a Forcella Lavaredo. Infine, a Lamon, una 64enne di Vigonza \u00e8 stata assistita per una sospetta frattura al polso e accompagnata al suo veicolo dopo un\u2019escursione alle Cascate del Salton.<br \/>\nBELLUNO Un uomo di 49 anni, C.D.P., \u00e8 stato denunciato per furto aggravato dopo aver rubato un furgone comunale, un Piaggio Porter, lasciato incustodito con le chiavi nel cruscotto durante lavori di manutenzione a Belluno. L\u2019uomo, che vive all\u2019aperto da settimane, \u00e8 fuggito ma \u00e8 stato presto intercettato e bloccato dalla Polizia locale. Il furgone \u00e8 stato restituito senza danni, mentre C.D.P. affronter\u00e0 un processo penale, dove potrebbe essere condannato a una pena da due a sei anni e una multa tra 927 e 1.500 euro, date le sue precedenti condanne.<br \/>\nFELTRE Un membro maggiorenne di una baby gang \u00e8 stato condannato a un anno e otto mesi di reclusione, con pena sospesa, per rapina aggravata. Dopo quattro mesi di detenzione, \u00e8 stato rilasciato dal carcere di Baldenich. Per i due minorenni coinvolti, l\u2019udienza preliminare \u00e8 fissata per l\u2019autunno al Tribunale dei Minori di Venezia. La gang, attiva da mesi, \u00e8 stata arrestata dopo una serie di rapine, inclusa una nell\u2019area della stazione ferroviaria di Belluno.<\/p>\n<p><a class=\"dt-pswp-item\" href=\"https:\/\/www.radiopiu.net\/wordpress\/wp-content\/uploads\/2024\/08\/Senza-nome-56.png\" data-dt-img-description=\"\" data-large_image_width=\"613\" data-large_image_height=\"398\"><img loading=\"lazy\" decoding=\"async\" class=\"size-medium wp-image-405463 alignleft\" src=\"https:\/\/www.radiopiu.net\/wordpress\/wp-content\/uploads\/2024\/08\/Senza-nome-56-300x195.png\" alt=\"\" width=\"300\" height=\"195\" srcset=\"https:\/\/www.radiopiu.net\/wordpress\/wp-content\/uploads\/2024\/08\/Senza-nome-56-300x195.png 300w, https:\/\/www.radiopiu.net\/wordpress\/wp-content\/uploads\/2024\/08\/Senza-nome-56.png 613w\" sizes=\"auto, (max-width: 300px) 100vw, 300px\" \/><\/a>TANTI GLI INTERVENTI DEL SUEM 118<br \/>\nNon solo interventi in montagna ma anche chiamate al 118 per emergenze. Due chiamate da Cortina per soccorrere due turisti, un tedesco e un uomo di Pavia, che avevano accusato un malore. Poco dopo le 11:30 l\u2019elicottero Falco 2 \u00e8 volato a Caracoi Agoin di Rocca Pietore per soccorrere una donna di 74 che aveva accusato problemi neurologici. Alle 12:40 un ciclista \u00e8 stato soccorso a Cortina per un trauma cranico. Altri due malori si sono registrati a Pieve di Cadore ed Auronzo, in entrambi i casi \u00e8 stato necessario l\u2019intervento dell\u2019elicottero. Infine, alle 15:35 Falco 2 \u00e8 volato sul Monte Teverone per un uomo che accusava problemi respiratori.<br \/>\nLAGHETTO DEL NEVEGAL: IL CANTIERE PROCEDE SECONDO PROGRAMMA<br \/>\nBELLUNO Il laghetto del Nevegal ha preso forma. Il cantiere prosegue secondo il crono programma e, salvo imprevisti e stop forzati causati dal meteo, il bacino di accumulo in localit\u00e0 La Grava sar\u00e0 terminato entro la fine dell\u2019anno. In questi giorni i lavori sono sospesi per la pausa estiva e riprenderanno alla fine del mese di agosto.<br \/>\nBELLUNO Si chiama Veneto My Card ed \u00e8 l\u2019iniziativa che mette in rete il patrimonio turistico e culturale veneto con sconti e promozioni. Ora entra a farne parte anche il museo civico di Palazzo Fulcis a Belluno.<br \/>\nLIVINALLONGO Il nuovo sindaco Oscar Nagler ha deciso di far rinunciare il Comune di Livinallongo al ruolo di capofila nel progetto Dolomiti4@ll, finanziato dal Ministero del Turismo con 3,8 milioni di euro. La decisione \u00e8 motivata dall\u2019impatto finanziario, poich\u00e9 il Comune dovrebbe anticipare 700 mila euro, mettendo a rischio i conti dell\u2019ente gi\u00e0 impegnato in altri progetti.<\/p>\n<p>&nbsp;<\/p>\n<p>&nbsp;<\/p>\n<p>&nbsp;<\/p>\n<p>&nbsp;<\/p>\n<p>&nbsp;<\/p>\n<p>&nbsp;<\/p>\n<p>&nbsp;<\/p>\n","protected":false},"excerpt":{"rendered":"<p>*** &nbsp; OGGI ALLA RADIO\u2026. ALLE 4 E ALLE 6 LE NOTIZIE DALL\u2019ITALIA E DAL MONDO 6.15 PIROLE DE LENGA A CURA DEL MUSLA 7.20 EL BAL DEL FIORI, DETTI E TRADIZIONI DI GIULIANA DA RONCH 8.05 LA RASSEGNA STAMPA LOCALE 8.30 WEEK END MARINA C\u2019E\u2019 9.30 VIABILITA\u2019 CON BOTOL CAR SERVICE (AGORDO-SEDICO-FELTRE) 11.10 LA&hellip;<\/p>\n","protected":false},"author":4,"featured_media":405463,"comment_status":"closed","ping_status":"closed","sticky":false,"template":"","format":"standard","meta":{"_monsterinsights_skip_tracking":false,"_monsterinsights_sitenote_active":false,"_monsterinsights_sitenote_note":"","_monsterinsights_sitenote_category":0,"footnotes":""},"categories":[104,49,142],"tags":[],"class_list":["post-405479","post","type-post","status-publish","format-standard","has-post-thumbnail","hentry","category-evidenza_3","category-news-18","category-rassegna-stampa","category-104","category-49","category-142","description-off"],"img_url":"https:\/\/www.radiopiu.net\/wordpress\/wp-content\/uploads\/2024\/08\/Senza-nome-56.png","_links":{"self":[{"href":"https:\/\/www.radiopiu.net\/wordpress\/wp-json\/wp\/v2\/posts\/405479","targetHints":{"allow":["GET"]}}],"collection":[{"href":"https:\/\/www.radiopiu.net\/wordpress\/wp-json\/wp\/v2\/posts"}],"about":[{"href":"https:\/\/www.radiopiu.net\/wordpress\/wp-json\/wp\/v2\/types\/post"}],"author":[{"embeddable":true,"href":"https:\/\/www.radiopiu.net\/wordpress\/wp-json\/wp\/v2\/users\/4"}],"replies":[{"embeddable":true,"href":"https:\/\/www.radiopiu.net\/wordpress\/wp-json\/wp\/v2\/comments?post=405479"}],"version-history":[{"count":1,"href":"https:\/\/www.radiopiu.net\/wordpress\/wp-json\/wp\/v2\/posts\/405479\/revisions"}],"predecessor-version":[{"id":405480,"href":"https:\/\/www.radiopiu.net\/wordpress\/wp-json\/wp\/v2\/posts\/405479\/revisions\/405480"}],"wp:featuredmedia":[{"embeddable":true,"href":"https:\/\/www.radiopiu.net\/wordpress\/wp-json\/wp\/v2\/media\/405463"}],"wp:attachment":[{"href":"https:\/\/www.radiopiu.net\/wordpress\/wp-json\/wp\/v2\/media?parent=405479"}],"wp:term":[{"taxonomy":"category","embeddable":true,"href":"https:\/\/www.radiopiu.net\/wordpress\/wp-json\/wp\/v2\/categories?post=405479"},{"taxonomy":"post_tag","embeddable":true,"href":"https:\/\/www.radiopiu.net\/wordpress\/wp-json\/wp\/v2\/tags?post=405479"}],"curies":[{"name":"wp","href":"https:\/\/api.w.org\/{rel}","templated":true}]}}