{"id":405567,"date":"2024-08-21T05:32:41","date_gmt":"2024-08-21T03:32:41","guid":{"rendered":"https:\/\/www.radiopiu.net\/wordpress\/?p=405567"},"modified":"2024-08-21T05:45:51","modified_gmt":"2024-08-21T03:45:51","slug":"dillo-a-radio-piu-disservizi-vodafone-a-cencenighe","status":"publish","type":"post","link":"https:\/\/www.radiopiu.net\/wordpress\/dillo-a-radio-piu-disservizi-vodafone-a-cencenighe\/","title":{"rendered":"DILLO A RADIO PIU&#8217;&#8230;DISSERVIZI QUOTIDIANI"},"content":{"rendered":"<p>*******<\/p>\n<p>REDAZIONE Seconda segnalazione in pochi giorni. Assenza di segnale telefonico ad Alleghe, problematica per la quale si era attivato anche il sindaco Danilo De Toni.<\/p>\n<p>&nbsp;<\/p>\n<p><em>Volevo segnalare un problema che persiste ormai da parecchio tempo. In alcuni posti a Caprile, in particolare in tre vie ci sono seri problemi di telefonia con tutti i gestori che sono stai prontamente avvisati ma la risposta \u00e8 stata che non c&#8217;\u00e8 alcun problema. Non abbiamo ricezione o scarsa e internet ballerino. \u00c8 stato segnalato il problema anche al sindaco che si \u00e8 mosso. Ma non \u00e8 cambiato niente se non che va ancora peggio. Addirittura vodafone in queste vie \u00e8 completamente morto da 5 giorni. Non siamo nel terzo mondo ma \u00e8 come se lo fossimo. Speriamo di avere un qualche riscontro perch\u00e9 non sappiamo pi\u00f9 cosa fare. Grazie mille<\/em><\/p>\n<p>&nbsp;<\/p>\n<p>&nbsp;<\/p>\n<p>&nbsp;<\/p>\n<hr \/>\n<p><span style=\"color: #ff0000;\"><strong>17 agosto 2023<\/strong><\/span><\/p>\n<p><strong>DILLO A RADIO PIU&#8217;&#8230;DISSERVIZI VODAFONE A CENCENIGHE<\/strong><\/p>\n<p><strong><a class=\"dt-pswp-item\" href=\"https:\/\/www.radiopiu.net\/wordpress\/wp-content\/uploads\/2024\/08\/c00264af-1b07-470e-8474-b9c3ba7db976.jpg\" data-dt-img-description=\"\" data-large_image_width=\"411\" data-large_image_height=\"624\"><img loading=\"lazy\" decoding=\"async\" class=\" wp-image-405572 alignleft\" src=\"https:\/\/www.radiopiu.net\/wordpress\/wp-content\/uploads\/2024\/08\/c00264af-1b07-470e-8474-b9c3ba7db976-198x300.jpg\" alt=\"\" width=\"89\" height=\"135\" srcset=\"https:\/\/www.radiopiu.net\/wordpress\/wp-content\/uploads\/2024\/08\/c00264af-1b07-470e-8474-b9c3ba7db976-198x300.jpg 198w, https:\/\/www.radiopiu.net\/wordpress\/wp-content\/uploads\/2024\/08\/c00264af-1b07-470e-8474-b9c3ba7db976.jpg 411w\" sizes=\"auto, (max-width: 89px) 100vw, 89px\" \/><\/a>RICEVIAMO E PUBBLICHIAMO<\/strong><\/p>\n<p>Sono 5 giorni che a Cencenighe la linea Vodafone va e viene, noi che viviamo nelle frazioni non abbiamo la Fibra e non c&#8217;\u00e8 nemmeno la voglia di portarla pertanto ci arrangiamo alla meglio, io e altre persone abbiamo contratti con le reti FWA dei vari gestori ma se nemmeno quelle funzionano come possiamo fare a navigare in internet? Un tecnico contattato mi ha riferito che se nessuno va sul ponte di Martin a ripristinarlo il disagio non viene risolto. Ma \u00e8 mai possibile che nessuno si prenda la briga di farlo?<\/p>\n<p>&nbsp;<\/p>\n<p>&nbsp;<\/p>\n<p>********<\/p>\n<p>&nbsp;<\/p>\n","protected":false},"excerpt":{"rendered":"<p>******* REDAZIONE Seconda segnalazione in pochi giorni. Assenza di segnale telefonico ad Alleghe, problematica per la quale si era attivato anche il sindaco Danilo De Toni. &nbsp; Volevo segnalare un problema che persiste ormai da parecchio tempo. In alcuni posti a Caprile, in particolare in tre vie ci sono seri problemi di telefonia con tutti&hellip;<\/p>\n","protected":false},"author":4,"featured_media":224873,"comment_status":"closed","ping_status":"closed","sticky":false,"template":"","format":"standard","meta":{"_monsterinsights_skip_tracking":false,"_monsterinsights_sitenote_active":false,"_monsterinsights_sitenote_note":"","_monsterinsights_sitenote_category":0,"footnotes":""},"categories":[51,49],"tags":[],"class_list":["post-405567","post","type-post","status-publish","format-standard","has-post-thumbnail","hentry","category-evidenza-top","category-news-18","category-51","category-49","description-off"],"img_url":"https:\/\/www.radiopiu.net\/wordpress\/wp-content\/uploads\/2021\/07\/antenne-cellulare.jpg","_links":{"self":[{"href":"https:\/\/www.radiopiu.net\/wordpress\/wp-json\/wp\/v2\/posts\/405567","targetHints":{"allow":["GET"]}}],"collection":[{"href":"https:\/\/www.radiopiu.net\/wordpress\/wp-json\/wp\/v2\/posts"}],"about":[{"href":"https:\/\/www.radiopiu.net\/wordpress\/wp-json\/wp\/v2\/types\/post"}],"author":[{"embeddable":true,"href":"https:\/\/www.radiopiu.net\/wordpress\/wp-json\/wp\/v2\/users\/4"}],"replies":[{"embeddable":true,"href":"https:\/\/www.radiopiu.net\/wordpress\/wp-json\/wp\/v2\/comments?post=405567"}],"version-history":[{"count":3,"href":"https:\/\/www.radiopiu.net\/wordpress\/wp-json\/wp\/v2\/posts\/405567\/revisions"}],"predecessor-version":[{"id":406034,"href":"https:\/\/www.radiopiu.net\/wordpress\/wp-json\/wp\/v2\/posts\/405567\/revisions\/406034"}],"wp:featuredmedia":[{"embeddable":true,"href":"https:\/\/www.radiopiu.net\/wordpress\/wp-json\/wp\/v2\/media\/224873"}],"wp:attachment":[{"href":"https:\/\/www.radiopiu.net\/wordpress\/wp-json\/wp\/v2\/media?parent=405567"}],"wp:term":[{"taxonomy":"category","embeddable":true,"href":"https:\/\/www.radiopiu.net\/wordpress\/wp-json\/wp\/v2\/categories?post=405567"},{"taxonomy":"post_tag","embeddable":true,"href":"https:\/\/www.radiopiu.net\/wordpress\/wp-json\/wp\/v2\/tags?post=405567"}],"curies":[{"name":"wp","href":"https:\/\/api.w.org\/{rel}","templated":true}]}}