{"id":405580,"date":"2024-08-17T15:07:39","date_gmt":"2024-08-17T13:07:39","guid":{"rendered":"https:\/\/www.radiopiu.net\/wordpress\/?p=405580"},"modified":"2024-08-17T15:07:39","modified_gmt":"2024-08-17T13:07:39","slug":"maltempo-in-arrivo-allerta-gialla-per-criticita-idrogeologica-e-temporali","status":"publish","type":"post","link":"https:\/\/www.radiopiu.net\/wordpress\/maltempo-in-arrivo-allerta-gialla-per-criticita-idrogeologica-e-temporali\/","title":{"rendered":"MALTEMPO IN ARRIVO, ALLERTA GIALLA PER CRITICITA&#8217; IDROGEOLOGICA E TEMPORALI"},"content":{"rendered":"<p>******<\/p>\n<p>&nbsp;<\/p>\n<p><strong><a class=\"dt-pswp-item\" href=\"https:\/\/www.radiopiu.net\/wordpress\/wp-content\/uploads\/2020\/08\/TEMPORALE.jpg\" data-dt-img-description=\"\" data-large_image_width=\"1920\" data-large_image_height=\"1080\"><img loading=\"lazy\" decoding=\"async\" class=\" wp-image-158236 alignleft\" src=\"https:\/\/www.radiopiu.net\/wordpress\/wp-content\/uploads\/2020\/08\/TEMPORALE-300x169.jpg\" alt=\"\" width=\"192\" height=\"108\" srcset=\"https:\/\/www.radiopiu.net\/wordpress\/wp-content\/uploads\/2020\/08\/TEMPORALE-300x169.jpg 300w, https:\/\/www.radiopiu.net\/wordpress\/wp-content\/uploads\/2020\/08\/TEMPORALE-1024x576.jpg 1024w, https:\/\/www.radiopiu.net\/wordpress\/wp-content\/uploads\/2020\/08\/TEMPORALE-768x432.jpg 768w, https:\/\/www.radiopiu.net\/wordpress\/wp-content\/uploads\/2020\/08\/TEMPORALE-1536x864.jpg 1536w, https:\/\/www.radiopiu.net\/wordpress\/wp-content\/uploads\/2020\/08\/TEMPORALE-640x360.jpg 640w, https:\/\/www.radiopiu.net\/wordpress\/wp-content\/uploads\/2020\/08\/TEMPORALE.jpg 1920w\" sizes=\"auto, (max-width: 192px) 100vw, 192px\" \/><\/a>VENEZIA <\/strong>Il Centro Funzionale Decentrato della Protezione Civile della Regione del Veneto, al fine di garantire un monitoraggio costante della situazione e la massima prontezza operativa, ha emesso un avviso di criticit\u00e0 idrogeologica ed idraulica che dichiara lo stato di attenzione (allerta gialla) per criticit\u00e0 idrogeologica per temporali su tutto il territorio regionale. Inoltre, viene dichiarata la fase di attenzione per criticit\u00e0 idrogeologica (allerta gialla) in riferimento ai bacini Po, Fissero-Tartaro-CanalBianco e Basso Adige; Basso Brenta -Bacchiglione; Basso Piave, Sile e Bacino scolante in laguna. L\u2019avviso vale dalla mezzanotte di oggi fino alle ore 18 di luned\u00ec 19 agosto 2024. Per quanto riguarda le previsioni meteorologiche, tra la tarda serata di oggi e nella giornata di domani, \u00e8 prevista una fase di tempo instabile a tratti perturbato, con frequenti precipitazioni a prevalente carattere di rovescio e temporale, che interesseranno gran parte della regione con possibili fenomeni anche di forte intensit\u00e0 (forti rovesci, locali grandinate, forti raffiche divento). Luned\u00ec permane una circolazione ciclonica con Bora scura sull&#8217;Alto Adriatico che porter\u00e0 delle precipitazioni diffuse e consistenti anche a carattere di rovescio o temporale, soprattutto su pianura e costa, in esaurimento dalla serata.<\/p>\n<p>&nbsp;<\/p>\n<p>&nbsp;<\/p>\n<p>******<\/p>\n","protected":false},"excerpt":{"rendered":"<p>****** &nbsp; VENEZIA Il Centro Funzionale Decentrato della Protezione Civile della Regione del Veneto, al fine di garantire un monitoraggio costante della situazione e la massima prontezza operativa, ha emesso un avviso di criticit\u00e0 idrogeologica ed idraulica che dichiara lo stato di attenzione (allerta gialla) per criticit\u00e0 idrogeologica per temporali su tutto il territorio regionale.&hellip;<\/p>\n","protected":false},"author":4,"featured_media":158236,"comment_status":"closed","ping_status":"closed","sticky":false,"template":"","format":"standard","meta":{"_monsterinsights_skip_tracking":false,"_monsterinsights_sitenote_active":false,"_monsterinsights_sitenote_note":"","_monsterinsights_sitenote_category":0,"footnotes":""},"categories":[49],"tags":[],"class_list":["post-405580","post","type-post","status-publish","format-standard","has-post-thumbnail","hentry","category-news-18","category-49","description-off"],"img_url":"https:\/\/www.radiopiu.net\/wordpress\/wp-content\/uploads\/2020\/08\/TEMPORALE.jpg","_links":{"self":[{"href":"https:\/\/www.radiopiu.net\/wordpress\/wp-json\/wp\/v2\/posts\/405580","targetHints":{"allow":["GET"]}}],"collection":[{"href":"https:\/\/www.radiopiu.net\/wordpress\/wp-json\/wp\/v2\/posts"}],"about":[{"href":"https:\/\/www.radiopiu.net\/wordpress\/wp-json\/wp\/v2\/types\/post"}],"author":[{"embeddable":true,"href":"https:\/\/www.radiopiu.net\/wordpress\/wp-json\/wp\/v2\/users\/4"}],"replies":[{"embeddable":true,"href":"https:\/\/www.radiopiu.net\/wordpress\/wp-json\/wp\/v2\/comments?post=405580"}],"version-history":[{"count":1,"href":"https:\/\/www.radiopiu.net\/wordpress\/wp-json\/wp\/v2\/posts\/405580\/revisions"}],"predecessor-version":[{"id":405588,"href":"https:\/\/www.radiopiu.net\/wordpress\/wp-json\/wp\/v2\/posts\/405580\/revisions\/405588"}],"wp:featuredmedia":[{"embeddable":true,"href":"https:\/\/www.radiopiu.net\/wordpress\/wp-json\/wp\/v2\/media\/158236"}],"wp:attachment":[{"href":"https:\/\/www.radiopiu.net\/wordpress\/wp-json\/wp\/v2\/media?parent=405580"}],"wp:term":[{"taxonomy":"category","embeddable":true,"href":"https:\/\/www.radiopiu.net\/wordpress\/wp-json\/wp\/v2\/categories?post=405580"},{"taxonomy":"post_tag","embeddable":true,"href":"https:\/\/www.radiopiu.net\/wordpress\/wp-json\/wp\/v2\/tags?post=405580"}],"curies":[{"name":"wp","href":"https:\/\/api.w.org\/{rel}","templated":true}]}}