{"id":405589,"date":"2024-08-17T15:13:46","date_gmt":"2024-08-17T13:13:46","guid":{"rendered":"https:\/\/www.radiopiu.net\/wordpress\/?p=405589"},"modified":"2024-08-19T05:24:52","modified_gmt":"2024-08-19T03:24:52","slug":"frana-del-fadalto-anas-risponde","status":"publish","type":"post","link":"https:\/\/www.radiopiu.net\/wordpress\/frana-del-fadalto-anas-risponde\/","title":{"rendered":"FRANA DEL FADALTO: ANAS RISPONDE"},"content":{"rendered":"<p>******<\/p>\n<p>&nbsp;<\/p>\n<p><strong>VENEZIA<\/strong> In merito alle dichiarazioni riportate dalla stampa circa i lavori in corso sulla strada statale 51 \u201cdi Alemagna\u201d nel comune di Vittorio Veneto, in provincia di Treviso, Anas precisa che le complesse attivit\u00e0 necessarie al ripristino della circolazione nel tratto gravemente danneggiato da una frana, sono state avviate immediatamente dopo\u00a0l\u2019evento. I lavori sono stati temporaneamente sospesi solo nei giorni a cavallo del Ferragosto nel rispetto dei diritti dei lavoratori impiegati nel cantiere da parte delle imprese esecutrici che operano sia per conto di Anas che degli altri soggetti coinvolti, le cui attivit\u00e0 sono strettamente interconnesse. Tutte le attivit\u00e0 saranno di nuovo a pieno regime gi\u00e0 da luned\u00ec, con l\u2019obiettivo di ripristinare in sicurezza la circolazione nel pi\u00f9 breve tempo possibile.<\/p>\n<p>&nbsp;<\/p>\n<p>&nbsp;<\/p>\n<p>********<\/p>\n","protected":false},"excerpt":{"rendered":"<p>****** &nbsp; VENEZIA In merito alle dichiarazioni riportate dalla stampa circa i lavori in corso sulla strada statale 51 \u201cdi Alemagna\u201d nel comune di Vittorio Veneto, in provincia di Treviso, Anas precisa che le complesse attivit\u00e0 necessarie al ripristino della circolazione nel tratto gravemente danneggiato da una frana, sono state avviate immediatamente dopo\u00a0l\u2019evento. I lavori&hellip;<\/p>\n","protected":false},"author":4,"featured_media":213422,"comment_status":"closed","ping_status":"closed","sticky":false,"template":"","format":"standard","meta":{"_monsterinsights_skip_tracking":false,"_monsterinsights_sitenote_active":false,"_monsterinsights_sitenote_note":"","_monsterinsights_sitenote_category":0,"footnotes":""},"categories":[51,49],"tags":[],"class_list":["post-405589","post","type-post","status-publish","format-standard","has-post-thumbnail","hentry","category-evidenza-top","category-news-18","category-51","category-49","description-off"],"img_url":"https:\/\/www.radiopiu.net\/wordpress\/wp-content\/uploads\/2021\/06\/anas.png","_links":{"self":[{"href":"https:\/\/www.radiopiu.net\/wordpress\/wp-json\/wp\/v2\/posts\/405589","targetHints":{"allow":["GET"]}}],"collection":[{"href":"https:\/\/www.radiopiu.net\/wordpress\/wp-json\/wp\/v2\/posts"}],"about":[{"href":"https:\/\/www.radiopiu.net\/wordpress\/wp-json\/wp\/v2\/types\/post"}],"author":[{"embeddable":true,"href":"https:\/\/www.radiopiu.net\/wordpress\/wp-json\/wp\/v2\/users\/4"}],"replies":[{"embeddable":true,"href":"https:\/\/www.radiopiu.net\/wordpress\/wp-json\/wp\/v2\/comments?post=405589"}],"version-history":[{"count":1,"href":"https:\/\/www.radiopiu.net\/wordpress\/wp-json\/wp\/v2\/posts\/405589\/revisions"}],"predecessor-version":[{"id":405591,"href":"https:\/\/www.radiopiu.net\/wordpress\/wp-json\/wp\/v2\/posts\/405589\/revisions\/405591"}],"wp:featuredmedia":[{"embeddable":true,"href":"https:\/\/www.radiopiu.net\/wordpress\/wp-json\/wp\/v2\/media\/213422"}],"wp:attachment":[{"href":"https:\/\/www.radiopiu.net\/wordpress\/wp-json\/wp\/v2\/media?parent=405589"}],"wp:term":[{"taxonomy":"category","embeddable":true,"href":"https:\/\/www.radiopiu.net\/wordpress\/wp-json\/wp\/v2\/categories?post=405589"},{"taxonomy":"post_tag","embeddable":true,"href":"https:\/\/www.radiopiu.net\/wordpress\/wp-json\/wp\/v2\/tags?post=405589"}],"curies":[{"name":"wp","href":"https:\/\/api.w.org\/{rel}","templated":true}]}}