{"id":405593,"date":"2024-08-19T05:10:31","date_gmt":"2024-08-19T03:10:31","guid":{"rendered":"https:\/\/www.radiopiu.net\/wordpress\/?p=405593"},"modified":"2024-08-19T05:22:47","modified_gmt":"2024-08-19T03:22:47","slug":"scivola-sul-sentiero-e-si-fa-male-stessa-sorte-per-la-moglie-nel-tentativo-di-aiutarlo","status":"publish","type":"post","link":"https:\/\/www.radiopiu.net\/wordpress\/scivola-sul-sentiero-e-si-fa-male-stessa-sorte-per-la-moglie-nel-tentativo-di-aiutarlo\/","title":{"rendered":"SCIVOLA SUL SENTIERO E SI FA MALE, STESSA SORTE PER LA MOGLIE NEL TENTATIVO DI AIUTARLO"},"content":{"rendered":"<p>*******<\/p>\n<p>&nbsp;<\/p>\n<p><strong><a class=\"dt-pswp-item\" href=\"https:\/\/www.radiopiu.net\/wordpress\/wp-content\/uploads\/2021\/07\/fb9dd0e0-d5e5-489c-a831-6502938db7ce.jpg\" data-dt-img-description=\"\" data-large_image_width=\"1080\" data-large_image_height=\"810\"><img loading=\"lazy\" decoding=\"async\" class=\" wp-image-222520 alignleft\" src=\"https:\/\/www.radiopiu.net\/wordpress\/wp-content\/uploads\/2021\/07\/fb9dd0e0-d5e5-489c-a831-6502938db7ce-300x225.jpg\" alt=\"\" width=\"191\" height=\"143\" srcset=\"https:\/\/www.radiopiu.net\/wordpress\/wp-content\/uploads\/2021\/07\/fb9dd0e0-d5e5-489c-a831-6502938db7ce-300x225.jpg 300w, https:\/\/www.radiopiu.net\/wordpress\/wp-content\/uploads\/2021\/07\/fb9dd0e0-d5e5-489c-a831-6502938db7ce-1024x768.jpg 1024w, https:\/\/www.radiopiu.net\/wordpress\/wp-content\/uploads\/2021\/07\/fb9dd0e0-d5e5-489c-a831-6502938db7ce-768x576.jpg 768w, https:\/\/www.radiopiu.net\/wordpress\/wp-content\/uploads\/2021\/07\/fb9dd0e0-d5e5-489c-a831-6502938db7ce.jpg 1080w\" sizes=\"auto, (max-width: 191px) 100vw, 191px\" \/><\/a>SELVA DI CADORE <\/strong>Falco 2 \u00e8 intervenuto sulla sella che separa due cime del Monte Crot, a seguito della chiamata, attorno alle 10, della figlia di un uomo che si era infortunato, dopo essere scivolato dal sentiero. Il 64enne di Canale d&#8217;Agordo, che si trovava con la moglie e aveva riportato contusioni alle braccia e alle gambe, \u00e8 stato raggiunto dall&#8217;equipe medica e dal tecnico di elisoccorso sbarcati in hovering a 10 metri di distanza. L&#8217;uomo \u00e8 stato caricato a bordo con la stessa modalit\u00e0, per essere trasportato all&#8217;ospedale di Belluno. Anche la moglie di 62 anni \u00e8 stata recuperata e portata al pronto soccorso, in quanto si era fatta lei stessa male a una mano nel tentativo di aiutare il marito.<\/p>\n<p>&nbsp;<\/p>\n<p>&nbsp;<\/p>\n<p>*******<\/p>\n","protected":false},"excerpt":{"rendered":"<p>******* &nbsp; SELVA DI CADORE Falco 2 \u00e8 intervenuto sulla sella che separa due cime del Monte Crot, a seguito della chiamata, attorno alle 10, della figlia di un uomo che si era infortunato, dopo essere scivolato dal sentiero. Il 64enne di Canale d&#8217;Agordo, che si trovava con la moglie e aveva riportato contusioni alle&hellip;<\/p>\n","protected":false},"author":4,"featured_media":222520,"comment_status":"closed","ping_status":"closed","sticky":false,"template":"","format":"standard","meta":{"_monsterinsights_skip_tracking":false,"_monsterinsights_sitenote_active":false,"_monsterinsights_sitenote_note":"","_monsterinsights_sitenote_category":0,"footnotes":""},"categories":[51,49],"tags":[],"class_list":["post-405593","post","type-post","status-publish","format-standard","has-post-thumbnail","hentry","category-evidenza-top","category-news-18","category-51","category-49","description-off"],"img_url":"https:\/\/www.radiopiu.net\/wordpress\/wp-content\/uploads\/2021\/07\/fb9dd0e0-d5e5-489c-a831-6502938db7ce.jpg","_links":{"self":[{"href":"https:\/\/www.radiopiu.net\/wordpress\/wp-json\/wp\/v2\/posts\/405593","targetHints":{"allow":["GET"]}}],"collection":[{"href":"https:\/\/www.radiopiu.net\/wordpress\/wp-json\/wp\/v2\/posts"}],"about":[{"href":"https:\/\/www.radiopiu.net\/wordpress\/wp-json\/wp\/v2\/types\/post"}],"author":[{"embeddable":true,"href":"https:\/\/www.radiopiu.net\/wordpress\/wp-json\/wp\/v2\/users\/4"}],"replies":[{"embeddable":true,"href":"https:\/\/www.radiopiu.net\/wordpress\/wp-json\/wp\/v2\/comments?post=405593"}],"version-history":[{"count":1,"href":"https:\/\/www.radiopiu.net\/wordpress\/wp-json\/wp\/v2\/posts\/405593\/revisions"}],"predecessor-version":[{"id":405594,"href":"https:\/\/www.radiopiu.net\/wordpress\/wp-json\/wp\/v2\/posts\/405593\/revisions\/405594"}],"wp:featuredmedia":[{"embeddable":true,"href":"https:\/\/www.radiopiu.net\/wordpress\/wp-json\/wp\/v2\/media\/222520"}],"wp:attachment":[{"href":"https:\/\/www.radiopiu.net\/wordpress\/wp-json\/wp\/v2\/media?parent=405593"}],"wp:term":[{"taxonomy":"category","embeddable":true,"href":"https:\/\/www.radiopiu.net\/wordpress\/wp-json\/wp\/v2\/categories?post=405593"},{"taxonomy":"post_tag","embeddable":true,"href":"https:\/\/www.radiopiu.net\/wordpress\/wp-json\/wp\/v2\/tags?post=405593"}],"curies":[{"name":"wp","href":"https:\/\/api.w.org\/{rel}","templated":true}]}}