{"id":405756,"date":"2024-08-19T07:55:54","date_gmt":"2024-08-19T05:55:54","guid":{"rendered":"https:\/\/www.radiopiu.net\/wordpress\/?p=405756"},"modified":"2024-08-19T07:22:34","modified_gmt":"2024-08-19T05:22:34","slug":"dal-1983-alle-8-del-mattino-la-rassegna-stampa-locale-non-solo-giornali","status":"publish","type":"post","link":"https:\/\/www.radiopiu.net\/wordpress\/dal-1983-alle-8-del-mattino-la-rassegna-stampa-locale-non-solo-giornali\/","title":{"rendered":"DAL 1983 ALLE 8 DEL MATTINO&#8230; LA RASSEGNA STAMPA LOCALE non solo giornali!"},"content":{"rendered":"<p>**<\/p>\n<p>&nbsp;<\/p>\n<p>&nbsp;<\/p>\n<p>buongiorno Marina<br \/>\ne bona settimana bacini<\/p>\n<p><a class=\"dt-pswp-item\" href=\"https:\/\/www.radiopiu.net\/wordpress\/wp-content\/uploads\/2024\/08\/454751409_122172171332205556_2332548234246393798_n.jpg\" data-dt-img-description=\"\" data-large_image_width=\"526\" data-large_image_height=\"526\"><img loading=\"lazy\" decoding=\"async\" class=\"wp-image-405728 alignleft\" src=\"https:\/\/www.radiopiu.net\/wordpress\/wp-content\/uploads\/2024\/08\/454751409_122172171332205556_2332548234246393798_n-300x300.jpg\" alt=\"\" width=\"145\" height=\"145\" srcset=\"https:\/\/www.radiopiu.net\/wordpress\/wp-content\/uploads\/2024\/08\/454751409_122172171332205556_2332548234246393798_n-300x300.jpg 300w, https:\/\/www.radiopiu.net\/wordpress\/wp-content\/uploads\/2024\/08\/454751409_122172171332205556_2332548234246393798_n-150x150.jpg 150w, https:\/\/www.radiopiu.net\/wordpress\/wp-content\/uploads\/2024\/08\/454751409_122172171332205556_2332548234246393798_n.jpg 526w\" sizes=\"auto, (max-width: 145px) 100vw, 145px\" \/><\/a>OGGI ALLA RADIO\u2026. ALLE 4 E ALLE 6 LE NOTIZIE DALL\u2019ITALIA E DAL MONDO 6.15 PIROLE DE LENGA A CURA DEL MUSLA 7.20 EL BAL DEL FIORI, DETTI E TRADIZIONI DI GIULIANA DA RONCH 8.05 LA RASSEGNA STAMPA LOCALE 8.30 PIU\u2018 SIAMO IL PROGRAMMA DI MARINA DONA\u2019 900 OGGI COME IERI DI SILVIA BALDO 9.35 I RACCONTI DI PAOLO SOPPELSA 9.40 VIABILITA\u2019 CON BOTOL CAR SERVICE (AGORDO-SEDICO-FELTRE) 11.10 LA STORIA DEL FESTIVALBAR DI MIRCO BENCIVENNI 12.00 VA TUTTO LISCIO 12.30 GIORNALE RADIO PRINCIPALE 14.00 ZAINO IN SPALLA CON CLAUDIO PRA ED EVA GABRIELI 15.00 RITRATTI DI VOCE, DI ALESSIA DALL\u2019O, OSPITE ROBERTO PADRIN 16 IL ROCK DI MARCO COSTANTINI 1645 LE HIT DI MIRCO BENCIVENNI 18.00 PIU\u2019 DANCE LE SELEZIONI CHE FANNO SALTARE DI DJ JACK, JACOPO DEL TEDESCO 19 LE ANTICIPAZIONI DAL TG DI ANTENNA 3 DI TIZIANA BOLOGNANI<\/p>\n<p>&nbsp;<\/p>\n<p><img decoding=\"async\" class=\"aligncenter\" src=\"https:\/\/www.radiopiu.net\/wordpress\/wp-content\/uploads\/2024\/08\/Senza-nome-65.png\" \/><\/p>\n<p>&nbsp;<\/p>\n<p>&nbsp;<\/p>\n<p>BELLUNO Genio Melis, 46 anni, \u00e8 stato trovato morto nel suo letto a Cavarzano nella notte tra sabato e domenica. Lavorava come addetto alla sicurezza per CSS Security e aveva appena concluso il turno per un concerto. La sorella, preoccupata perch\u00e9 non rispondeva al telefono, lo ha trovato privo di vita. Sul comodino sono state trovate medicine, ma la causa esatta del decesso sar\u00e0 chiarita dall\u2019autopsia. Originario della Sardegna, Melis viveva da solo<br \/>\nALPAGO Sabato alle 13, una 31enne austriaca ha avuto una reazione allergica a una puntura d\u2019insetto mentre si trovava in cima al Col Nudo in Alpago. Falco 2 ha individuato la donna e, dopo aver sbarcato il tecnico di elisoccorso in hovering, l\u2019ha spostata con l\u2019aiuto del compagno a un punto accessibile per l\u2019imbarco. La donna \u00e8 stata trasportata all\u2019ospedale di Belluno.<br \/>\nAGORDO Per il terzo anno consecutivo il Toccol si aggiudica il Palio Dei Cento. I gialli vincono tre prove su sei dell\u2019edizione 2024. Il Centro gioca bene il jolly nella prova a staffetta ma non brilla nelle altre prove mentre Rif si piazza al secondo posto anche grazie a dei buoni piazzamenti oltre alla vittoria nel tiro alla fune. Il Memorial Toni Guadagnini \u00e8 di Nicola Costantini del Centro che con il suo 7\u201903\u201d81 \u00e8 stato il pi\u00f9 veloce nella prova a staffetta. Il bronzo di Cesare Benvegn\u00f9 torna a Toccol per l\u2019undicesima volta nella storia.<br \/>\nMINIPALIO<br \/>\nLa 29esima edizione del MiniPalio dedicato ai giovani under 12 va al Centro 1. Ottima prestazione della prima squadra del centro di Agordo che vincendo la corsa a staffetta, e giocando il jolly proprio nella prima prova. La squadra di Toccol ci ha provato a fare la guastafeste ma non ci \u00e8 riuscita finendo al settimo posto proprio nel tiro alla fune.<\/p>\n<p>&nbsp;<\/p>\n<p><a class=\"dt-pswp-item\" href=\"https:\/\/www.radiopiu.net\/wordpress\/wp-content\/uploads\/2024\/08\/Senza-nome-64.png\" data-dt-img-description=\"\" data-large_image_width=\"342\" data-large_image_height=\"228\"><img loading=\"lazy\" decoding=\"async\" class=\"wp-image-405758 size-full aligncenter\" src=\"https:\/\/www.radiopiu.net\/wordpress\/wp-content\/uploads\/2024\/08\/Senza-nome-64.png\" alt=\"\" width=\"342\" height=\"228\" srcset=\"https:\/\/www.radiopiu.net\/wordpress\/wp-content\/uploads\/2024\/08\/Senza-nome-64.png 342w, https:\/\/www.radiopiu.net\/wordpress\/wp-content\/uploads\/2024\/08\/Senza-nome-64-300x200.png 300w\" sizes=\"auto, (max-width: 342px) 100vw, 342px\" \/><\/a><\/p>\n<p>&nbsp;<\/p>\n<p>&nbsp;<\/p>\n<p><a class=\"dt-pswp-item\" href=\"https:\/\/www.radiopiu.net\/wordpress\/wp-content\/uploads\/2024\/08\/bfb928fc-871b-414d-a026-c402a45fe236.jpg\" data-dt-img-description=\"\" data-large_image_width=\"1600\" data-large_image_height=\"1200\"><img loading=\"lazy\" decoding=\"async\" class=\"size-medium wp-image-405674 alignleft\" src=\"https:\/\/www.radiopiu.net\/wordpress\/wp-content\/uploads\/2024\/08\/bfb928fc-871b-414d-a026-c402a45fe236-300x225.jpg\" alt=\"\" width=\"300\" height=\"225\" srcset=\"https:\/\/www.radiopiu.net\/wordpress\/wp-content\/uploads\/2024\/08\/bfb928fc-871b-414d-a026-c402a45fe236-300x225.jpg 300w, https:\/\/www.radiopiu.net\/wordpress\/wp-content\/uploads\/2024\/08\/bfb928fc-871b-414d-a026-c402a45fe236-1024x768.jpg 1024w, https:\/\/www.radiopiu.net\/wordpress\/wp-content\/uploads\/2024\/08\/bfb928fc-871b-414d-a026-c402a45fe236-768x576.jpg 768w, https:\/\/www.radiopiu.net\/wordpress\/wp-content\/uploads\/2024\/08\/bfb928fc-871b-414d-a026-c402a45fe236-1536x1152.jpg 1536w, https:\/\/www.radiopiu.net\/wordpress\/wp-content\/uploads\/2024\/08\/bfb928fc-871b-414d-a026-c402a45fe236.jpg 1600w\" sizes=\"auto, (max-width: 300px) 100vw, 300px\" \/><\/a>RITROVATO NEL TARDO POMERIGGIO DI SABATO UN ANZIANO CERCATORE DI FUNGHI<br \/>\nA Domegge di Cadore, un 82enne di Teolo (PD) \u00e8 stato dato per disperso dopo non essere rientrato da una ricerca di funghi nei pressi del Rifugio Padova. Il Soccorso alpino, con unit\u00e0 cinofile e un drone, ha avviato le ricerche. Fortunatamente, il cellulare dell\u2019uomo \u00e8 tornato sotto copertura, permettendo ai soccorritori di localizzarlo. L\u2019anziano \u00e8 stato trovato in buone condizioni, seppur confuso e con lievi escoriazioni, vicino a un corso d\u2019acqua. Dopo essere stato aiutato a superare un dirupo, \u00e8 stato trasportato in ospedale per accertamenti.<br \/>\nSEDICO I Vigili del Fuoco di Agordo sono intervenuti sabato alle 15:46 nel comune di Sedico, sulla Strada Regionale 203 Agordina, per un incidente che ha coinvolto due auto. Quattro persone sono rimaste ferite e sono state trasportate all\u2019ospedale di Belluno. La squadra dei vigili del fuoco accorsa da Agordo ha messo in sicurezza i mezzi e prestato assistenza ad una famiglia di due adulti con due bambini a bordo che, dopo essere stati stabilizzati sul posto dal personale del 118, sono stati trasferiti in ospedale<br \/>\nSETTEVILLE Intervento dei Vigili del Fuoco sabato alle 16 per un incidente stradale che ha coinvolto una corriera e un\u2019auto sulla SP348 Feltrina, al km 38. Il conducente dell\u2019auto \u00e8 rimasto ferito. Le squadre dei Vigili del Fuoco, giunte da Feltre e con i volontari del Basso-Feltrino, hanno messo in sicurezza i veicoli e, in collaborazione con il personale sanitario, hanno estratto il conducente ferito, che \u00e8 stato poi preso in cura. La corriera, che effettuava il servizio sostitutivo ferroviario sulla tratta Montebelluna-Belluno, trasportava una quindicina di persone, tutte illese.<br \/>\nFALCADE I Vigili del Fuoco sono intervenuti sabato alle 11:54, nel comune di Falcade, sulla strada del Passo San Pellegrino, per un\u2019auto uscita autonomamente fuori strada. La conducente del veicolo \u00e8 stata presa in cura dalla Croce Verde Val Biois e condotta all\u2019ospedale Papa Luciani di Agordo per accertamenti. Le squadre dei Vigili del Fuoco di Agordo e i volontari di Canale d\u2019Agordo hanno messo in sicurezza e recuperato l\u2019auto. Sul posto sono intervenuti anche il SUEM e i Carabinieri di Falcade e Agordo. Le operazioni si sono concluse alle ore 13:30 circa.<\/p>\n<p>CHIES D\u2019ALPAGO Intervento dei Vigili del Fuoco sabato attorno alle 11:00, per un incendio sul tetto di un\u2019abitazione in via Monte Cavallo a Chies d\u2019Alpago. Fortunatamente, nessuna persona era presente all\u2019interno della casa. Le squadre dei Vigili del Fuoco, giunte dalla centrale di Belluno, da Pieve di Cadore e dal distaccamento volontario di Alpago, sono intervenute con un\u2019autopompa, due autobotti e un\u2019autoscala. L\u2019incendio ha coinvolto principalmente il tetto, dove erano installati dei pannelli fotovoltaici. Dopo aver messo in sicurezza la struttura, le squadre sono rientrate intorno alle 16:30.<br \/>\nREDAZIONE Sono 5 gli interventi del Suem impegnati in incidenti sulle strade del bellunese. A Feltre un 80enne \u00e8 caduto in bicicletta e portato al nosocomio di citt\u00e0. Sempre a Feltre un incidente dove un uomo di 76 \u00e8 rimasto leggermente ferito. Altro incidente in bicicletta sempre a Feltre dove un 57enne \u00e8 stato portato al Santa Maria del Prato con ferite di media gravit\u00e0. Alla galleria di Rivalgo un tamponamento con 3 feriti tra cui un bambino. Infine a Cesiomaggiore un 17enne \u00e8 stato preso iin cura in seguito ad un incidente autonomo con la moto.<br \/>\nLONGARONE In soli tre minuti, un ladro ha sfondato la vetrata del Bar Stazione di Longarone, rubando sigarette e gratta e vinci per un valore di 3-4 mila euro.Utilizzando sassi dai binari, il malvivente ha agito rapidamente, svuotando gli espositori e fuggendo. Le telecamere di sicurezza del bar hanno registrato l\u2019intera scena. Il titolare ha sporto denuncia ai carabinieri, fornendo le immagini e segnalando impronte e tracce di sangue trovate sul posto. La stazione, gi\u00e0 vittima di precedenti atti vandalici, attende lavori di riqualificazione previsti per le Olimpiadi 2026<br \/>\nDOMANI IN VALLE DEL BIOIS<br \/>\nLe comunit\u00e0 locali commemoreranno i luttuosi eventi secondo il programma stilato unitamente dalle amministrazioni comunali di Falcade, Canale d&#8217;Agordo e Vallada.<br \/>\nI Comuni della Valle del Biois si preparano a commemorare l&#8217;80\u00b0 anniversario del XX Agosto 1944, un giorno di grande importanza storica per la comunit\u00e0. IL PROGRAMMA SUL SITO NEL GIORNALE RADIOPIU<\/p>\n<p>&nbsp;<\/p>\n<p>&nbsp;<\/p>\n<p>&nbsp;<\/p>\n<p>&nbsp;<\/p>\n","protected":false},"excerpt":{"rendered":"<p>** &nbsp; &nbsp; buongiorno Marina e bona settimana bacini OGGI ALLA RADIO\u2026. ALLE 4 E ALLE 6 LE NOTIZIE DALL\u2019ITALIA E DAL MONDO 6.15 PIROLE DE LENGA A CURA DEL MUSLA 7.20 EL BAL DEL FIORI, DETTI E TRADIZIONI DI GIULIANA DA RONCH 8.05 LA RASSEGNA STAMPA LOCALE 8.30 PIU\u2018 SIAMO IL PROGRAMMA DI MARINA&hellip;<\/p>\n","protected":false},"author":4,"featured_media":405770,"comment_status":"closed","ping_status":"closed","sticky":false,"template":"","format":"standard","meta":{"_monsterinsights_skip_tracking":false,"_monsterinsights_sitenote_active":false,"_monsterinsights_sitenote_note":"","_monsterinsights_sitenote_category":0,"footnotes":""},"categories":[104,49,142],"tags":[],"class_list":["post-405756","post","type-post","status-publish","format-standard","has-post-thumbnail","hentry","category-evidenza_3","category-news-18","category-rassegna-stampa","category-104","category-49","category-142","description-off"],"img_url":"https:\/\/www.radiopiu.net\/wordpress\/wp-content\/uploads\/2024\/08\/Senza-nome-65.png","_links":{"self":[{"href":"https:\/\/www.radiopiu.net\/wordpress\/wp-json\/wp\/v2\/posts\/405756","targetHints":{"allow":["GET"]}}],"collection":[{"href":"https:\/\/www.radiopiu.net\/wordpress\/wp-json\/wp\/v2\/posts"}],"about":[{"href":"https:\/\/www.radiopiu.net\/wordpress\/wp-json\/wp\/v2\/types\/post"}],"author":[{"embeddable":true,"href":"https:\/\/www.radiopiu.net\/wordpress\/wp-json\/wp\/v2\/users\/4"}],"replies":[{"embeddable":true,"href":"https:\/\/www.radiopiu.net\/wordpress\/wp-json\/wp\/v2\/comments?post=405756"}],"version-history":[{"count":3,"href":"https:\/\/www.radiopiu.net\/wordpress\/wp-json\/wp\/v2\/posts\/405756\/revisions"}],"predecessor-version":[{"id":405771,"href":"https:\/\/www.radiopiu.net\/wordpress\/wp-json\/wp\/v2\/posts\/405756\/revisions\/405771"}],"wp:featuredmedia":[{"embeddable":true,"href":"https:\/\/www.radiopiu.net\/wordpress\/wp-json\/wp\/v2\/media\/405770"}],"wp:attachment":[{"href":"https:\/\/www.radiopiu.net\/wordpress\/wp-json\/wp\/v2\/media?parent=405756"}],"wp:term":[{"taxonomy":"category","embeddable":true,"href":"https:\/\/www.radiopiu.net\/wordpress\/wp-json\/wp\/v2\/categories?post=405756"},{"taxonomy":"post_tag","embeddable":true,"href":"https:\/\/www.radiopiu.net\/wordpress\/wp-json\/wp\/v2\/tags?post=405756"}],"curies":[{"name":"wp","href":"https:\/\/api.w.org\/{rel}","templated":true}]}}