{"id":405919,"date":"2024-08-20T05:20:30","date_gmt":"2024-08-20T03:20:30","guid":{"rendered":"https:\/\/www.radiopiu.net\/wordpress\/?p=405919"},"modified":"2024-08-20T05:29:19","modified_gmt":"2024-08-20T03:29:19","slug":"dal-fondo-dei-comuni-confinanti-3-milioni-di-euro-alla-fondazione-dmo-dolomiti-bellunesi-per-la-promozione-di-un-turismo-sostenibile-e-innovativo","status":"publish","type":"post","link":"https:\/\/www.radiopiu.net\/wordpress\/dal-fondo-dei-comuni-confinanti-3-milioni-di-euro-alla-fondazione-dmo-dolomiti-bellunesi-per-la-promozione-di-un-turismo-sostenibile-e-innovativo\/","title":{"rendered":"DAL FONDO DEI COMUNI CONFINANTI 3 MILIONI DI EURO ALLA FONDAZIONE DMO DOLOMITI BELLUNESI PER LA PROMOZIONE DI UN TURISMO SOSTENIBILE E INNOVATIVO"},"content":{"rendered":"<p>******<\/p>\n<p>&nbsp;<\/p>\n<p><strong><a class=\"dt-pswp-item\" href=\"https:\/\/www.radiopiu.net\/wordpress\/wp-content\/uploads\/2024\/08\/La-firma-della-convenzione.jpg\" data-dt-img-description=\"\" data-large_image_width=\"1596\" data-large_image_height=\"971\"><img loading=\"lazy\" decoding=\"async\" class=\" wp-image-405923 alignleft\" src=\"https:\/\/www.radiopiu.net\/wordpress\/wp-content\/uploads\/2024\/08\/La-firma-della-convenzione-300x183.jpg\" alt=\"\" width=\"192\" height=\"117\" srcset=\"https:\/\/www.radiopiu.net\/wordpress\/wp-content\/uploads\/2024\/08\/La-firma-della-convenzione-300x183.jpg 300w, https:\/\/www.radiopiu.net\/wordpress\/wp-content\/uploads\/2024\/08\/La-firma-della-convenzione-1024x623.jpg 1024w, https:\/\/www.radiopiu.net\/wordpress\/wp-content\/uploads\/2024\/08\/La-firma-della-convenzione-768x467.jpg 768w, https:\/\/www.radiopiu.net\/wordpress\/wp-content\/uploads\/2024\/08\/La-firma-della-convenzione-1536x934.jpg 1536w, https:\/\/www.radiopiu.net\/wordpress\/wp-content\/uploads\/2024\/08\/La-firma-della-convenzione.jpg 1596w\" sizes=\"auto, (max-width: 192px) 100vw, 192px\" \/><\/a>BELLUNO <\/strong>Tre milioni di euro &#8211; pari a oltre il 90% del costo complessivo di progetto, stimato in 3 milioni e 250 mila euro &#8211; per dotare il turismo bellunese di strumenti di promozione all\u2019avanguardia e trasformare il brand \u201cDolomiti Bellunesi\u201d in un vero e proprio marchio territoriale. E\u2019 quanto prevede la convenzione tra il Comitato di Gestione del Fondo dei Comuni Confinanti, soggetto finanziatore dell\u2019iniziativa, e la Fondazione DMO \u201cDolomiti Bellunesi\u201d, alla firma in questi giorni. Tra gli obiettivi previsti dal progetto strategico finanziato dal Fondo vi sono, infatti, quello di promuovere la digitalizzazione dei servizi e delle informazioni turistiche, anche attraverso la creazione di un\u2019area Digital sul portale istituzionale, ma anche quello di identificare una Destinazione sempre pi\u00f9 attenta ai principi della sostenibilit\u00e0 ambientale. Ancora, finalit\u00e0 non certo secondaria del progetto, \u00e8 quella di accrescere il valore del Brand \u201cDolomiti Bellunesi\u201d e arrivare alla sua trasformazione in un vero e proprio marchio territoriale. Il tutto sar\u00e0 accompagnato, sottolinea l\u2019accordo, dal rafforzamento e dall\u2019implementazione, in forma organica e strategica, di campagne di marketing <em>on line<\/em> e <em>off line<\/em>, attente ad una dimensione regionale o sovraregionale, con una particolare attenzione al tema dei grandi eventi sportivi.<\/p>\n<p><strong>DARIO BOND, PRESIDENTE FCC<\/strong><\/p>\n<audio class=\"wp-audio-shortcode\" id=\"audio-405919-1\" preload=\"none\" style=\"width: 100%;\" controls=\"controls\"><source type=\"audio\/mpeg\" src=\"https:\/\/www.radiopiu.net\/wordpress\/wp-content\/uploads\/2024\/08\/BOND-FCC.mp3?_=1\" \/><a href=\"https:\/\/www.radiopiu.net\/wordpress\/wp-content\/uploads\/2024\/08\/BOND-FCC.mp3\">https:\/\/www.radiopiu.net\/wordpress\/wp-content\/uploads\/2024\/08\/BOND-FCC.mp3<\/a><\/audio>\n<p>&nbsp;<\/p>\n<p><strong>EMANUELA DE ZANNA, FONDAZIONE DOLOMITI BELLUNESI<\/strong><\/p>\n<audio class=\"wp-audio-shortcode\" id=\"audio-405919-2\" preload=\"none\" style=\"width: 100%;\" controls=\"controls\"><source type=\"audio\/mpeg\" src=\"https:\/\/www.radiopiu.net\/wordpress\/wp-content\/uploads\/2024\/08\/DE-ZANNA-DMO.mp3?_=2\" \/><a href=\"https:\/\/www.radiopiu.net\/wordpress\/wp-content\/uploads\/2024\/08\/DE-ZANNA-DMO.mp3\">https:\/\/www.radiopiu.net\/wordpress\/wp-content\/uploads\/2024\/08\/DE-ZANNA-DMO.mp3<\/a><\/audio>\n<p>&nbsp;<\/p>\n<p>&nbsp;<\/p>\n<p>*******<\/p>\n","protected":false},"excerpt":{"rendered":"<p>****** &nbsp; BELLUNO Tre milioni di euro &#8211; pari a oltre il 90% del costo complessivo di progetto, stimato in 3 milioni e 250 mila euro &#8211; per dotare il turismo bellunese di strumenti di promozione all\u2019avanguardia e trasformare il brand \u201cDolomiti Bellunesi\u201d in un vero e proprio marchio territoriale. E\u2019 quanto prevede la convenzione&hellip;<\/p>\n","protected":false},"author":4,"featured_media":405923,"comment_status":"closed","ping_status":"closed","sticky":false,"template":"","format":"standard","meta":{"_monsterinsights_skip_tracking":false,"_monsterinsights_sitenote_active":false,"_monsterinsights_sitenote_note":"","_monsterinsights_sitenote_category":0,"footnotes":""},"categories":[51,49],"tags":[],"class_list":["post-405919","post","type-post","status-publish","format-standard","has-post-thumbnail","hentry","category-evidenza-top","category-news-18","category-51","category-49","description-off"],"img_url":"https:\/\/www.radiopiu.net\/wordpress\/wp-content\/uploads\/2024\/08\/La-firma-della-convenzione.jpg","_links":{"self":[{"href":"https:\/\/www.radiopiu.net\/wordpress\/wp-json\/wp\/v2\/posts\/405919","targetHints":{"allow":["GET"]}}],"collection":[{"href":"https:\/\/www.radiopiu.net\/wordpress\/wp-json\/wp\/v2\/posts"}],"about":[{"href":"https:\/\/www.radiopiu.net\/wordpress\/wp-json\/wp\/v2\/types\/post"}],"author":[{"embeddable":true,"href":"https:\/\/www.radiopiu.net\/wordpress\/wp-json\/wp\/v2\/users\/4"}],"replies":[{"embeddable":true,"href":"https:\/\/www.radiopiu.net\/wordpress\/wp-json\/wp\/v2\/comments?post=405919"}],"version-history":[{"count":1,"href":"https:\/\/www.radiopiu.net\/wordpress\/wp-json\/wp\/v2\/posts\/405919\/revisions"}],"predecessor-version":[{"id":405924,"href":"https:\/\/www.radiopiu.net\/wordpress\/wp-json\/wp\/v2\/posts\/405919\/revisions\/405924"}],"wp:featuredmedia":[{"embeddable":true,"href":"https:\/\/www.radiopiu.net\/wordpress\/wp-json\/wp\/v2\/media\/405923"}],"wp:attachment":[{"href":"https:\/\/www.radiopiu.net\/wordpress\/wp-json\/wp\/v2\/media?parent=405919"}],"wp:term":[{"taxonomy":"category","embeddable":true,"href":"https:\/\/www.radiopiu.net\/wordpress\/wp-json\/wp\/v2\/categories?post=405919"},{"taxonomy":"post_tag","embeddable":true,"href":"https:\/\/www.radiopiu.net\/wordpress\/wp-json\/wp\/v2\/tags?post=405919"}],"curies":[{"name":"wp","href":"https:\/\/api.w.org\/{rel}","templated":true}]}}