{"id":405938,"date":"2024-08-20T05:18:00","date_gmt":"2024-08-20T03:18:00","guid":{"rendered":"https:\/\/www.radiopiu.net\/wordpress\/?p=405938"},"modified":"2024-08-20T05:29:47","modified_gmt":"2024-08-20T03:29:47","slug":"dal-26-agosto-chiude-di-nuovo-la-563-dei-salesei-a-digonera","status":"publish","type":"post","link":"https:\/\/www.radiopiu.net\/wordpress\/dal-26-agosto-chiude-di-nuovo-la-563-dei-salesei-a-digonera\/","title":{"rendered":"DAL 26 AGOSTO CHIUDE DI NUOVO LA 563 DEI SALESEI A DIGONERA"},"content":{"rendered":"<p>******<\/p>\n<p>&nbsp;<\/p>\n<p><strong>REDAZIONE<\/strong> Con la fine delle vacanze estive, la Sp 563 di Salesei chiude di nuovo al traffico. La strada verr\u00e0 interdetta in localit\u00e0 Digonera dal 26 agosto al 6 settembre. La chiusura avverr\u00e0 dal luned\u00ec al venerd\u00ec, dalle 7 alle 18. Negli altri orari verr\u00e0 istituito un senso unico alternato regolato da impianto semaforico e limite di velocit\u00e0 a 30 km\/h, sabati e domeniche compresi.<\/p>\n<p>&nbsp;<\/p>\n<p>&nbsp;<\/p>\n<p>*******<\/p>\n","protected":false},"excerpt":{"rendered":"<p>****** &nbsp; REDAZIONE Con la fine delle vacanze estive, la Sp 563 di Salesei chiude di nuovo al traffico. La strada verr\u00e0 interdetta in localit\u00e0 Digonera dal 26 agosto al 6 settembre. La chiusura avverr\u00e0 dal luned\u00ec al venerd\u00ec, dalle 7 alle 18. Negli altri orari verr\u00e0 istituito un senso unico alternato regolato da impianto&hellip;<\/p>\n","protected":false},"author":4,"featured_media":205540,"comment_status":"closed","ping_status":"closed","sticky":false,"template":"","format":"standard","meta":{"_monsterinsights_skip_tracking":false,"_monsterinsights_sitenote_active":false,"_monsterinsights_sitenote_note":"","_monsterinsights_sitenote_category":0,"footnotes":""},"categories":[104,49],"tags":[],"class_list":["post-405938","post","type-post","status-publish","format-standard","has-post-thumbnail","hentry","category-evidenza_3","category-news-18","category-104","category-49","description-off"],"img_url":"https:\/\/www.radiopiu.net\/wordpress\/wp-content\/uploads\/2021\/04\/lavori-asfalto.jpg","_links":{"self":[{"href":"https:\/\/www.radiopiu.net\/wordpress\/wp-json\/wp\/v2\/posts\/405938","targetHints":{"allow":["GET"]}}],"collection":[{"href":"https:\/\/www.radiopiu.net\/wordpress\/wp-json\/wp\/v2\/posts"}],"about":[{"href":"https:\/\/www.radiopiu.net\/wordpress\/wp-json\/wp\/v2\/types\/post"}],"author":[{"embeddable":true,"href":"https:\/\/www.radiopiu.net\/wordpress\/wp-json\/wp\/v2\/users\/4"}],"replies":[{"embeddable":true,"href":"https:\/\/www.radiopiu.net\/wordpress\/wp-json\/wp\/v2\/comments?post=405938"}],"version-history":[{"count":3,"href":"https:\/\/www.radiopiu.net\/wordpress\/wp-json\/wp\/v2\/posts\/405938\/revisions"}],"predecessor-version":[{"id":405941,"href":"https:\/\/www.radiopiu.net\/wordpress\/wp-json\/wp\/v2\/posts\/405938\/revisions\/405941"}],"wp:featuredmedia":[{"embeddable":true,"href":"https:\/\/www.radiopiu.net\/wordpress\/wp-json\/wp\/v2\/media\/205540"}],"wp:attachment":[{"href":"https:\/\/www.radiopiu.net\/wordpress\/wp-json\/wp\/v2\/media?parent=405938"}],"wp:term":[{"taxonomy":"category","embeddable":true,"href":"https:\/\/www.radiopiu.net\/wordpress\/wp-json\/wp\/v2\/categories?post=405938"},{"taxonomy":"post_tag","embeddable":true,"href":"https:\/\/www.radiopiu.net\/wordpress\/wp-json\/wp\/v2\/tags?post=405938"}],"curies":[{"name":"wp","href":"https:\/\/api.w.org\/{rel}","templated":true}]}}