{"id":405974,"date":"2024-08-20T05:24:14","date_gmt":"2024-08-20T03:24:14","guid":{"rendered":"https:\/\/www.radiopiu.net\/wordpress\/?p=405974"},"modified":"2024-08-20T14:29:26","modified_gmt":"2024-08-20T12:29:26","slug":"il-ghiacciaio-della-marmolada-restituisce-due-corpi","status":"publish","type":"post","link":"https:\/\/www.radiopiu.net\/wordpress\/il-ghiacciaio-della-marmolada-restituisce-due-corpi\/","title":{"rendered":"IL GHIACCIAIO DELLA MARMOLADA RESTITUISCE DUE CORPI"},"content":{"rendered":"<p>***<\/p>\n<blockquote>\n<h3><\/h3>\n<\/blockquote>\n<p><strong><img loading=\"lazy\" decoding=\"async\" class=\"alignleft\" src=\"https:\/\/www.radiopiu.net\/wordpress\/wp-content\/uploads\/2024\/08\/th-4.jpg\" width=\"137\" height=\"103\" \/>ROCCA PIETORE<\/strong> Un dipendente della societ\u00e0 che ha in gestione gli impianti sulla Marmolada \u00e8 l&#8217;autore della scoperta di questi giorni, i resti di due soldati ritrovati in Marmolada. Corpi per met\u00e0 fuori dal ghiaccio tra Cima Undici e il Serauta. I militari delle Fiamme Gialle hanno atteso il nulla osta della Procura di Trento per rimuovere i resti dei militari poi portati a Canazei.<\/p>\n<p>&nbsp;<\/p>\n<p><strong><a class=\"dt-pswp-item\" href=\"https:\/\/www.radiopiu.net\/wordpress\/wp-content\/uploads\/2021\/11\/252705928_382353470291165_7367837559956296092_n.jpg\" data-dt-img-description=\"\" data-large_image_width=\"154\" data-large_image_height=\"225\"><img loading=\"lazy\" decoding=\"async\" class=\" wp-image-240786 alignleft\" src=\"https:\/\/www.radiopiu.net\/wordpress\/wp-content\/uploads\/2021\/11\/252705928_382353470291165_7367837559956296092_n.jpg\" alt=\"\" width=\"110\" height=\"161\" \/><\/a>CANAZEI<\/strong> Il quotidiano Alto Adige,\u00a0 sulla notizia dei resti ritrovati in Marmolada aggiunge <em>&#8220;Da quanto emerso, i resti risultano essere le spoglie di due\u00a0<strong>Fanti appartenenti alla Brigata fanteria Como<\/strong>. L\u2019identificazione del Reparto si \u00e8 resa possibile grazie al rinvenimento di due piastrine militari e delle mostrine di quel Reparto. <\/em>L\u2019attivit\u00e0 di recupero \u00e8 scaturita dalla segnalazione di un escursionista presentatosi il 16 agosto presso il<strong>\u00a0Comando Stazione Carabinieri di Canazei<\/strong> che segnalava la presenza di possibili resti umani sul massiccio della Marmolada. Le operazioni di individuazione e recupero si \u00e8 svolta grazie ad una piena sinergia tra l\u2019Arma ed i militari della Gdf.&#8221;<\/p>\n<p><strong>ALTO ADIGE<\/strong><span style=\"color: #0000ff;\"><strong><a style=\"color: #0000ff;\" href=\"https:\/\/www.altoadige.it\/cronaca\/2024\/08\/20\/prima-guerra-mondiale-la-marmolada-restituisce-i-resti-di-due-fanti-1.3860742\"> CLICCA QUI<\/a><\/strong><\/span><\/p>\n<hr \/>\n<p>&nbsp;<\/p>\n<p><span style=\"color: #000000;\"><strong>STORIA<\/strong><\/span><\/p>\n<p><span style=\"color: #ff0000;\">ARCHIVIO RADIOPIU 3 DICEMBRE 2021<\/span><\/p>\n<blockquote>\n<h3>GLI EVENTI BELLICI IN MARMOLADA: LE OPERAZIONI PER LA FORCELLA VU<\/h3>\n<\/blockquote>\n<p><strong>di RENATO BONA\u00a0<\/strong><\/p>\n<p><strong>BELLUNO<\/strong>\u00a0 Nel dicembre del 2000 la Artigrafiche Cadrobbi stampava per la casa editrice Publilux la quarta edizione del libro \u201cLa citt\u00e0 di ghiaccio. Guida agli itinerari e al Museo della guerra 1915-18 in Marmolada\u201d, opera di Mario Bartoli, Mario Fornaro e Gianrodolfo Rotasso. Ce ne siamo occupati in precedenti servizi, sottolineando la validit\u00e0 dell\u2019iniziativa dei tre autori, ma ci piace in questa occasione dare spazio a quelle che nella quarta parte, richiamando gli eventi bellici dell\u2019epoca, va sotto il titolo: \u201cLe operazioni per la Forcella Vu\u201d. Bartoli-Fornaro-Rotasso spiegano in apertura che \u201cLa Forcella Vu (\u201cVesura\u201d per gli austriaci) \u00e8 un caratteristico intaglio all\u2019estremo angolo orientale della cresta, alla sommit\u00e0 della parete sud della Marmolada e quindi ricordano che: \u201cQuando gli italiani, dopo vari sanguinosi tentativi, occuparono il 30 aprile1916 la forcella Serauta ed il successivo 2 maggio la quota 3065, gli austriaci dovettero riparare sulla vicina Forcella Vu\u201d e: \u201cnon disponendo ancora di rifugi in roccia, si organizzarono per la resistenza, rifugiandosi nel crepaccio terminale sotto la forcella stessa\u201d. Si legge quindi con il giusto interesse il ricordo del ten. ing. Leo Handl, comandante della compagnia \u201cGuide Alpine\u201d e addetto all\u2019organizzazione logistica sul ghiacciaio, il quale cos\u00ec si esprimeva: \u201cSoltanto chi \u00e8 vissuto lass\u00f9 pu\u00f2 comprendere i disagi della vita nel ghiaccio e nella neve e la lotta per sopravvivere contro le gigantesche forze della natura. Le nostre perdite giornaliere erano pesanti ed insopportabili: 48 pezzi italiani sparavano su questa postazione ed il ghiacciaio era per un largo raggio colorato in nero ed in giallo\u201d. Qui gli avversari si contendevano la Forcella che, con le vicine postazioni austriache della \u201cUstellung\u201d, sul Sass delle Undici formava una posizione chiave, sia per la difesa che per la conquista delle altre postazioni sul ghiacciaio\u201d. Ancora ricordi: \u201cNell\u2019autunno 1916 gli austriaci occupavano, nella spalla orientale della Forcella Vu, due grotte che poi presidiarono con 24 uomini. Queste comunicavano esternamente per mezzo di una scala scavata nella roccia della voragine della Forcella che, per circa 800 metri, precipita sul Pian di Ombretta. Dopo ripetuti e sanguinosi insuccessi per conquistarla, il 4 luglio 1917 gli italiani iniziavano lo scavo di una galleria che dalla quota 2945 sul Vallon Antermoia doveva sbucare alle spalle delle due grotte austriache; il 2 settembre, minato l\u2019ultimo spessore di roccia, gli Arditi italiani penetrarono nella grotta superiore e dopo un\u2019accanita lotta all\u2019arma bianca, si impossessarono della caverna. Gli austriaci, valutando la loro posizione sulla Forcella seriamente compromessa, per neutralizzare il vantaggio del nemico progettarono di minare la grotta inferiore che peraltro dopo un attacco frontale con perdite da ambo le parti, gli italiani conquistarono definitivamente, costringendo il nemico a ritirarsi sulla spalla occidentale, con possibilit\u00e0 di difesa ed attacco molto ridotte: in una galleria scavata nello spessore del ghiaccio e collegata con la \u2018Citt\u00e0 del ghiaccio\u2019 erano predisposte poche opere di difesa di primo intervento e la galleria d\u2019attacco, che dal nord della spalla occidentale doveva sbucare sul suo lato orientale, nonostante l\u2019impegno del ten. Julius Plaichinger (comandante della 4. Compagnia del decimo Battaglione pionieri &#8211; ndr.) e dei suoi uomini, non era ancora pronta. Gli italiani, intuita la strategia austriaca ed accertata foneticamente la posizione della galleria nemica, iniziarono lo scavo di un fornello di mina sotto la galleria di attacco austriaca, per farla saltare. Segue il richiamo alle relazioni ufficiali d\u2019epoca con l\u2019evolversi della situazione e siamo al 25 settembre quando il Comando del Reggimento granatieri ordin\u00f2 di far saltare la galleria. Imprevista, purtroppo, la contromisura austriaca: l\u2019esplosione di un fornello di mina sorprese i fanti italiani del 51, Reggimento, brigata Alpi col loro tenente Flavio Rosso, e come ebbe modo di scrivere il capitano Andreoletti: \u201c\u2026 nella enorme massa di macerie trascinata da grande altezza furono sepolti una quindicina di uomini con il loro comandante Flavio Rosso da Novi Ligure, alla cui memoria venne poi decretata una medaglia d\u2019argento\u201d. Ecco l\u2019elenco dei caduti nell\u2019adempimento del dovere: caporale Garzone Clemente 52\u00b0 Reg. Fanteria Plot. Arditi; soldato Delletto Antonio 52\u00b0 Reg. Fanteria Plot. Arditi; soldato Donati Giacomo 52\u00b0 Reg. Fanteria Plot. Arditi; soldato Pecchia Salvatore 52\u00b0 Reg. Fanteria Plot. Arditi; soldato Trigiani Generoso 52\u00b0 Reg. Fanteria Plot. Arditi; soldato Artese Virgilio 52\u00b0 Reg. Fanteria Plot. Ardit;i soldato Giorgioni Giuseppe 52\u00b0 Reg. Fanteria Plot. Arditi; soldato Verecchia Silvestro 5\u00b0 Sez. Pistole Mitr. 52\u00b0 Fant.; soldato Majone Francesco 5\u00b0 Sez. Pistole Mitr. 52\u00b0 Fant.; soldato Graziani Ferdinando 5\u00b0 Sez. Pistole Mitr. 52\u00b0 Fant.; tenente Rosso Flavio Plot. Alta Montagna 51\u00b0 Fant.; soldato Sibilla Francesco Plot. Alta Montagna 51\u00b0 Fant.; soldato Elia Pietro Sez. Lanciafiamma; soldato Merlini Andrea Sez. Lanciafiamma: soldato Negri Evaristo Sez. Lanciafiamma. Su questa vicenda &#8211; si legge nel libro di Bartoli-Fornaro-Rotasso &#8211; si inser\u00ec il ten. arch. Gianni Serra che con Rosso \u201cAveva diviso tutte le tiepidezze di una vita d\u2019armi\u201d; il 2 ottobre 1917 invi\u00f2 una lettera alla famiglia Rosso \u201ccon una pietosa e deliberata bugia\u201d in cui scriveva \u201cferito gravemente spirava\u201d, e: \u201cla sepoltura \u00e8 degna del suo ricordo\u201d. In seguito sped\u00ec ai Rosso una fotografia della ForcellaVu con una crocetta che intendeva indicare \u201cla posizione posta l\u00e0 dove era la grotta dentro la quale il tenente Rosso si trovava al momento dell\u2019esplosione della contromina, con questa dedica: \u201cAlla memoria del ten. Flavio Rosso del 51. Fanteria morto nel giorni di sangue 27 settembre dell\u2019anno di guerra 1917 a Forcella Vu nel massiccio del Marmolada dopo aver dato grande esempio di virt\u00f9 e coraggio. L\u2019amico suo, Gianni Serra, compagno e fratello, offre perch\u00e9 resti sempre il ricordo. Settembre dell\u2019A.D. 1920\u201d. Va precisato in proposito che il fratello di Rosso, Carlo, ha dichiarato che alla famiglia non fu mai precisato come Flavio mor\u00ec , n\u00e9 dove fu sepolto. Anche per questo gli autori del libro concludono il capitolo scrivendo che: \u201cE\u2019 da sperare che riprendendo quanto prima i lavori per il recupero delle salme dei fanti, siano rese accessibili la galleria di attacco e la grotta del cannone. Insieme alle altre postazioni di guerra, gi\u00e0 rese agibili, ci\u00f2 completerebbe esaurientemente la visione di quella guerra combattuta sulla Marmolada\u201d.<\/p>\n\n\t\t\t<style type='text\/css'>\n\t\t\t\t#gallery-1 {\n\t\t\t\t\tmargin: auto;\n\t\t\t\t}\n\t\t\t\t#gallery-1 .gallery-item {\n\t\t\t\t\tfloat: left;\n\t\t\t\t\tmargin-top: 10px;\n\t\t\t\t\ttext-align: center;\n\t\t\t\t\twidth: 14%;\n\t\t\t\t}\n\t\t\t\t#gallery-1 img {\n\t\t\t\t\tborder: 2px solid #cfcfcf;\n\t\t\t\t}\n\t\t\t\t#gallery-1 .gallery-caption {\n\t\t\t\t\tmargin-left: 0;\n\t\t\t\t}\n\t\t\t\t\/* see gallery_shortcode() in wp-includes\/media.php *\/\n\t\t\t<\/style>\n\t\t<div id='gallery-1' class='dt-gallery-container gallery galleryid-405974 gallery-columns-7 gallery-size-thumbnail'><dl class='gallery-item'>\n\t\t\t\t<dt class='gallery-icon portrait'>\n\t\t\t\t\t<a class=\"rollover rollover-zoom dt-pswp-item\" title=\"263666513_4853479258003989_7865717680582865897_n\" data-dt-img-description=\"\" data-large_image_width=\"158\" data-large_image_height=\"206\"href='https:\/\/www.radiopiu.net\/wordpress\/wp-content\/uploads\/2021\/12\/263666513_4853479258003989_7865717680582865897_n.jpg'><img loading=\"lazy\" decoding=\"async\" width=\"150\" height=\"150\" src=\"https:\/\/www.radiopiu.net\/wordpress\/wp-content\/uploads\/2021\/12\/263666513_4853479258003989_7865717680582865897_n-150x150.jpg\" class=\"attachment-thumbnail size-thumbnail\" alt=\"\" \/><\/a>\n\t\t\t\t<\/dt><\/dl><dl class='gallery-item'>\n\t\t\t\t<dt class='gallery-icon portrait'>\n\t\t\t\t\t<a class=\"rollover rollover-zoom dt-pswp-item\" title=\"263023193_1057250151485474_5137804730305220774_n\" data-dt-img-description=\"\" data-large_image_width=\"152\" data-large_image_height=\"225\"href='https:\/\/www.radiopiu.net\/wordpress\/wp-content\/uploads\/2021\/12\/263023193_1057250151485474_5137804730305220774_n.jpg'><img loading=\"lazy\" decoding=\"async\" width=\"150\" height=\"150\" src=\"https:\/\/www.radiopiu.net\/wordpress\/wp-content\/uploads\/2021\/12\/263023193_1057250151485474_5137804730305220774_n-150x150.jpg\" class=\"attachment-thumbnail size-thumbnail\" alt=\"\" \/><\/a>\n\t\t\t\t<\/dt><\/dl><dl class='gallery-item'>\n\t\t\t\t<dt class='gallery-icon landscape'>\n\t\t\t\t\t<a class=\"rollover rollover-zoom dt-pswp-item\" title=\"263157051_1814478412079045_169561633077297963_n\" data-dt-img-description=\"\" data-large_image_width=\"296\" data-large_image_height=\"206\"href='https:\/\/www.radiopiu.net\/wordpress\/wp-content\/uploads\/2021\/12\/263157051_1814478412079045_169561633077297963_n.jpg'><img loading=\"lazy\" decoding=\"async\" width=\"150\" height=\"150\" src=\"https:\/\/www.radiopiu.net\/wordpress\/wp-content\/uploads\/2021\/12\/263157051_1814478412079045_169561633077297963_n-150x150.jpg\" class=\"attachment-thumbnail size-thumbnail\" alt=\"\" \/><\/a>\n\t\t\t\t<\/dt><\/dl><dl class='gallery-item'>\n\t\t\t\t<dt class='gallery-icon landscape'>\n\t\t\t\t\t<a class=\"rollover rollover-zoom dt-pswp-item\" title=\"263081366_4365303796912023_5428614884931014929_n\" data-dt-img-description=\"\" data-large_image_width=\"350\" data-large_image_height=\"206\"href='https:\/\/www.radiopiu.net\/wordpress\/wp-content\/uploads\/2021\/12\/263081366_4365303796912023_5428614884931014929_n.jpg'><img loading=\"lazy\" decoding=\"async\" width=\"150\" height=\"150\" src=\"https:\/\/www.radiopiu.net\/wordpress\/wp-content\/uploads\/2021\/12\/263081366_4365303796912023_5428614884931014929_n-150x150.jpg\" class=\"attachment-thumbnail size-thumbnail\" alt=\"\" \/><\/a>\n\t\t\t\t<\/dt><\/dl><dl class='gallery-item'>\n\t\t\t\t<dt class='gallery-icon portrait'>\n\t\t\t\t\t<a class=\"rollover rollover-zoom dt-pswp-item\" title=\"261363434_2968482653369555_2406976414333604989_n\" data-dt-img-description=\"\" data-large_image_width=\"157\" data-large_image_height=\"225\"href='https:\/\/www.radiopiu.net\/wordpress\/wp-content\/uploads\/2021\/12\/261363434_2968482653369555_2406976414333604989_n.jpg'><img loading=\"lazy\" decoding=\"async\" width=\"150\" height=\"150\" src=\"https:\/\/www.radiopiu.net\/wordpress\/wp-content\/uploads\/2021\/12\/261363434_2968482653369555_2406976414333604989_n-150x150.jpg\" class=\"attachment-thumbnail size-thumbnail\" alt=\"\" \/><\/a>\n\t\t\t\t<\/dt><\/dl><dl class='gallery-item'>\n\t\t\t\t<dt class='gallery-icon portrait'>\n\t\t\t\t\t<a class=\"rollover rollover-zoom dt-pswp-item\" title=\"262660867_680603816242953_6051716385847920526_n\" data-dt-img-description=\"\" data-large_image_width=\"156\" data-large_image_height=\"225\"href='https:\/\/www.radiopiu.net\/wordpress\/wp-content\/uploads\/2021\/12\/262660867_680603816242953_6051716385847920526_n.jpg'><img loading=\"lazy\" decoding=\"async\" width=\"150\" height=\"150\" src=\"https:\/\/www.radiopiu.net\/wordpress\/wp-content\/uploads\/2021\/12\/262660867_680603816242953_6051716385847920526_n-150x150.jpg\" class=\"attachment-thumbnail size-thumbnail\" alt=\"\" \/><\/a>\n\t\t\t\t<\/dt><\/dl><dl class='gallery-item'>\n\t\t\t\t<dt class='gallery-icon landscape'>\n\t\t\t\t\t<a class=\"rollover rollover-zoom dt-pswp-item\" title=\"263144254_272907518211399_7652739812743996512_n\" data-dt-img-description=\"\" data-large_image_width=\"462\" data-large_image_height=\"206\"href='https:\/\/www.radiopiu.net\/wordpress\/wp-content\/uploads\/2021\/12\/263144254_272907518211399_7652739812743996512_n.jpg'><img loading=\"lazy\" decoding=\"async\" width=\"150\" height=\"150\" src=\"https:\/\/www.radiopiu.net\/wordpress\/wp-content\/uploads\/2021\/12\/263144254_272907518211399_7652739812743996512_n-150x150.jpg\" class=\"attachment-thumbnail size-thumbnail\" alt=\"\" \/><\/a>\n\t\t\t\t<\/dt><\/dl><br style=\"clear: both\" \/><dl class='gallery-item'>\n\t\t\t\t<dt class='gallery-icon portrait'>\n\t\t\t\t\t<a class=\"rollover rollover-zoom dt-pswp-item\" title=\"263537487_446962716788465_8864734008564082298_n\" data-dt-img-description=\"\" data-large_image_width=\"149\" data-large_image_height=\"225\"href='https:\/\/www.radiopiu.net\/wordpress\/wp-content\/uploads\/2021\/12\/263537487_446962716788465_8864734008564082298_n.jpg'><img loading=\"lazy\" decoding=\"async\" width=\"149\" height=\"150\" src=\"https:\/\/www.radiopiu.net\/wordpress\/wp-content\/uploads\/2021\/12\/263537487_446962716788465_8864734008564082298_n-149x150.jpg\" class=\"attachment-thumbnail size-thumbnail\" alt=\"\" \/><\/a>\n\t\t\t\t<\/dt><\/dl><dl class='gallery-item'>\n\t\t\t\t<dt class='gallery-icon portrait'>\n\t\t\t\t\t<a class=\"rollover rollover-zoom dt-pswp-item\" title=\"263454380_288516739869605_2553276998804208553_n\" data-dt-img-description=\"\" data-large_image_width=\"160\" data-large_image_height=\"223\"href='https:\/\/www.radiopiu.net\/wordpress\/wp-content\/uploads\/2021\/12\/263454380_288516739869605_2553276998804208553_n.jpg'><img loading=\"lazy\" decoding=\"async\" width=\"150\" height=\"150\" src=\"https:\/\/www.radiopiu.net\/wordpress\/wp-content\/uploads\/2021\/12\/263454380_288516739869605_2553276998804208553_n-150x150.jpg\" class=\"attachment-thumbnail size-thumbnail\" alt=\"\" \/><\/a>\n\t\t\t\t<\/dt><\/dl><dl class='gallery-item'>\n\t\t\t\t<dt class='gallery-icon landscape'>\n\t\t\t\t\t<a class=\"rollover rollover-zoom dt-pswp-item\" title=\"263399739_228516782625390_8037611472590010944_n\" data-dt-img-description=\"\" data-large_image_width=\"320\" data-large_image_height=\"205\"href='https:\/\/www.radiopiu.net\/wordpress\/wp-content\/uploads\/2021\/12\/263399739_228516782625390_8037611472590010944_n.jpg'><img loading=\"lazy\" decoding=\"async\" width=\"150\" height=\"150\" src=\"https:\/\/www.radiopiu.net\/wordpress\/wp-content\/uploads\/2021\/12\/263399739_228516782625390_8037611472590010944_n-150x150.jpg\" class=\"attachment-thumbnail size-thumbnail\" alt=\"\" \/><\/a>\n\t\t\t\t<\/dt><\/dl><dl class='gallery-item'>\n\t\t\t\t<dt class='gallery-icon landscape'>\n\t\t\t\t\t<a class=\"rollover rollover-zoom dt-pswp-item\" title=\"263319356_277004564254205_8543345700330998082_n\" data-dt-img-description=\"\" data-large_image_width=\"250\" data-large_image_height=\"206\"href='https:\/\/www.radiopiu.net\/wordpress\/wp-content\/uploads\/2021\/12\/263319356_277004564254205_8543345700330998082_n.jpg'><img loading=\"lazy\" decoding=\"async\" width=\"150\" height=\"150\" src=\"https:\/\/www.radiopiu.net\/wordpress\/wp-content\/uploads\/2021\/12\/263319356_277004564254205_8543345700330998082_n-150x150.jpg\" class=\"attachment-thumbnail size-thumbnail\" alt=\"\" \/><\/a>\n\t\t\t\t<\/dt><\/dl><dl class='gallery-item'>\n\t\t\t\t<dt class='gallery-icon portrait'>\n\t\t\t\t\t<a class=\"rollover rollover-zoom dt-pswp-item\" title=\"263259603_268271835332553_6327798009087277424_n\" data-dt-img-description=\"\" data-large_image_width=\"152\" data-large_image_height=\"225\"href='https:\/\/www.radiopiu.net\/wordpress\/wp-content\/uploads\/2021\/12\/263259603_268271835332553_6327798009087277424_n.jpg'><img loading=\"lazy\" decoding=\"async\" width=\"150\" height=\"150\" src=\"https:\/\/www.radiopiu.net\/wordpress\/wp-content\/uploads\/2021\/12\/263259603_268271835332553_6327798009087277424_n-150x150.jpg\" class=\"attachment-thumbnail size-thumbnail\" alt=\"\" \/><\/a>\n\t\t\t\t<\/dt><\/dl><dl class='gallery-item'>\n\t\t\t\t<dt class='gallery-icon landscape'>\n\t\t\t\t\t<a class=\"rollover rollover-zoom dt-pswp-item\" title=\"263164322_409831697454440_465053445735779429_n\" data-dt-img-description=\"\" data-large_image_width=\"280\" data-large_image_height=\"206\"href='https:\/\/www.radiopiu.net\/wordpress\/wp-content\/uploads\/2021\/12\/263164322_409831697454440_465053445735779429_n.jpg'><img loading=\"lazy\" decoding=\"async\" width=\"150\" height=\"150\" src=\"https:\/\/www.radiopiu.net\/wordpress\/wp-content\/uploads\/2021\/12\/263164322_409831697454440_465053445735779429_n-150x150.jpg\" class=\"attachment-thumbnail size-thumbnail\" alt=\"\" \/><\/a>\n\t\t\t\t<\/dt><\/dl>\n\t\t\t\t<br style='clear: both' \/>\n\t\t\t<\/div>\n\n<p>NELLE FOTO (sito italianinguerra.wordpress e riproduzioni dal libro \u201cLa citt\u00e0 di ghiaccio\u201d): il tenente Flavio Rosso; una pattuglia italiana fotografata dagli austriaci dal fondo della Forcella Vu; l\u2019immagine che il tenente Serra invi\u00f2 ai familiari di Rosso indicando con una crocetta il luogo dove Flavio fu sepolto; visione invernale del crestone di Serauta, della Forcella Vu e delle creste della parete sud; \u201cfinestre\u201ddella galleria Rosso scavate nella parete sud della Marmolada; grotte austriache collegate all\u2019esterno da una scalinata sulla spalla orientale della Forcella Vu; la carta degli apprestamenti militari; la grotta del compressore nella \u201cgalleria Rosso\u201d; veduta della quota 3065 dal Vallon Antermoia: si notano le grotte occupate dagli italiani, la freccia indica l\u2019ingresso alla \u201cRosso\u201d; il Vallon Antermoia nell\u2019inverno 1916-17; fronte austriaco della Marmolada in una foto di Leo Handl (Stadtarchiv Innsbruck); grande caverna nella \u201cgalleria Rosso\u201d poco prima della grotta austriaca inferiore; superamento di un crepaccio in una foto di Leo Handl (Stadtarchiv Innsbruck).<\/p>\n<hr \/>\n<p>&nbsp;<\/p>\n","protected":false},"excerpt":{"rendered":"<p>*** ROCCA PIETORE Un dipendente della societ\u00e0 che ha in gestione gli impianti sulla Marmolada \u00e8 l&#8217;autore della scoperta di questi giorni, i resti di due soldati ritrovati in Marmolada. Corpi per met\u00e0 fuori dal ghiaccio tra Cima Undici e il Serauta. I militari delle Fiamme Gialle hanno atteso il nulla osta della Procura di&hellip;<\/p>\n","protected":false},"author":4,"featured_media":405975,"comment_status":"closed","ping_status":"closed","sticky":false,"template":"","format":"standard","meta":{"_monsterinsights_skip_tracking":false,"_monsterinsights_sitenote_active":false,"_monsterinsights_sitenote_note":"","_monsterinsights_sitenote_category":0,"footnotes":""},"categories":[51,49],"tags":[],"class_list":["post-405974","post","type-post","status-publish","format-standard","has-post-thumbnail","hentry","category-evidenza-top","category-news-18","category-51","category-49","description-off"],"img_url":"https:\/\/www.radiopiu.net\/wordpress\/wp-content\/uploads\/2024\/08\/th-4.jpg","_links":{"self":[{"href":"https:\/\/www.radiopiu.net\/wordpress\/wp-json\/wp\/v2\/posts\/405974","targetHints":{"allow":["GET"]}}],"collection":[{"href":"https:\/\/www.radiopiu.net\/wordpress\/wp-json\/wp\/v2\/posts"}],"about":[{"href":"https:\/\/www.radiopiu.net\/wordpress\/wp-json\/wp\/v2\/types\/post"}],"author":[{"embeddable":true,"href":"https:\/\/www.radiopiu.net\/wordpress\/wp-json\/wp\/v2\/users\/4"}],"replies":[{"embeddable":true,"href":"https:\/\/www.radiopiu.net\/wordpress\/wp-json\/wp\/v2\/comments?post=405974"}],"version-history":[{"count":6,"href":"https:\/\/www.radiopiu.net\/wordpress\/wp-json\/wp\/v2\/posts\/405974\/revisions"}],"predecessor-version":[{"id":406086,"href":"https:\/\/www.radiopiu.net\/wordpress\/wp-json\/wp\/v2\/posts\/405974\/revisions\/406086"}],"wp:featuredmedia":[{"embeddable":true,"href":"https:\/\/www.radiopiu.net\/wordpress\/wp-json\/wp\/v2\/media\/405975"}],"wp:attachment":[{"href":"https:\/\/www.radiopiu.net\/wordpress\/wp-json\/wp\/v2\/media?parent=405974"}],"wp:term":[{"taxonomy":"category","embeddable":true,"href":"https:\/\/www.radiopiu.net\/wordpress\/wp-json\/wp\/v2\/categories?post=405974"},{"taxonomy":"post_tag","embeddable":true,"href":"https:\/\/www.radiopiu.net\/wordpress\/wp-json\/wp\/v2\/tags?post=405974"}],"curies":[{"name":"wp","href":"https:\/\/api.w.org\/{rel}","templated":true}]}}