{"id":405985,"date":"2024-08-20T07:55:01","date_gmt":"2024-08-20T05:55:01","guid":{"rendered":"https:\/\/www.radiopiu.net\/wordpress\/?p=405985"},"modified":"2024-08-20T08:29:02","modified_gmt":"2024-08-20T06:29:02","slug":"dal-1983-su-radiopiu-la-rassegna-stampa-alle-8-del-mattino-e-non-solo-giornali","status":"publish","type":"post","link":"https:\/\/www.radiopiu.net\/wordpress\/dal-1983-su-radiopiu-la-rassegna-stampa-alle-8-del-mattino-e-non-solo-giornali\/","title":{"rendered":"DAL 1983 SU RADIOPIU&#8230; LA RASSEGNA STAMPA ALLE 8 DEL MATTINO e&#8230; non solo giornali"},"content":{"rendered":"<p><iframe loading=\"lazy\" title=\"DAL 1983 LA RASSEGNA STAMPA LOCALE di mirko mezzacasa. L&#039;ORIGINALE\" width=\"1200\" height=\"675\" src=\"https:\/\/www.youtube.com\/embed\/w6xbk7w2nms?feature=oembed\" frameborder=\"0\" allow=\"accelerometer; autoplay; clipboard-write; encrypted-media; gyroscope; picture-in-picture; web-share\" referrerpolicy=\"strict-origin-when-cross-origin\" allowfullscreen><\/iframe><\/p>\n<p><a class=\"dt-pswp-item\" href=\"https:\/\/www.radiopiu.net\/wordpress\/wp-content\/uploads\/2023\/08\/VERTICAL-107-FALCADE.jpg\" data-dt-img-description=\"\" data-large_image_width=\"825\" data-large_image_height=\"565\"><img loading=\"lazy\" decoding=\"async\" class=\" wp-image-349838 alignleft\" src=\"https:\/\/www.radiopiu.net\/wordpress\/wp-content\/uploads\/2023\/08\/VERTICAL-107-FALCADE-300x205.jpg\" alt=\"\" width=\"249\" height=\"170\" srcset=\"https:\/\/www.radiopiu.net\/wordpress\/wp-content\/uploads\/2023\/08\/VERTICAL-107-FALCADE-300x205.jpg 300w, https:\/\/www.radiopiu.net\/wordpress\/wp-content\/uploads\/2023\/08\/VERTICAL-107-FALCADE-768x526.jpg 768w, https:\/\/www.radiopiu.net\/wordpress\/wp-content\/uploads\/2023\/08\/VERTICAL-107-FALCADE.jpg 825w\" sizes=\"auto, (max-width: 249px) 100vw, 249px\" \/><\/a><br \/>\nOGGI ALLA RADIO\u2026. ALLE 4 E ALLE 6 LE NOTIZIE DALL\u2019ITALIA E DAL MONDO 6.15 PIROLE DE LENGA A CURA DEL MUSLA 7.20 EL BAL DEL FIORI, DETTI E TRADIZIONI DI GIULIANA DA RONCH 8.05 LA RASSEGNA STAMPA LOCALE 8.30 PIU\u2018 SIAMO IL PROGRAMMA DI MARINA DONA\u2019 900 LA MUSICA COUNTRY DI ALEX NASCINBEN 9.40 VIABILITA\u2019 CON BOTOL CAR SERVICE (AGORDO-SEDICO-FELTRE) 10.10 MUSLA, LE NOVE IN LADIN CON GIORGIA TAIO 10.30 VERTICAL 107, DOMENICA L\u2019EVENTO A FALCADE 11.10 LA STORIA DEL FESTIVALBAR DI MIRCO BENCIVENNI 12.00 VA TUTTO LISCIO 12.30 GIORNALE RADIO PRINCIPALE 1310 DALL\u2019INDIA IN BICICLETTA\u2026PUNTATA NUMERO 14.00 ZAINO IN SPALLA CON CLAUDIO PRA ED EVA GABRIELI 15.00 PIU MUSICA, L\u2019ESTATE CON MARINA DONA\u2019 16 IL ROCK DI MARCO COSTANTINI 1645 LE HIT DI MIRCO BENCIVENNI 18.00 PIU\u2019 DANCE LE SELEZIONI CHE FANNO SALTARE DI DJ JACK, JACOPO DEL TEDESCO 19 LE ANTICIPAZIONI DAL TG DI ANTENNA 3 DI TIZIANA BOLOGNANI<\/p>\n<p><a class=\"dt-pswp-item\" href=\"https:\/\/www.radiopiu.net\/wordpress\/wp-content\/uploads\/2024\/08\/Senza-nome-69.png\" data-dt-img-description=\"\" data-large_image_width=\"531\" data-large_image_height=\"322\"><img loading=\"lazy\" decoding=\"async\" class=\" wp-image-405978 alignleft\" src=\"https:\/\/www.radiopiu.net\/wordpress\/wp-content\/uploads\/2024\/08\/Senza-nome-69-300x182.png\" alt=\"\" width=\"241\" height=\"146\" srcset=\"https:\/\/www.radiopiu.net\/wordpress\/wp-content\/uploads\/2024\/08\/Senza-nome-69-300x182.png 300w, https:\/\/www.radiopiu.net\/wordpress\/wp-content\/uploads\/2024\/08\/Senza-nome-69.png 531w\" sizes=\"auto, (max-width: 241px) 100vw, 241px\" \/><\/a>ROCCA PIETORE Con la fine delle vacanze estive, la Sp 563 di Salesei chiude di nuovo al traffico. La strada verr\u00e0 interdetta in localit\u00e0 Digonera dal 26 agosto al 6 settembre. La chiusura avverr\u00e0 dal luned\u00ec al venerd\u00ec, dalle 7 alle 18. Negli altri orari verr\u00e0 istituito un senso unico alternato regolato da impianto semaforico e limite di velocit\u00e0 a 30 km\/h, sabati e domeniche compresi.<br \/>\nFADALTO I rocciatori sono tornati al lavoro sui corpi di frana del Fadalto, affrontando difficolt\u00e0 dovute al maltempo e alla complessit\u00e0 del terreno. Sulla A27 riprendono le ispezioni di sicurezza nei tunnel, con chiusure notturne. I lavori di bonifica e installazione delle barriere paramassi proseguiranno oltre fine mese.<br \/>\nREDAZIONE Sono tre gli interventi del Suem 118 nel primo pomeriggio di ieri. Falco 1 \u00e8 volato ad Erto per soccorrere un uomo che aveva accusato un malore ed \u00e8 stato elitrasportato a Belluno. Al Rifugio Vandelli invece \u00e8 intervenuto Falco 2 per prestare le prime cure ad una donna di 71 anni che era caduta accidentalmente, trasferita poi a Cortina con ferite di media gravit\u00e0. L\u2019ambulanza di Belluno ha prestato pe prime cure ad una donna di 33 anni che stata coinvolta in un incidente autonomo a Belluno.<br \/>\nBELLUNO Ieri alle 15:40, i Vigili del Fuoco sono intervenuti in via Lungardo a Belluno per un\u2019auto ribaltata dopo che il conducente ha perso il controllo del veicolo. La squadra dei Vigili del Fuoco, giunta dalla centrale di Belluno, ha messo in sicurezza il mezzo e ha estratto il conducente ferito dall\u2019abitacolo. Il ferito \u00e8 stato soccorso dal personale sanitario del SUEM, stabilizzato e poi trasferito in ospedale. Le forze dell\u2019ordine hanno effettuato i rilievi del sinistro, e le operazioni di soccorso sono terminate dopo circa un\u2019ora.<\/p>\n<p><a class=\"dt-pswp-item\" href=\"https:\/\/www.radiopiu.net\/wordpress\/wp-content\/uploads\/2024\/08\/Senza-nome-68.png\" data-dt-img-description=\"\" data-large_image_width=\"518\" data-large_image_height=\"319\"><img loading=\"lazy\" decoding=\"async\" class=\"size-medium wp-image-405977 alignleft\" src=\"https:\/\/www.radiopiu.net\/wordpress\/wp-content\/uploads\/2024\/08\/Senza-nome-68-300x185.png\" alt=\"\" width=\"300\" height=\"185\" srcset=\"https:\/\/www.radiopiu.net\/wordpress\/wp-content\/uploads\/2024\/08\/Senza-nome-68-300x185.png 300w, https:\/\/www.radiopiu.net\/wordpress\/wp-content\/uploads\/2024\/08\/Senza-nome-68.png 518w\" sizes=\"auto, (max-width: 300px) 100vw, 300px\" \/><\/a>ROCCA PIETORE Un dipendente della societ\u00e0 che ha in gestione gli impianti sulla Marmolada \u00e8 l\u2019autore della scoperta di questi giorni, i resti di due soldati ritrovati in Marmolada. Corpi per met\u00e0 fuori dal ghiaccio tra Cima Undici e il Serauta. I militari delle Fiamme Gialle hanno atteso il nulla osta della Procura di Trento per rimuovere i resti dei militari poi portati a Canazei. Non \u00e8 stata ritrovata nessuna piastrina di riconoscimento<br \/>\nFELTRE Prima di Ferragosto, una lite all\u2019ufficio postale di Feltre tra un uomo di origine marocchina e la sua ex moglie si \u00e8 conclusa con una denuncia. L\u2019uomo, noto nella comunit\u00e0 islamica, avrebbe minacciato verbalmente la donna, spingendola a chiamare i carabinieri. L\u2019accusa potrebbe essere di minaccia semplice, di competenza del giudice di pace. Nessun scontro fisico si \u00e8 verificato, ma il caso \u00e8 ora al vaglio dei magistrati.<br \/>\nBELLUNO Un finanziamento di tre milioni di euro, pari a oltre il 90% del costo totale di 3,25 milioni, \u00e8 stato destinato al progetto di promozione del turismo bellunese. La convenzione tra il Comitato di Gestione del Fondo dei Comuni Confinanti e la Fondazione DMO \u201cDolomiti Bellunesi\u201d mira a trasformare il brand \u201cDolomiti Bellunesi\u201d in un vero marchio territoriale. Il progetto prevede la digitalizzazione dei servizi turistici, la creazione di un\u2019area Digital sul portale istituzionale e la promozione della sostenibilit\u00e0 ambientale. Inoltre, saranno rafforzate le campagne di marketing, con un\u2019attenzione particolare ai grandi eventi sportivi.<br \/>\nBELLUNO Investiscuola torna anche per l\u2019anno scolastico 2024-2025 e lo fa con un paio di importanti novit\u00e0: lo sconto per la copertura dell\u2019intera rete e l\u2019iniziativa dedicata ai ragazzi che fanno attivit\u00e0 sportiva in provincia.<\/p>\n<p>CORTINA In vista delle Olimpiadi Invernali 2026, Cortina d\u2019Ampezzo si sta trasformando per accogliere l\u2019evento, lanciando la \u201cCampagna di Sensibilizzazione verso il 2026\u201d per informare e coinvolgere cittadini e turisti sui numerosi cantieri in corso. La campagna prevede affissioni stradali e flyer negli alberghi con immagini di sportivi e messaggi in italiano e inglese, sottolineando l\u2019importanza di questi lavori<br \/>\nFELTRE Il 18enne, rimasto gravemente ferito in un incidente motociclistico lo scorso 19 luglio, \u00e8 stato trasferito dall\u2019ospedale Ca\u2019 Foncello di Treviso a un centro riabilitativo a Vicenza. Il giovane, neodiplomato al liceo Dal Piaz di Feltre, ha subito gravi lesioni alle gambe e richiede ulteriori cure. L\u2019automobilista coinvolto \u00e8 indagato per lesioni stradali gravissime, ma le responsabilit\u00e0 dell\u2019incidente non sono ancora chiare. Le indagini sono in corso per determinare eventuali colpe.<br \/>\nALPAGO Emanuele Costa, 12 anni, anneg\u00f2 nel lago di Santa Croce il 17 luglio 2003. Dopo 21 anni, la sua famiglia lotta ancora per il risarcimento. L\u2019avvocato Alessandra Gracis ha presentato un secondo ricorso in Cassazione contro Enel, Comune di Alpago e Generali assicurazioni, contestando le contraddittorie sentenze d\u2019appello. La Corte d\u2019Appello aveva ridotto il risarcimento del 20%, imputando parziali responsabilit\u00e0 alla madre per omessa vigilanza. La famiglia Costa chiede il pieno risarcimento, sostenendo che l\u2019assenza di cartelli di divieto e di un bagnino fu determinante nella tragedia.<br \/>\nCOLLE SANTA LUCIA L\u2019associazione Altvelox ha denunciato il sindaco di Colle Santa Lucia e altre autorit\u00e0 per l\u2019uso continuato di un autovelox a Passo Giau, nonostante sia privo di omologazione. I reati ipotizzati includono omissione d\u2019atti d\u2019ufficio e truffa. Altvelox critica il Comune per aver ignorato l\u2019invito a sospendere l\u2019uso dell\u2019autovelox, che ha fruttato ingenti entrate negli ultimi anni.<br \/>\nVenerd\u00ec 23 agosto, alle ore 20:30, presso la sala consiliare culturale del municipio di Cencenighe Agordino, \u00e8 in programma l\u2019incontro con il geologo Vittorio Fenti autore del libro \u201cPanorami e curiosit\u00e0 geologiche della Valle del Biois \u2013 Origine, fragilit\u00e0 e bellezza\u201d.<\/p>\n<p>&nbsp;<\/p>\n<p>&nbsp;<\/p>\n<p>&nbsp;<\/p>\n<p>&nbsp;<\/p>\n<p>&nbsp;<\/p>\n<p>&nbsp;<\/p>\n<p>&nbsp;<\/p>\n<p>&nbsp;<\/p>\n<p>&nbsp;<\/p>\n<p>&nbsp;<\/p>\n<p>&nbsp;<\/p>\n<p>&nbsp;<\/p>\n<p>&nbsp;<\/p>\n<p>&nbsp;<\/p>\n","protected":false},"excerpt":{"rendered":"<p>OGGI ALLA RADIO\u2026. ALLE 4 E ALLE 6 LE NOTIZIE DALL\u2019ITALIA E DAL MONDO 6.15 PIROLE DE LENGA A CURA DEL MUSLA 7.20 EL BAL DEL FIORI, DETTI E TRADIZIONI DI GIULIANA DA RONCH 8.05 LA RASSEGNA STAMPA LOCALE 8.30 PIU\u2018 SIAMO IL PROGRAMMA DI MARINA DONA\u2019 900 LA MUSICA COUNTRY DI ALEX NASCINBEN 9.40&hellip;<\/p>\n","protected":false},"author":4,"featured_media":405977,"comment_status":"closed","ping_status":"closed","sticky":false,"template":"","format":"standard","meta":{"_monsterinsights_skip_tracking":false,"_monsterinsights_sitenote_active":false,"_monsterinsights_sitenote_note":"","_monsterinsights_sitenote_category":0,"footnotes":""},"categories":[104,49,142],"tags":[],"class_list":["post-405985","post","type-post","status-publish","format-standard","has-post-thumbnail","hentry","category-evidenza_3","category-news-18","category-rassegna-stampa","category-104","category-49","category-142","description-off"],"img_url":"https:\/\/www.radiopiu.net\/wordpress\/wp-content\/uploads\/2024\/08\/Senza-nome-68.png","_links":{"self":[{"href":"https:\/\/www.radiopiu.net\/wordpress\/wp-json\/wp\/v2\/posts\/405985","targetHints":{"allow":["GET"]}}],"collection":[{"href":"https:\/\/www.radiopiu.net\/wordpress\/wp-json\/wp\/v2\/posts"}],"about":[{"href":"https:\/\/www.radiopiu.net\/wordpress\/wp-json\/wp\/v2\/types\/post"}],"author":[{"embeddable":true,"href":"https:\/\/www.radiopiu.net\/wordpress\/wp-json\/wp\/v2\/users\/4"}],"replies":[{"embeddable":true,"href":"https:\/\/www.radiopiu.net\/wordpress\/wp-json\/wp\/v2\/comments?post=405985"}],"version-history":[{"count":2,"href":"https:\/\/www.radiopiu.net\/wordpress\/wp-json\/wp\/v2\/posts\/405985\/revisions"}],"predecessor-version":[{"id":406014,"href":"https:\/\/www.radiopiu.net\/wordpress\/wp-json\/wp\/v2\/posts\/405985\/revisions\/406014"}],"wp:featuredmedia":[{"embeddable":true,"href":"https:\/\/www.radiopiu.net\/wordpress\/wp-json\/wp\/v2\/media\/405977"}],"wp:attachment":[{"href":"https:\/\/www.radiopiu.net\/wordpress\/wp-json\/wp\/v2\/media?parent=405985"}],"wp:term":[{"taxonomy":"category","embeddable":true,"href":"https:\/\/www.radiopiu.net\/wordpress\/wp-json\/wp\/v2\/categories?post=405985"},{"taxonomy":"post_tag","embeddable":true,"href":"https:\/\/www.radiopiu.net\/wordpress\/wp-json\/wp\/v2\/tags?post=405985"}],"curies":[{"name":"wp","href":"https:\/\/api.w.org\/{rel}","templated":true}]}}