{"id":406037,"date":"2024-08-21T05:36:02","date_gmt":"2024-08-21T03:36:02","guid":{"rendered":"https:\/\/www.radiopiu.net\/wordpress\/?p=406037"},"modified":"2024-08-21T05:43:33","modified_gmt":"2024-08-21T03:43:33","slug":"incidente-stradale-a-ospitale-di-cadore-4-vetture-coinvolte-5-feriti","status":"publish","type":"post","link":"https:\/\/www.radiopiu.net\/wordpress\/incidente-stradale-a-ospitale-di-cadore-4-vetture-coinvolte-5-feriti\/","title":{"rendered":"Incidente stradale a Ospitale di Cadore: 3 vetture coinvolte, 5 feriti"},"content":{"rendered":"<p>**<\/p>\n<p><strong>OSPITALE DI CADORE<\/strong> Un grave incidente stradale si \u00e8 verificato sulla statale che attraversa il comune di Ospitale di Cadore. Tre le vetture sono rimaste coinvolte in un violento scontro che ha causato cinque feriti. Uno dei feriti, che ha riportato un trauma toracico, \u00e8 stato trasportato d\u2019urgenza in elicottero all\u2019ospedale di Treviso in codice giallo (codice 2). Altri due feriti sono stati condotti in ambulanza all&#8217;ospedale di Belluno, anch\u2019essi in codice giallo, mentre i restanti due feriti, con lesioni meno gravi, sono stati portati nello stesso ospedale in codice verde (codice 1). Sul posto sono intervenute diverse unit\u00e0 di soccorso, tra cui un\u2019ambulanza di Cortina, una di Pieve di Cadore e una di Belluno, oltre all\u2019elicottero del Suem 118. I vigili del fuoco accorsi dal distaccamento di Pieve di Cadore, dopo aver messo in sicurezza i mezzi, hanno estratto una donna bloccata tra le lamiere dell\u2019auto. Le autorit\u00e0 stanno ancora ricostruendo la dinamica dell\u2019incidente per stabilire le responsabilit\u00e0 e le cause del sinistro. La strada \u00e8 stata temporaneamente chiusa al traffico per permettere i soccorsi e la rimozione dei veicoli incidentati.<\/p>\n<p><strong>AGGIORNAMENTO FERITI.<\/strong> Il pi\u00f9 grave portato a Treviso \u00e8 un uomo di 52 anni di Mareno di Piave; codice di media gravit\u00e0 con ricovero all&#8217;ospedale San Martino di Belluno per una donna 49 anni di Mareno di Piave e un uomo di 77 anni di Roma. Ferite leggere per una donna 23 anni di Mareno di Piave e un uomo 26 anni ci Conegliano<\/p>\n<p>&nbsp;<\/p>\n\n\t\t\t<style type='text\/css'>\n\t\t\t\t#gallery-1 {\n\t\t\t\t\tmargin: auto;\n\t\t\t\t}\n\t\t\t\t#gallery-1 .gallery-item {\n\t\t\t\t\tfloat: left;\n\t\t\t\t\tmargin-top: 10px;\n\t\t\t\t\ttext-align: center;\n\t\t\t\t\twidth: 33%;\n\t\t\t\t}\n\t\t\t\t#gallery-1 img {\n\t\t\t\t\tborder: 2px solid #cfcfcf;\n\t\t\t\t}\n\t\t\t\t#gallery-1 .gallery-caption {\n\t\t\t\t\tmargin-left: 0;\n\t\t\t\t}\n\t\t\t\t\/* see gallery_shortcode() in wp-includes\/media.php *\/\n\t\t\t<\/style>\n\t\t<div id='gallery-1' class='dt-gallery-container gallery galleryid-406037 gallery-columns-3 gallery-size-thumbnail'><dl class='gallery-item'>\n\t\t\t\t<dt class='gallery-icon landscape'>\n\t\t\t\t\t<a class=\"rollover rollover-zoom dt-pswp-item\" title=\"8438ec6d-616d-4a47-b637-7a47e9e792aa\" data-dt-img-description=\"\" data-large_image_width=\"914\" data-large_image_height=\"653\"href='https:\/\/www.radiopiu.net\/wordpress\/wp-content\/uploads\/2024\/08\/8438ec6d-616d-4a47-b637-7a47e9e792aa.jpg'><img loading=\"lazy\" decoding=\"async\" width=\"150\" height=\"150\" src=\"https:\/\/www.radiopiu.net\/wordpress\/wp-content\/uploads\/2024\/08\/8438ec6d-616d-4a47-b637-7a47e9e792aa-150x150.jpg\" class=\"attachment-thumbnail size-thumbnail\" alt=\"\" \/><\/a>\n\t\t\t\t<\/dt><\/dl><dl class='gallery-item'>\n\t\t\t\t<dt class='gallery-icon landscape'>\n\t\t\t\t\t<a class=\"rollover rollover-zoom dt-pswp-item\" title=\"70c7fcfd-5424-4e14-8636-88ec96023ae8\" data-dt-img-description=\"\" data-large_image_width=\"964\" data-large_image_height=\"771\"href='https:\/\/www.radiopiu.net\/wordpress\/wp-content\/uploads\/2024\/08\/70c7fcfd-5424-4e14-8636-88ec96023ae8.jpg'><img loading=\"lazy\" decoding=\"async\" width=\"150\" height=\"150\" src=\"https:\/\/www.radiopiu.net\/wordpress\/wp-content\/uploads\/2024\/08\/70c7fcfd-5424-4e14-8636-88ec96023ae8-150x150.jpg\" class=\"attachment-thumbnail size-thumbnail\" alt=\"\" \/><\/a>\n\t\t\t\t<\/dt><\/dl><dl class='gallery-item'>\n\t\t\t\t<dt class='gallery-icon landscape'>\n\t\t\t\t\t<a class=\"rollover rollover-zoom dt-pswp-item\" title=\"58520ed6-55e4-43b6-a7ce-f40fdd2726a9\" data-dt-img-description=\"\" data-large_image_width=\"914\" data-large_image_height=\"653\"href='https:\/\/www.radiopiu.net\/wordpress\/wp-content\/uploads\/2024\/08\/58520ed6-55e4-43b6-a7ce-f40fdd2726a9.jpg'><img loading=\"lazy\" decoding=\"async\" width=\"150\" height=\"150\" src=\"https:\/\/www.radiopiu.net\/wordpress\/wp-content\/uploads\/2024\/08\/58520ed6-55e4-43b6-a7ce-f40fdd2726a9-150x150.jpg\" class=\"attachment-thumbnail size-thumbnail\" alt=\"\" \/><\/a>\n\t\t\t\t<\/dt><\/dl><br style=\"clear: both\" \/>\n\t\t\t<\/div>\n\n<p>&nbsp;<\/p>\n<p>____<\/p>\n<p>&nbsp;<\/p>\n","protected":false},"excerpt":{"rendered":"<p>** OSPITALE DI CADORE Un grave incidente stradale si \u00e8 verificato sulla statale che attraversa il comune di Ospitale di Cadore. Tre le vetture sono rimaste coinvolte in un violento scontro che ha causato cinque feriti. Uno dei feriti, che ha riportato un trauma toracico, \u00e8 stato trasportato d\u2019urgenza in elicottero all\u2019ospedale di Treviso in&hellip;<\/p>\n","protected":false},"author":4,"featured_media":406072,"comment_status":"closed","ping_status":"closed","sticky":false,"template":"","format":"standard","meta":{"_monsterinsights_skip_tracking":false,"_monsterinsights_sitenote_active":false,"_monsterinsights_sitenote_note":"","_monsterinsights_sitenote_category":0,"footnotes":""},"categories":[51,49],"tags":[],"class_list":["post-406037","post","type-post","status-publish","format-standard","has-post-thumbnail","hentry","category-evidenza-top","category-news-18","category-51","category-49","description-off"],"img_url":"https:\/\/www.radiopiu.net\/wordpress\/wp-content\/uploads\/2024\/08\/58520ed6-55e4-43b6-a7ce-f40fdd2726a9.jpg","_links":{"self":[{"href":"https:\/\/www.radiopiu.net\/wordpress\/wp-json\/wp\/v2\/posts\/406037","targetHints":{"allow":["GET"]}}],"collection":[{"href":"https:\/\/www.radiopiu.net\/wordpress\/wp-json\/wp\/v2\/posts"}],"about":[{"href":"https:\/\/www.radiopiu.net\/wordpress\/wp-json\/wp\/v2\/types\/post"}],"author":[{"embeddable":true,"href":"https:\/\/www.radiopiu.net\/wordpress\/wp-json\/wp\/v2\/users\/4"}],"replies":[{"embeddable":true,"href":"https:\/\/www.radiopiu.net\/wordpress\/wp-json\/wp\/v2\/comments?post=406037"}],"version-history":[{"count":5,"href":"https:\/\/www.radiopiu.net\/wordpress\/wp-json\/wp\/v2\/posts\/406037\/revisions"}],"predecessor-version":[{"id":406088,"href":"https:\/\/www.radiopiu.net\/wordpress\/wp-json\/wp\/v2\/posts\/406037\/revisions\/406088"}],"wp:featuredmedia":[{"embeddable":true,"href":"https:\/\/www.radiopiu.net\/wordpress\/wp-json\/wp\/v2\/media\/406072"}],"wp:attachment":[{"href":"https:\/\/www.radiopiu.net\/wordpress\/wp-json\/wp\/v2\/media?parent=406037"}],"wp:term":[{"taxonomy":"category","embeddable":true,"href":"https:\/\/www.radiopiu.net\/wordpress\/wp-json\/wp\/v2\/categories?post=406037"},{"taxonomy":"post_tag","embeddable":true,"href":"https:\/\/www.radiopiu.net\/wordpress\/wp-json\/wp\/v2\/tags?post=406037"}],"curies":[{"name":"wp","href":"https:\/\/api.w.org\/{rel}","templated":true}]}}