{"id":406092,"date":"2024-08-21T05:31:19","date_gmt":"2024-08-21T03:31:19","guid":{"rendered":"https:\/\/www.radiopiu.net\/wordpress\/?p=406092"},"modified":"2024-08-21T05:46:07","modified_gmt":"2024-08-21T03:46:07","slug":"tragedia-di-falco-il-presidente-zaia-ricorda-i-quattro-eroi-e-invoca-un-impegno-maggiore-nella-sicurezza","status":"publish","type":"post","link":"https:\/\/www.radiopiu.net\/wordpress\/tragedia-di-falco-il-presidente-zaia-ricorda-i-quattro-eroi-e-invoca-un-impegno-maggiore-nella-sicurezza\/","title":{"rendered":"TRAGEDIA DI FALCO: IL PRESIDENTE ZAIA RICORDA I QUATTRO EROI E INVOCA UN IMPEGNO MAGGIORE NELLA SICUREZZA"},"content":{"rendered":"<p>******<\/p>\n<p>&nbsp;<\/p>\n<p><strong><a class=\"dt-pswp-item\" href=\"https:\/\/www.radiopiu.net\/wordpress\/wp-content\/uploads\/2024\/08\/LUCA-ZAIA-COPERTINA.jpg\" data-dt-img-description=\"\" data-large_image_width=\"1600\" data-large_image_height=\"1143\"><img loading=\"lazy\" decoding=\"async\" class=\" wp-image-403496 alignleft\" src=\"https:\/\/www.radiopiu.net\/wordpress\/wp-content\/uploads\/2024\/08\/LUCA-ZAIA-COPERTINA-300x214.jpg\" alt=\"\" width=\"199\" height=\"142\" \/><\/a>VENEZIA <\/strong>\u201cSono trascorsi quindici anni da quel drammatico sabato in cui, sulle nostre Dolomiti, svolgendo la loro generosa e appassionata attivit\u00e0 di soccorso, hanno trovato la morte Dario, Fabrizio, Marco e Stefano: gli Eroi di Falco, l\u2019elicottero caduto a Rio Gere. Un giorno di lutto e di gratitudine ma anche di riflessione perch\u00e9 nessun discorso avrebbe mai senso in onore della loro memoria se non fosse sostenuto dal rispetto verso l\u2019impegno di chi, come loro, svolge un lavoro tanto prezioso per la comunit\u00e0. Un lavoro, infatti, che \u00e8 reso ancora pi\u00f9 rischioso dall\u2019incoscienza di tanti e dalla lunga attesa di una legge di riferimento nazionale che detti criteri di sicurezza a favore dei servizi di elisoccorso e dei voli con ala rotante\u201d. Cos\u00ec, il Presidente della Regione del Veneto ricorda le vittime della tragedia del 22 agosto 2009, in cui perirono i quattro componenti dell\u2019equipaggio di \u201cFalco\u201d, l\u2019elicottero del Soccorso Alpino e del Suem 118, precipitato durante un intervento nei pressi di Cortina d\u2019Ampezzo. \u201cI nomi degli Eroi di Falco sono rimasti scolpiti per sempre sulla roccia delle nostre montagne \u2013 prosegue il Governatore -. Sono diventati un simbolo indimenticabile di coloro che sotto le insegne del Corpo Nazionale del Soccorso Alpino, del SUEM 118, dei Carabinieri, della Guardia di Finanza, della Polizia di Stato, dei Vigili del Fuoco, della Protezione Civile in elicottero solcano i nostri cieli per salvare vite umane e portare aiuto a chi si trova in stato di pericolo. Ma, dopo quindici anni, una chiara norma nazionale sugli ostacoli al volo anche nel territorio montano non \u00e8 ancora stata varata. Il Veneto si \u00e8 dotato a riguardo di norme regionali ma \u00e8 essenziale un riferimento nazionale che dovrebbe trovare i fondamenti in una condivisione trasversale, nel rispetto del sacrificio compiuto a Rio Gere come in molte altre localit\u00e0 del Paese con la morte di molti operatori. E ora anche i droni aggiungono incognite al lavoro di questi professionisti. Serve lucidit\u00e0 e chiarezza normativa, considerando anche un futuro possibile di maggior utilizzo dei droni. La sicurezza, per\u00f2, nasce da una consapevolezza del singolo, \u00e8 un atto di civilt\u00e0 che deve essere alla base di tutta la societ\u00e0. Una societ\u00e0 che non sar\u00e0 mai completamente matura finch\u00e9 ci sar\u00e0 qualche irresponsabile che affronta la montagna senza accorgimenti minimi e attrezzature adeguate o che, \u00e8 cronaca di questi giorni, ostacoler\u00e0 con un drone il decollo di un elisoccorso in alta quota, aggiungendo pericoli a pericoli\u201d. \u201cOltre le doverose lapidi e le meritate medaglie, se la nostra comunit\u00e0 dimostrer\u00e0 di saper coltivare la sicurezza, onorer\u00e0 concretamente Dario, Fabrizio, Marco e Stefano \u2013 conclude il Presidente \u2013. In questo giorno, che ripropone tutto il dolore di una perdita cos\u00ec grave, pensiamo a loro come figure indelebili per la nostra comunit\u00e0 veneta. Rinnovo la mia vicinanza ai familiari, ai colleghi, agli amici\u201d.<\/p>\n<p>&nbsp;<\/p>\n<p>&nbsp;<\/p>\n<p>*********<\/p>\n","protected":false},"excerpt":{"rendered":"<p>****** &nbsp; VENEZIA \u201cSono trascorsi quindici anni da quel drammatico sabato in cui, sulle nostre Dolomiti, svolgendo la loro generosa e appassionata attivit\u00e0 di soccorso, hanno trovato la morte Dario, Fabrizio, Marco e Stefano: gli Eroi di Falco, l\u2019elicottero caduto a Rio Gere. Un giorno di lutto e di gratitudine ma anche di riflessione perch\u00e9&hellip;<\/p>\n","protected":false},"author":4,"featured_media":403496,"comment_status":"closed","ping_status":"closed","sticky":false,"template":"","format":"standard","meta":{"_monsterinsights_skip_tracking":false,"_monsterinsights_sitenote_active":false,"_monsterinsights_sitenote_note":"","_monsterinsights_sitenote_category":0,"footnotes":""},"categories":[51,49],"tags":[],"class_list":["post-406092","post","type-post","status-publish","format-standard","has-post-thumbnail","hentry","category-evidenza-top","category-news-18","category-51","category-49","description-off"],"img_url":"https:\/\/www.radiopiu.net\/wordpress\/wp-content\/uploads\/2024\/08\/LUCA-ZAIA-COPERTINA-e1748664896238.jpg","_links":{"self":[{"href":"https:\/\/www.radiopiu.net\/wordpress\/wp-json\/wp\/v2\/posts\/406092","targetHints":{"allow":["GET"]}}],"collection":[{"href":"https:\/\/www.radiopiu.net\/wordpress\/wp-json\/wp\/v2\/posts"}],"about":[{"href":"https:\/\/www.radiopiu.net\/wordpress\/wp-json\/wp\/v2\/types\/post"}],"author":[{"embeddable":true,"href":"https:\/\/www.radiopiu.net\/wordpress\/wp-json\/wp\/v2\/users\/4"}],"replies":[{"embeddable":true,"href":"https:\/\/www.radiopiu.net\/wordpress\/wp-json\/wp\/v2\/comments?post=406092"}],"version-history":[{"count":1,"href":"https:\/\/www.radiopiu.net\/wordpress\/wp-json\/wp\/v2\/posts\/406092\/revisions"}],"predecessor-version":[{"id":406093,"href":"https:\/\/www.radiopiu.net\/wordpress\/wp-json\/wp\/v2\/posts\/406092\/revisions\/406093"}],"wp:featuredmedia":[{"embeddable":true,"href":"https:\/\/www.radiopiu.net\/wordpress\/wp-json\/wp\/v2\/media\/403496"}],"wp:attachment":[{"href":"https:\/\/www.radiopiu.net\/wordpress\/wp-json\/wp\/v2\/media?parent=406092"}],"wp:term":[{"taxonomy":"category","embeddable":true,"href":"https:\/\/www.radiopiu.net\/wordpress\/wp-json\/wp\/v2\/categories?post=406092"},{"taxonomy":"post_tag","embeddable":true,"href":"https:\/\/www.radiopiu.net\/wordpress\/wp-json\/wp\/v2\/tags?post=406092"}],"curies":[{"name":"wp","href":"https:\/\/api.w.org\/{rel}","templated":true}]}}