{"id":406161,"date":"2024-08-21T05:38:10","date_gmt":"2024-08-21T03:38:10","guid":{"rendered":"https:\/\/www.radiopiu.net\/wordpress\/?p=406161"},"modified":"2024-08-21T05:42:48","modified_gmt":"2024-08-21T03:42:48","slug":"sedico-in-lutto-per-la-scomparsa-di-michele-bortot-pilastro-della-protezione-civile","status":"publish","type":"post","link":"https:\/\/www.radiopiu.net\/wordpress\/sedico-in-lutto-per-la-scomparsa-di-michele-bortot-pilastro-della-protezione-civile\/","title":{"rendered":"Sedico in lutto per la scomparsa di Michele Bortot, pilastro della Protezione Civile"},"content":{"rendered":"<p>**<\/p>\n<p>&nbsp;<\/p>\n<blockquote><p><strong><a class=\"dt-pswp-item\" href=\"https:\/\/www.radiopiu.net\/wordpress\/wp-content\/uploads\/2024\/08\/Senza-nome-71.png\" data-dt-img-description=\"\" data-large_image_width=\"255\" data-large_image_height=\"266\"><img loading=\"lazy\" decoding=\"async\" class=\" wp-image-406160 alignleft\" src=\"https:\/\/www.radiopiu.net\/wordpress\/wp-content\/uploads\/2024\/08\/Senza-nome-71.png\" alt=\"\" width=\"147\" height=\"153\" \/><\/a><\/strong><\/p><\/blockquote>\n<p><strong>SEDICO<\/strong> Sedico piange la prematura scomparsa di Michele Bortot, 47 anni, dipendente Enel e storico volontario del gruppo di Protezione Civile Monte Peron, dove ha operato per oltre 15 anni. Bortot, noto per il suo impegno nelle attivit\u00e0 di antincendio boschivo, ha lasciato un segno profondo nella comunit\u00e0 per la sua dedizione. Malato da tempo, ha dovuto rallentare le sue attivit\u00e0 negli ultimi anni. I funerali si terranno domani nella chiesa arcipretale di Sedico. Chi lo desidera, pu\u00f2 fare visita alla salma alla casa funeraria Ganz, oggi dalle 9 alle 12 e dalle 15 alle 18, e domani dalle 9 alle 12 e dalle 14 alle 15.<\/p>\n<p>&nbsp;<\/p>\n<p>&nbsp;<\/p>\n<p>&nbsp;<\/p>\n<p>&nbsp;<\/p>\n<hr \/>\n<h3><a class=\"dt-pswp-item\" href=\"https:\/\/www.radiopiu.net\/wordpress\/wp-content\/uploads\/2024\/08\/Senza-nome-77.png\" data-dt-img-description=\"\" data-large_image_width=\"163\" data-large_image_height=\"167\"><img loading=\"lazy\" decoding=\"async\" class=\"wp-image-406168 alignleft\" src=\"https:\/\/www.radiopiu.net\/wordpress\/wp-content\/uploads\/2024\/08\/Senza-nome-77.png\" alt=\"\" width=\"92\" height=\"94\" \/><\/a>DANIELE PALMAN STRONCATO DA MALORE<\/p>\n<p>SEDICO E&#8217; mancato per un malore improvviso Daniele Palman, 56 anni, operaio della Luxottica nello stabilimento di Sedico. I funerali avranno luogo venerdi nella chiesa di San Gervasio.<\/h3>\n<p>&nbsp;<\/p>\n<hr \/>\n<p>&nbsp;<\/p>\n<p>&nbsp;<\/p>\n","protected":false},"excerpt":{"rendered":"<p>** &nbsp; SEDICO Sedico piange la prematura scomparsa di Michele Bortot, 47 anni, dipendente Enel e storico volontario del gruppo di Protezione Civile Monte Peron, dove ha operato per oltre 15 anni. Bortot, noto per il suo impegno nelle attivit\u00e0 di antincendio boschivo, ha lasciato un segno profondo nella comunit\u00e0 per la sua dedizione. Malato&hellip;<\/p>\n","protected":false},"author":4,"featured_media":406160,"comment_status":"closed","ping_status":"closed","sticky":false,"template":"","format":"standard","meta":{"_monsterinsights_skip_tracking":false,"_monsterinsights_sitenote_active":false,"_monsterinsights_sitenote_note":"","_monsterinsights_sitenote_category":0,"footnotes":""},"categories":[51],"tags":[],"class_list":["post-406161","post","type-post","status-publish","format-standard","has-post-thumbnail","hentry","category-evidenza-top","category-51","description-off"],"img_url":"https:\/\/www.radiopiu.net\/wordpress\/wp-content\/uploads\/2024\/08\/Senza-nome-71.png","_links":{"self":[{"href":"https:\/\/www.radiopiu.net\/wordpress\/wp-json\/wp\/v2\/posts\/406161","targetHints":{"allow":["GET"]}}],"collection":[{"href":"https:\/\/www.radiopiu.net\/wordpress\/wp-json\/wp\/v2\/posts"}],"about":[{"href":"https:\/\/www.radiopiu.net\/wordpress\/wp-json\/wp\/v2\/types\/post"}],"author":[{"embeddable":true,"href":"https:\/\/www.radiopiu.net\/wordpress\/wp-json\/wp\/v2\/users\/4"}],"replies":[{"embeddable":true,"href":"https:\/\/www.radiopiu.net\/wordpress\/wp-json\/wp\/v2\/comments?post=406161"}],"version-history":[{"count":2,"href":"https:\/\/www.radiopiu.net\/wordpress\/wp-json\/wp\/v2\/posts\/406161\/revisions"}],"predecessor-version":[{"id":406169,"href":"https:\/\/www.radiopiu.net\/wordpress\/wp-json\/wp\/v2\/posts\/406161\/revisions\/406169"}],"wp:featuredmedia":[{"embeddable":true,"href":"https:\/\/www.radiopiu.net\/wordpress\/wp-json\/wp\/v2\/media\/406160"}],"wp:attachment":[{"href":"https:\/\/www.radiopiu.net\/wordpress\/wp-json\/wp\/v2\/media?parent=406161"}],"wp:term":[{"taxonomy":"category","embeddable":true,"href":"https:\/\/www.radiopiu.net\/wordpress\/wp-json\/wp\/v2\/categories?post=406161"},{"taxonomy":"post_tag","embeddable":true,"href":"https:\/\/www.radiopiu.net\/wordpress\/wp-json\/wp\/v2\/tags?post=406161"}],"curies":[{"name":"wp","href":"https:\/\/api.w.org\/{rel}","templated":true}]}}