{"id":406177,"date":"2024-08-21T07:55:49","date_gmt":"2024-08-21T05:55:49","guid":{"rendered":"https:\/\/www.radiopiu.net\/wordpress\/?p=406177"},"modified":"2024-08-22T08:11:36","modified_gmt":"2024-08-22T06:11:36","slug":"dal-1983-la-rassegna-della-stampa-locale-di-mirko-mezzacasa-6","status":"publish","type":"post","link":"https:\/\/www.radiopiu.net\/wordpress\/dal-1983-la-rassegna-della-stampa-locale-di-mirko-mezzacasa-6\/","title":{"rendered":"DAL 1983 la rassegna della stampa locale DI MIRKO MEZZACASA"},"content":{"rendered":"<p><iframe loading=\"lazy\" title=\"DAL 1983 LA RASSEGNA STAMPA LOCALE di mirko mezzacasa. L&#039;ORIGINALE\" width=\"1200\" height=\"675\" src=\"https:\/\/www.youtube.com\/embed\/46NMNgIJwCI?feature=oembed\" frameborder=\"0\" allow=\"accelerometer; autoplay; clipboard-write; encrypted-media; gyroscope; picture-in-picture; web-share\" referrerpolicy=\"strict-origin-when-cross-origin\" allowfullscreen><\/iframe><\/p>\n<p>OGGI ALLA RADIO&#8230;. ALLE 4 E ALLE 6 LE NOTIZIE DALL&#8217;ITALIA E DAL MONDO 6.15 PIROLE DE LENGA A CURA DEL MUSLA 7.20 EL BAL DEL FIORI, DETTI E TRADIZIONI DI GIULIANA DA RONCH 8.05 LA RASSEGNA STAMPA LOCALE 8.30 PIU&#8217; SIAMO IL PROGRAMMA DI MARINA DONA&#8217; \u00a0900 IN VIAGGIO DALL&#8217;INDIA ALL&#8217;ITALIA IN BICICLETTA PUNTATA 25 e ROBERTO FAORO, PRESENTA LA SERATA A VOLTAGO CON &#8220;FRANKESTEIN&#8221; \u00a09.40 VIABILITA&#8217; CON BOTOL CAR SERVICE (AGORDO-SEDICO-FELTRE) \u00a0\u00a011.10 LA STORIA DEL FESTIVALBAR DI MIRCO BENCIVENNI 12.00 VA TUTTO LISCIO\u00a0 12.30 GIORNALE RADIO PRINCIPALE\u00a0 \u00a014.00 LA CLASSIFICA UFFICIALE DI RADIOPIU DI MARCO GAZ\u00a0 15.00\u00a0 PIU MUSICA IL PROGRAMMA DI MARINA DONA&#8217;\u00a0 \u00a016 IL ROCK DI MARCO COSTANTINI 1645 LE HIT DI MIRCO BENCIVENNI 18.00 PIU&#8217; DANCE LE SELEZIONI CHE FANNO SALTARE DI DJ JACK, JACOPO DEL TEDESCO\u00a0 19 LE ANTICIPAZIONI DAL TG DI ANTENNA 3 DI TIZIANA BOLOGNANI 18.30 NCONCONTE CON MILLY CREPAZ<\/p>\n<p><a class=\"dt-pswp-item\" href=\"https:\/\/www.radiopiu.net\/wordpress\/wp-content\/uploads\/2024\/08\/Senza-nome-73.png\" data-dt-img-description=\"\" data-large_image_width=\"539\" data-large_image_height=\"366\"><img loading=\"lazy\" decoding=\"async\" class=\"size-medium wp-image-406164 alignleft\" src=\"https:\/\/www.radiopiu.net\/wordpress\/wp-content\/uploads\/2024\/08\/Senza-nome-73-300x204.png\" alt=\"\" width=\"300\" height=\"204\" srcset=\"https:\/\/www.radiopiu.net\/wordpress\/wp-content\/uploads\/2024\/08\/Senza-nome-73-300x204.png 300w, https:\/\/www.radiopiu.net\/wordpress\/wp-content\/uploads\/2024\/08\/Senza-nome-73.png 539w\" sizes=\"auto, (max-width: 300px) 100vw, 300px\" \/><\/a>Ricerche in corso per Simone Noal, scomparso da Ponte nelle Alpi, la jeep segnalata a Cencenighe<br \/>\nPONTE NELLE ALPI Simone Noal, 39 anni, residente a Ponte nelle Alpi, \u00e8 scomparso da luned\u00ec 19 agosto, quando ha lasciato la sua abitazione con abbigliamento da montagna e uno zaino, presumibilmente per un\u2019escursione. L\u2019uomo \u00e8 uscito di prima mattina a bordo della sua Jeep Renegade bianca, targata EZ 311 HB.chiunque abbia notizie o informazioni, possa rivolgersi ai Carabinieri attraverso l\u2019utenza 112 o 04372551, o a qualunque Stazione Carabinieri o ufficio di qualunque forza di polizia.<\/p>\n<p>INCENDIO A LONGARONE. A FUOCO UN&#8217;UNITA&#8217; ABITATIVA<br \/>\nLONGARONE Ieri alle 9:30, i vigili del fuoco sono stati inviati in Via Pietro Marchi a Longarone per l\u2019incendio di una unit\u00e0 di un complesso a schiera di tre abitazioni: nessuna persona \u00e8 rimasta ferita. Le fiamme sono divampate per cause in corso di accertamento al secondo piano dell\u2019unit\u00e0 abitativa di testa e si sono subito estese al tetto in legno, interessando parzialmente anche la copertura della casa affiancata.<\/p>\n<p>STRANIERO SENZA FISSA DIMORA ARRESTATO A BELLUNO. AVEVA UN MANDATO DI ARRESTO EUROPEO<br \/>\nBELLUNO Il 7 agosto, la Squadra Mobile di Belluno ha arrestato un cittadino pakistano di 32 anni in esecuzione di un Mandato di Arresto Europeo emesso dalle autorit\u00e0 austriache. L&#8217;uomo, senza fissa dimora in Italia, \u00e8 accusato di aver facilitato l&#8217;ingresso e il transito illegale di clandestini in Austria e Germania tra agosto e ottobre 2023.<\/p>\n<p>Incidente stradale a Ospitale di Cadore: 3 vetture coinvolte, 5 feriti<br \/>\nOSPITALE DI CADORE\u00a0Un grave incidente stradale si \u00e8 verificato sulla statale che attraversa il comune di Ospitale di Cadore. Tre vetture sono rimaste coinvolte in un violento scontro che ha causato cinque feriti. Uno dei feriti, che ha riportato un trauma toracico, \u00e8 stato trasportato d\u2019urgenza in elicottero all\u2019ospedale di Treviso in codice giallo (codice 2). Altri due feriti sono stati condotti in ambulanza all\u2019ospedale di Belluno, anch\u2019essi in codice giallo, mentre i restanti due feriti, con lesioni meno gravi, sono stati portati nello stesso ospedale in codice verde (codice 1).<\/p>\n<p><a class=\"dt-pswp-item\" href=\"https:\/\/www.radiopiu.net\/wordpress\/wp-content\/uploads\/2024\/08\/Senza-nome-75.png\" data-dt-img-description=\"\" data-large_image_width=\"319\" data-large_image_height=\"165\"><img loading=\"lazy\" decoding=\"async\" class=\"size-medium wp-image-406166 alignleft\" src=\"https:\/\/www.radiopiu.net\/wordpress\/wp-content\/uploads\/2024\/08\/Senza-nome-75-300x155.png\" alt=\"\" width=\"300\" height=\"155\" srcset=\"https:\/\/www.radiopiu.net\/wordpress\/wp-content\/uploads\/2024\/08\/Senza-nome-75-300x155.png 300w, https:\/\/www.radiopiu.net\/wordpress\/wp-content\/uploads\/2024\/08\/Senza-nome-75.png 319w\" sizes=\"auto, (max-width: 300px) 100vw, 300px\" \/><\/a>AUTO IN FIAMME A PARECH DI AGORDO<br \/>\nAGORDO Luned\u00ec poco dopo le 18 i Vigili del Fuoco di Agordo sono intervenuti in frazione Parech, comune di Agordo, per un incendio autovettura. Grazie al tempestivo intervento, i pompieri sono riusciti a spegnere il veicolo in fiamme e a prevenire la propagazione del fuoco agli edifici circostanti. Sul posto sono intervenuti anche i Carabinieri di Agordo. Le operazioni di messa in sicurezza si sono concluse alle ore 19.20.<\/p>\n<p>PUNTO DA UN INSETTO, ELITRASPORTATO AD AGORDO<br \/>\nREDAZIONE\u00a0Due interventi nel pomeriggio di ieri per il Suem 118. La prima chiamata a Selva di Cadore dove un uomo di 57 anni originario di Ferrara, in seguito alla puntura di un insetto, non si sentiva bene. Sul posto due ambulanze e l&#8217;elicottero Falco 1 che ha portato l&#8217;uomo all&#8217;ospedale Papa Luciani di Agordo. Secondo intervento a Santo Stefano di Cadore dove una donna di 78 anni aveva accusato un malore. La paziente \u00e8 stata trasportata in elicottero al San Martino di Belluno in gravi condizioni.<\/p>\n<p>CANAZEI, I RESTI RITROVATI IN MARMOLADA POTREBBERO ESSERE DI DUE FANTI<br \/>\nIl quotidiano Alto Adige,\u00a0 sulla notizia dei resti ritrovati in Marmolada aggiunge &#8220;Da quanto emerso, i resti risultano essere le spoglie di due\u00a0Fanti appartenenti alla Brigata fanteria Como. L\u2019identificazione del Reparto si \u00e8 resa possibile grazie al rinvenimento di due piastrine militari e delle mostrine di quel Reparto. L\u2019attivit\u00e0 di recupero \u00e8 scaturita dalla segnalazione di un escursionista presentatosi il 16 agosto presso il\u00a0Comando Stazione Carabinieri di Canazei<\/p>\n<p>Sedico in lutto per la scomparsa di Michele Bortot, pilastro della Protezione Civile<br \/>\nSedico piange la prematura scomparsa di Michele Bortot, 47 anni, dipendente Enel e storico volontario del gruppo di Protezione Civile Monte Peron, dove ha operato per oltre 15 anni. Bortot, noto per il suo impegno nelle attivit\u00e0 di antincendio boschivo, ha lasciato un segno profondo nella comunit\u00e0 per la sua dedizione. Malato da tempo, ha dovuto rallentare le sue attivit\u00e0 negli ultimi anni. I funerali si terranno domani nella chiesa arcipretale di Sedico. Chi lo desidera, pu\u00f2 fare visita alla salma alla casa funeraria Ganz, oggi dalle 9 alle 12 e dalle 15 alle 18, e domani dalle 9 alle 12 e dalle 14 alle 15.<\/p>\n<p>DANIELE PALMAN STRONCATO DA MALORE<br \/>\nSEDICO E&#8217; mancato per un malore improvviso Daniele Palman, 56 anni, operaio della Luxottica nello stabilimento di Sedico. I funerali avranno luogo venerdi nella chiesa di San Gervasio.<\/p>\n<p><a class=\"dt-pswp-item\" href=\"https:\/\/www.radiopiu.net\/wordpress\/wp-content\/uploads\/2024\/08\/Senza-nome-76.png\" data-dt-img-description=\"\" data-large_image_width=\"499\" data-large_image_height=\"117\"><img loading=\"lazy\" decoding=\"async\" class=\"size-medium wp-image-406167 alignleft\" src=\"https:\/\/www.radiopiu.net\/wordpress\/wp-content\/uploads\/2024\/08\/Senza-nome-76-300x70.png\" alt=\"\" width=\"300\" height=\"70\" srcset=\"https:\/\/www.radiopiu.net\/wordpress\/wp-content\/uploads\/2024\/08\/Senza-nome-76-300x70.png 300w, https:\/\/www.radiopiu.net\/wordpress\/wp-content\/uploads\/2024\/08\/Senza-nome-76.png 499w\" sizes=\"auto, (max-width: 300px) 100vw, 300px\" \/><\/a>L&#8217;autopsia sulla salma di Tres conferma la morte per malore<br \/>\nBORGO VALBELLUNA\u00a0 Mimmo Tres \u00e8 morto per un malore. Non per un&#8217;aggressione, n\u00e9 per altri motivi: il suo cuore ha smesso di battere mentre si trovava all&#8217;interno del suo Renault Kangoo e il suo corpo \u00e8 stato rinvenuto in stato di decomposizione a Bigolino, frazione di Valdobbiadene, domenica 11 agosto. \u00c8 questo il risultato dell&#8217;autopsia eseguita ieri pomeriggio sul corpo dell&#8217;uomo dall&#8217;anatomopatologo Alberto Furlanetto.<\/p>\n<p>La morte di\u00a0 Genio Melis: atteso l&#8217;esame tossicologico<br \/>\nBELLUNO Genio Melis, 46enne addetto alla sicurezza, \u00e8 stato trovato morto dalla sorella a Cavarzano. L&#8217;autopsia indicherebbe una possibile overdose di farmaci o altro come causa del decesso. In attesa dei risultati tossicologici. L&#8217;uomo aveva lavorato fino a poche ore prima al concerto dei Diapason, a Pian Longhi, dopo di che era andato a casa: abitava da solo, in un alloggio popolare di Cavarzano<br \/>\nVENEZIA Il Presidente della Regione Veneto ricorda il quindicesimo anniversario della tragedia del 22 agosto 2009, quando l&#8217;elicottero del Soccorso Alpino &#8220;Falco&#8221; si schiant\u00f2 a Rio Gere, causando la morte dei quattro membri dell&#8217;equipaggio: Dario, Fabrizio, Marco e Stefano. Il Presidente ha sottolineato l&#8217;importanza del loro sacrificio, ricordandoli come &#8220;Eroi di Falco&#8221; e simboli dell&#8217;impegno dei servizi di soccorso<br \/>\nFALCADE Durante l&#8217;estate, i Servizi Forestali regionali hanno completato diversi interventi nell&#8217;area dell&#8217;Agordino, con particolare attenzione al Comune di Falcade. Sono stati ultimati due lavori principali: il ripristino del torrente Caiada, che includeva il rafforzamento delle sponde e la stabilizzazione del fondo per proteggere l&#8217;abitato di Caviola, e il ripristino del torrente Tegosa, dove sono state rialzate le sponde per migliorare il deflusso dell&#8217;acqua e prevenire esondazioni. Questi lavori, insieme a interventi precedenti post Vaia, hanno comportato un investimento totale di quasi 1,5 milioni di euro per la sicurezza della frazione di Caviola.<\/p>\n<p>Udienza per diffamazione contro il pediatra Giangiacomo Nicolini: in otto a processo<br \/>\nBELLUNO Il 24 settembre si terr\u00e0 l&#8217;udienza predibattimentale per otto utenti di Facebook accusati di diffamazione e minacce contro il pediatra bellunese Giangiacomo Nicolini, noto per aver promosso la vaccinazione anti-Covid-19. Due degli indagati hanno gi\u00e0 risarcito 2.000 euro ciascuno, uscendo dal procedimento. Gli altri stanno trattando con l&#8217;avvocato di parte civile, Erminio Mazzucco. L&#8217;indagine, \u00e8 condotta dal PM Alberto Primavera. Gli imputati\u00a0 potrebbero affrontare un processo per i commenti diffamatori pubblicati sotto un video di Nicolini, che ha querelato<\/p>\n<p>&nbsp;<\/p>\n","protected":false},"excerpt":{"rendered":"<p>OGGI ALLA RADIO&#8230;. ALLE 4 E ALLE 6 LE NOTIZIE DALL&#8217;ITALIA E DAL MONDO 6.15 PIROLE DE LENGA A CURA DEL MUSLA 7.20 EL BAL DEL FIORI, DETTI E TRADIZIONI DI GIULIANA DA RONCH 8.05 LA RASSEGNA STAMPA LOCALE 8.30 PIU&#8217; SIAMO IL PROGRAMMA DI MARINA DONA&#8217; \u00a0900 IN VIAGGIO DALL&#8217;INDIA ALL&#8217;ITALIA IN BICICLETTA PUNTATA&hellip;<\/p>\n","protected":false},"author":4,"featured_media":406164,"comment_status":"closed","ping_status":"closed","sticky":false,"template":"","format":"standard","meta":{"_monsterinsights_skip_tracking":false,"_monsterinsights_sitenote_active":false,"_monsterinsights_sitenote_note":"","_monsterinsights_sitenote_category":0,"footnotes":""},"categories":[104,49,142],"tags":[],"class_list":["post-406177","post","type-post","status-publish","format-standard","has-post-thumbnail","hentry","category-evidenza_3","category-news-18","category-rassegna-stampa","category-104","category-49","category-142","description-off"],"img_url":"https:\/\/www.radiopiu.net\/wordpress\/wp-content\/uploads\/2024\/08\/Senza-nome-73.png","_links":{"self":[{"href":"https:\/\/www.radiopiu.net\/wordpress\/wp-json\/wp\/v2\/posts\/406177","targetHints":{"allow":["GET"]}}],"collection":[{"href":"https:\/\/www.radiopiu.net\/wordpress\/wp-json\/wp\/v2\/posts"}],"about":[{"href":"https:\/\/www.radiopiu.net\/wordpress\/wp-json\/wp\/v2\/types\/post"}],"author":[{"embeddable":true,"href":"https:\/\/www.radiopiu.net\/wordpress\/wp-json\/wp\/v2\/users\/4"}],"replies":[{"embeddable":true,"href":"https:\/\/www.radiopiu.net\/wordpress\/wp-json\/wp\/v2\/comments?post=406177"}],"version-history":[{"count":2,"href":"https:\/\/www.radiopiu.net\/wordpress\/wp-json\/wp\/v2\/posts\/406177\/revisions"}],"predecessor-version":[{"id":406311,"href":"https:\/\/www.radiopiu.net\/wordpress\/wp-json\/wp\/v2\/posts\/406177\/revisions\/406311"}],"wp:featuredmedia":[{"embeddable":true,"href":"https:\/\/www.radiopiu.net\/wordpress\/wp-json\/wp\/v2\/media\/406164"}],"wp:attachment":[{"href":"https:\/\/www.radiopiu.net\/wordpress\/wp-json\/wp\/v2\/media?parent=406177"}],"wp:term":[{"taxonomy":"category","embeddable":true,"href":"https:\/\/www.radiopiu.net\/wordpress\/wp-json\/wp\/v2\/categories?post=406177"},{"taxonomy":"post_tag","embeddable":true,"href":"https:\/\/www.radiopiu.net\/wordpress\/wp-json\/wp\/v2\/tags?post=406177"}],"curies":[{"name":"wp","href":"https:\/\/api.w.org\/{rel}","templated":true}]}}