{"id":406183,"date":"2024-08-21T09:20:07","date_gmt":"2024-08-21T07:20:07","guid":{"rendered":"https:\/\/www.radiopiu.net\/wordpress\/?p=406183"},"modified":"2024-08-22T05:59:32","modified_gmt":"2024-08-22T03:59:32","slug":"nasce-il-comitato-di-quartiere-baldenich-2024-a-belluno","status":"publish","type":"post","link":"https:\/\/www.radiopiu.net\/wordpress\/nasce-il-comitato-di-quartiere-baldenich-2024-a-belluno\/","title":{"rendered":"Nasce il Comitato di Quartiere &#8220;Baldenich 2024&#8221; a Belluno"},"content":{"rendered":"<p>***<\/p>\n<blockquote><p><em>I giovani fondatori, tra cui Luigi Filippo Daniele, candidato capofrazione di Baldenich, hanno sottolineato l\u2019importanza di riportare al centro del dibattito politico le esigenze del quartiere<\/em><\/p><\/blockquote>\n<p><img loading=\"lazy\" decoding=\"async\" class=\"alignleft\" src=\"https:\/\/www.radiopiu.net\/wordpress\/wp-content\/uploads\/2024\/08\/FB_IMG_1724026739020-300x300.jpg\" width=\"103\" height=\"103\" \/><\/p>\n<div class=\"group\/conversation-turn relative flex w-full min-w-0 flex-col agent-turn\">\n<div class=\"flex-col gap-1 md:gap-3\">\n<div class=\"flex max-w-full flex-col flex-grow\">\n<div class=\"min-h-[20px] text-message flex w-full flex-col items-end gap-2 whitespace-pre-wrap break-words [.text-message+&amp;]:mt-5 overflow-x-auto\" dir=\"auto\" data-message-author-role=\"assistant\" data-message-id=\"033ab580-b784-4a24-b21c-7e90aadeb08b\">\n<div class=\"flex w-full flex-col gap-1 empty:hidden first:pt-[3px]\">\n<div class=\"markdown prose w-full break-words dark:prose-invert dark\">\n<p><strong>BELLUNO<\/strong> Un gruppo di cittadini ha fondato \u201cBaldenich 2024,\u201d il primo comitato di quartiere a Belluno, per promuovere iniziative e risolvere problemi nelle zone di Nogar\u00e8, Quartiere Cadore e Baldenich. Guidato da giovani come Luigi Filippo Daniele, il comitato si concentra su viabilit\u00e0, mobilit\u00e0 urbana e la rivitalizzazione di Piazza Don Bosco. Il comitato punta a essere un punto di riferimento per tutte le et\u00e0 e a dialogare con le istituzioni locali, proponendo attivit\u00e0 culturali, sportive e commerciali. Riferimenti: email all\u2019indirizzo <a href=\"mailto:comitatoquartierebaldenich24@gmail.com\">comitatoquartierebaldenich24@gmail.com<\/a>\u00a0 sito www.comitatobaldenich2024.<\/p>\n<\/div>\n<\/div>\n<\/div>\n<\/div>\n<\/div>\n<\/div>\n<p>&nbsp;<\/p>\n<hr \/>\n<p>&nbsp;<\/p>\n","protected":false},"excerpt":{"rendered":"<p>*** I giovani fondatori, tra cui Luigi Filippo Daniele, candidato capofrazione di Baldenich, hanno sottolineato l\u2019importanza di riportare al centro del dibattito politico le esigenze del quartiere BELLUNO Un gruppo di cittadini ha fondato \u201cBaldenich 2024,\u201d il primo comitato di quartiere a Belluno, per promuovere iniziative e risolvere problemi nelle zone di Nogar\u00e8, Quartiere Cadore&hellip;<\/p>\n","protected":false},"author":4,"featured_media":406186,"comment_status":"closed","ping_status":"closed","sticky":false,"template":"","format":"standard","meta":{"_monsterinsights_skip_tracking":false,"_monsterinsights_sitenote_active":false,"_monsterinsights_sitenote_note":"","_monsterinsights_sitenote_category":0,"footnotes":""},"categories":[51,49],"tags":[],"class_list":["post-406183","post","type-post","status-publish","format-standard","has-post-thumbnail","hentry","category-evidenza-top","category-news-18","category-51","category-49","description-off"],"img_url":"https:\/\/www.radiopiu.net\/wordpress\/wp-content\/uploads\/2024\/08\/FB_IMG_1724026739020.jpg","_links":{"self":[{"href":"https:\/\/www.radiopiu.net\/wordpress\/wp-json\/wp\/v2\/posts\/406183","targetHints":{"allow":["GET"]}}],"collection":[{"href":"https:\/\/www.radiopiu.net\/wordpress\/wp-json\/wp\/v2\/posts"}],"about":[{"href":"https:\/\/www.radiopiu.net\/wordpress\/wp-json\/wp\/v2\/types\/post"}],"author":[{"embeddable":true,"href":"https:\/\/www.radiopiu.net\/wordpress\/wp-json\/wp\/v2\/users\/4"}],"replies":[{"embeddable":true,"href":"https:\/\/www.radiopiu.net\/wordpress\/wp-json\/wp\/v2\/comments?post=406183"}],"version-history":[{"count":1,"href":"https:\/\/www.radiopiu.net\/wordpress\/wp-json\/wp\/v2\/posts\/406183\/revisions"}],"predecessor-version":[{"id":406188,"href":"https:\/\/www.radiopiu.net\/wordpress\/wp-json\/wp\/v2\/posts\/406183\/revisions\/406188"}],"wp:featuredmedia":[{"embeddable":true,"href":"https:\/\/www.radiopiu.net\/wordpress\/wp-json\/wp\/v2\/media\/406186"}],"wp:attachment":[{"href":"https:\/\/www.radiopiu.net\/wordpress\/wp-json\/wp\/v2\/media?parent=406183"}],"wp:term":[{"taxonomy":"category","embeddable":true,"href":"https:\/\/www.radiopiu.net\/wordpress\/wp-json\/wp\/v2\/categories?post=406183"},{"taxonomy":"post_tag","embeddable":true,"href":"https:\/\/www.radiopiu.net\/wordpress\/wp-json\/wp\/v2\/tags?post=406183"}],"curies":[{"name":"wp","href":"https:\/\/api.w.org\/{rel}","templated":true}]}}