{"id":406222,"date":"2024-08-22T05:49:32","date_gmt":"2024-08-22T03:49:32","guid":{"rendered":"https:\/\/www.radiopiu.net\/wordpress\/?p=406222"},"modified":"2024-08-22T05:57:55","modified_gmt":"2024-08-22T03:57:55","slug":"dillo-a-radio-piu-domande-dal-passato-perche-tanta-ferocia-a-caviola-80-anni-fa","status":"publish","type":"post","link":"https:\/\/www.radiopiu.net\/wordpress\/dillo-a-radio-piu-domande-dal-passato-perche-tanta-ferocia-a-caviola-80-anni-fa\/","title":{"rendered":"DILLO A RADIO PIU&#8217;&#8230;.DOMANDE DAL PASSATO, PERCHE&#8217; TANTA FEROCIA A CAVIOLA 80 ANNI FA?"},"content":{"rendered":"<p>**<\/p>\n<p>REDAZIONE Non passa anniversario che qualcuno non si ponga delle domande riferite ai tragici fatti di 80 anni fa, quando Caviola brucio&#8217; e troppe persone morirono. Anche quest&#8217;anno riceviamo e pubblichiamo<\/p>\n<p>&nbsp;<\/p>\n<p><strong><em>In occasione dell\u2019ottantesimo anniversario dell\u2019eccidio Nazifascista in Valle del Biois, come si verifica ormai da anni, pochissime persone, oltre alle Autorit\u00e0, hanno partecipato alla cerimonia di commemorazione. Perch\u00e9 la popolazione non \u00e8 sensibile a quanto accaduto quel 20 agosto 1944 ? <\/em><\/strong><strong><em>Qualche Storico, magari anche Bepi Pellegrinon, che era presente, dovrebbe spiegarci le ragioni e motivi per cui Caviola ha subito questa devastazione. Risulta che la rappresaglia venne effettuata da truppe tedesche in ritirata e che a Caviola erano solo di passaggio per recarsi a Predazzo. <\/em><\/strong><strong><em>Quale \u00e8 stato l\u2019episodio che ha fatto scattare tanta ferocia da parte dei tedeschi ? <\/em><\/strong><strong><em>Questo \u00e8 quanto vorrebbero sapere i cittadini. Qualcuno \u00e8 in grado di spiegare con chiarezza e verit\u00e0 come realmente si sono svolti i fatti ?<\/em><\/strong><\/p>\n<p><strong><em>Rodolfo Pellegrinon_FALCADE<\/em><\/strong><\/p>\n<p>&nbsp;<\/p>\n<p>____<\/p>\n","protected":false},"excerpt":{"rendered":"<p>** REDAZIONE Non passa anniversario che qualcuno non si ponga delle domande riferite ai tragici fatti di 80 anni fa, quando Caviola brucio&#8217; e troppe persone morirono. Anche quest&#8217;anno riceviamo e pubblichiamo &nbsp; In occasione dell\u2019ottantesimo anniversario dell\u2019eccidio Nazifascista in Valle del Biois, come si verifica ormai da anni, pochissime persone, oltre alle Autorit\u00e0, hanno&hellip;<\/p>\n","protected":false},"author":4,"featured_media":156368,"comment_status":"closed","ping_status":"closed","sticky":false,"template":"","format":"standard","meta":{"_monsterinsights_skip_tracking":false,"_monsterinsights_sitenote_active":false,"_monsterinsights_sitenote_note":"","_monsterinsights_sitenote_category":0,"footnotes":""},"categories":[51,49],"tags":[],"class_list":["post-406222","post","type-post","status-publish","format-standard","has-post-thumbnail","hentry","category-evidenza-top","category-news-18","category-51","category-49","description-off"],"img_url":"https:\/\/www.radiopiu.net\/wordpress\/wp-content\/uploads\/2020\/08\/A-CAVIOLA-2.jpg","_links":{"self":[{"href":"https:\/\/www.radiopiu.net\/wordpress\/wp-json\/wp\/v2\/posts\/406222","targetHints":{"allow":["GET"]}}],"collection":[{"href":"https:\/\/www.radiopiu.net\/wordpress\/wp-json\/wp\/v2\/posts"}],"about":[{"href":"https:\/\/www.radiopiu.net\/wordpress\/wp-json\/wp\/v2\/types\/post"}],"author":[{"embeddable":true,"href":"https:\/\/www.radiopiu.net\/wordpress\/wp-json\/wp\/v2\/users\/4"}],"replies":[{"embeddable":true,"href":"https:\/\/www.radiopiu.net\/wordpress\/wp-json\/wp\/v2\/comments?post=406222"}],"version-history":[{"count":1,"href":"https:\/\/www.radiopiu.net\/wordpress\/wp-json\/wp\/v2\/posts\/406222\/revisions"}],"predecessor-version":[{"id":406223,"href":"https:\/\/www.radiopiu.net\/wordpress\/wp-json\/wp\/v2\/posts\/406222\/revisions\/406223"}],"wp:featuredmedia":[{"embeddable":true,"href":"https:\/\/www.radiopiu.net\/wordpress\/wp-json\/wp\/v2\/media\/156368"}],"wp:attachment":[{"href":"https:\/\/www.radiopiu.net\/wordpress\/wp-json\/wp\/v2\/media?parent=406222"}],"wp:term":[{"taxonomy":"category","embeddable":true,"href":"https:\/\/www.radiopiu.net\/wordpress\/wp-json\/wp\/v2\/categories?post=406222"},{"taxonomy":"post_tag","embeddable":true,"href":"https:\/\/www.radiopiu.net\/wordpress\/wp-json\/wp\/v2\/tags?post=406222"}],"curies":[{"name":"wp","href":"https:\/\/api.w.org\/{rel}","templated":true}]}}