{"id":406231,"date":"2024-08-22T05:51:10","date_gmt":"2024-08-22T03:51:10","guid":{"rendered":"https:\/\/www.radiopiu.net\/wordpress\/?p=406231"},"modified":"2024-08-22T05:57:19","modified_gmt":"2024-08-22T03:57:19","slug":"ritrovato-nella-notte-un-cercatore-di-funghi","status":"publish","type":"post","link":"https:\/\/www.radiopiu.net\/wordpress\/ritrovato-nella-notte-un-cercatore-di-funghi\/","title":{"rendered":"RITROVATO NELLA NOTTE UN CERCATORE DI FUNGHI"},"content":{"rendered":"<p>******<\/p>\n<p>&nbsp;<\/p>\n<p><strong>CALALZO DI CADORE<\/strong> Ieri attorno alle 18.45 il Soccorso alpino di Pieve di Cadore \u00e8 stato attivato dalla Centrale del 118, a seguito della chiamata della moglie di un 74enne di Pieve di Cadore, non rientrato da un&#8217;uscita in cerca di funghi. L&#8217;uomo era partito in auto alle 14 per rientrare dopo 2-3 ore. Essendo molto metodico, non avendo sue notizie, la donna si era preoccupata e, dopo averlo atteso invano, aveva fatto partire le ricerche. Ritrovata l&#8217;auto parcheggiata in Val Vedesana, i soccorritori di Pieve di Cadore e Centro Cadore hanno avviato le perlustrazioni nella zona in cui in teoria doveva essersi diretto, ovvero Casera d&#8217;Aiaron. Quando per\u00f2 \u00e8 arrivata l&#8217;unit\u00e0 cinofila molecolare, il cane si \u00e8 spostato dalla parte opposta, portando il suo conducente e una squadra verso localit\u00e0 Croda e il Rifugio Baion. Seguendo il cane in un bosco ripido ricoperto di schianti, i soccorritori sono andati avanti finch\u00e9 \u00e8 stato possibile. Dove gli alberi a terra avrebbero impedito di proseguire, hanno chiamato il nome dell&#8217;uomo e lui ha finalmente risposto. Si trovava 300 metri pi\u00f9 avanti, bloccato nell&#8217;intrico della vegetazione, con contusioni, leggera ipotermia, un dolore alla schiena e ferite dovute alle cadute. Era seduto appoggiato a un tronco. Grazie a un drone con termocamera e visori notturni, si \u00e8 potuti risalire alle coordinate precise e due medici del Soccorso alpino hanno raggiunto l&#8217;infortunato prestandogli le prime cure. Sbarcati con un verricello di 70 metri, equipe medica e tecnico di elisoccorso di Trento emergenza si sono poi affiancati ai soccorritori. Verso le 23.15 l&#8217;uomo \u00e8 stato quindi valutato, recuperato e trasportato all&#8217;ospedale di Belluno. Erano presenti una ventina di soccorritori, tre droni e l&#8217;unit\u00e0 cinofila molecolare.<\/p>\n\n\t\t\t<style type='text\/css'>\n\t\t\t\t#gallery-1 {\n\t\t\t\t\tmargin: auto;\n\t\t\t\t}\n\t\t\t\t#gallery-1 .gallery-item {\n\t\t\t\t\tfloat: left;\n\t\t\t\t\tmargin-top: 10px;\n\t\t\t\t\ttext-align: center;\n\t\t\t\t\twidth: 50%;\n\t\t\t\t}\n\t\t\t\t#gallery-1 img {\n\t\t\t\t\tborder: 2px solid #cfcfcf;\n\t\t\t\t}\n\t\t\t\t#gallery-1 .gallery-caption {\n\t\t\t\t\tmargin-left: 0;\n\t\t\t\t}\n\t\t\t\t\/* see gallery_shortcode() in wp-includes\/media.php *\/\n\t\t\t<\/style>\n\t\t<div id='gallery-1' class='dt-gallery-container gallery galleryid-406231 gallery-columns-2 gallery-size-medium'><dl class='gallery-item'>\n\t\t\t\t<dt class='gallery-icon landscape'>\n\t\t\t\t\t<a class=\"rollover rollover-zoom dt-pswp-item\" title=\"Watermark_20240821_135643_013\" data-dt-img-description=\"\" data-large_image_width=\"2364\" data-large_image_height=\"1773\"href='https:\/\/www.radiopiu.net\/wordpress\/wp-content\/uploads\/2024\/08\/Watermark_20240821_135643_013.jpg'><img loading=\"lazy\" decoding=\"async\" width=\"300\" height=\"225\" src=\"https:\/\/www.radiopiu.net\/wordpress\/wp-content\/uploads\/2024\/08\/Watermark_20240821_135643_013-300x225.jpg\" class=\"attachment-medium size-medium\" alt=\"\" srcset=\"https:\/\/www.radiopiu.net\/wordpress\/wp-content\/uploads\/2024\/08\/Watermark_20240821_135643_013-300x225.jpg 300w, https:\/\/www.radiopiu.net\/wordpress\/wp-content\/uploads\/2024\/08\/Watermark_20240821_135643_013-1024x768.jpg 1024w, https:\/\/www.radiopiu.net\/wordpress\/wp-content\/uploads\/2024\/08\/Watermark_20240821_135643_013-768x576.jpg 768w, https:\/\/www.radiopiu.net\/wordpress\/wp-content\/uploads\/2024\/08\/Watermark_20240821_135643_013-1536x1152.jpg 1536w, https:\/\/www.radiopiu.net\/wordpress\/wp-content\/uploads\/2024\/08\/Watermark_20240821_135643_013-2048x1536.jpg 2048w\" sizes=\"auto, (max-width: 300px) 100vw, 300px\" \/><\/a>\n\t\t\t\t<\/dt><\/dl><dl class='gallery-item'>\n\t\t\t\t<dt class='gallery-icon landscape'>\n\t\t\t\t\t<a class=\"rollover rollover-zoom dt-pswp-item\" title=\"Point Blur_Aug212024_135721\" data-dt-img-description=\"\" data-large_image_width=\"2364\" data-large_image_height=\"1773\"href='https:\/\/www.radiopiu.net\/wordpress\/wp-content\/uploads\/2024\/08\/Point-Blur_Aug212024_135721.jpg'><img loading=\"lazy\" decoding=\"async\" width=\"300\" height=\"225\" src=\"https:\/\/www.radiopiu.net\/wordpress\/wp-content\/uploads\/2024\/08\/Point-Blur_Aug212024_135721-300x225.jpg\" class=\"attachment-medium size-medium\" alt=\"\" srcset=\"https:\/\/www.radiopiu.net\/wordpress\/wp-content\/uploads\/2024\/08\/Point-Blur_Aug212024_135721-300x225.jpg 300w, https:\/\/www.radiopiu.net\/wordpress\/wp-content\/uploads\/2024\/08\/Point-Blur_Aug212024_135721-1024x768.jpg 1024w, https:\/\/www.radiopiu.net\/wordpress\/wp-content\/uploads\/2024\/08\/Point-Blur_Aug212024_135721-768x576.jpg 768w, https:\/\/www.radiopiu.net\/wordpress\/wp-content\/uploads\/2024\/08\/Point-Blur_Aug212024_135721-1536x1152.jpg 1536w, https:\/\/www.radiopiu.net\/wordpress\/wp-content\/uploads\/2024\/08\/Point-Blur_Aug212024_135721-2048x1536.jpg 2048w\" sizes=\"auto, (max-width: 300px) 100vw, 300px\" \/><\/a>\n\t\t\t\t<\/dt><\/dl><br style=\"clear: both\" \/>\n\t\t\t<\/div>\n\n<p>&nbsp;<\/p>\n<p>&nbsp;<\/p>\n<p>**********<\/p>\n","protected":false},"excerpt":{"rendered":"<p>****** &nbsp; CALALZO DI CADORE Ieri attorno alle 18.45 il Soccorso alpino di Pieve di Cadore \u00e8 stato attivato dalla Centrale del 118, a seguito della chiamata della moglie di un 74enne di Pieve di Cadore, non rientrato da un&#8217;uscita in cerca di funghi. L&#8217;uomo era partito in auto alle 14 per rientrare dopo 2-3&hellip;<\/p>\n","protected":false},"author":4,"featured_media":406239,"comment_status":"closed","ping_status":"closed","sticky":false,"template":"","format":"standard","meta":{"_monsterinsights_skip_tracking":false,"_monsterinsights_sitenote_active":false,"_monsterinsights_sitenote_note":"","_monsterinsights_sitenote_category":0,"footnotes":""},"categories":[51,49],"tags":[],"class_list":["post-406231","post","type-post","status-publish","format-standard","has-post-thumbnail","hentry","category-evidenza-top","category-news-18","category-51","category-49","description-off"],"img_url":"https:\/\/www.radiopiu.net\/wordpress\/wp-content\/uploads\/2024\/08\/Point-Blur_Aug212024_135721.jpg","_links":{"self":[{"href":"https:\/\/www.radiopiu.net\/wordpress\/wp-json\/wp\/v2\/posts\/406231","targetHints":{"allow":["GET"]}}],"collection":[{"href":"https:\/\/www.radiopiu.net\/wordpress\/wp-json\/wp\/v2\/posts"}],"about":[{"href":"https:\/\/www.radiopiu.net\/wordpress\/wp-json\/wp\/v2\/types\/post"}],"author":[{"embeddable":true,"href":"https:\/\/www.radiopiu.net\/wordpress\/wp-json\/wp\/v2\/users\/4"}],"replies":[{"embeddable":true,"href":"https:\/\/www.radiopiu.net\/wordpress\/wp-json\/wp\/v2\/comments?post=406231"}],"version-history":[{"count":1,"href":"https:\/\/www.radiopiu.net\/wordpress\/wp-json\/wp\/v2\/posts\/406231\/revisions"}],"predecessor-version":[{"id":406240,"href":"https:\/\/www.radiopiu.net\/wordpress\/wp-json\/wp\/v2\/posts\/406231\/revisions\/406240"}],"wp:featuredmedia":[{"embeddable":true,"href":"https:\/\/www.radiopiu.net\/wordpress\/wp-json\/wp\/v2\/media\/406239"}],"wp:attachment":[{"href":"https:\/\/www.radiopiu.net\/wordpress\/wp-json\/wp\/v2\/media?parent=406231"}],"wp:term":[{"taxonomy":"category","embeddable":true,"href":"https:\/\/www.radiopiu.net\/wordpress\/wp-json\/wp\/v2\/categories?post=406231"},{"taxonomy":"post_tag","embeddable":true,"href":"https:\/\/www.radiopiu.net\/wordpress\/wp-json\/wp\/v2\/tags?post=406231"}],"curies":[{"name":"wp","href":"https:\/\/api.w.org\/{rel}","templated":true}]}}