{"id":406261,"date":"2024-08-22T05:54:30","date_gmt":"2024-08-22T03:54:30","guid":{"rendered":"https:\/\/www.radiopiu.net\/wordpress\/?p=406261"},"modified":"2024-08-22T05:56:06","modified_gmt":"2024-08-22T03:56:06","slug":"masso-precipita-su-escursionista-in-val-di-gares-ferito-45enne","status":"publish","type":"post","link":"https:\/\/www.radiopiu.net\/wordpress\/masso-precipita-su-escursionista-in-val-di-gares-ferito-45enne\/","title":{"rendered":"Masso precipita su escursionista in Val di Gares: ferito 45enne"},"content":{"rendered":"<p>*******<\/p>\n<blockquote><p>&nbsp;<\/p>\n<p><strong><img loading=\"lazy\" decoding=\"async\" class=\"alignleft\" src=\"https:\/\/www.radiopiu.net\/wordpress\/wp-content\/uploads\/2024\/08\/Senza-nome-79.png\" width=\"174\" height=\"113\" \/>CANALE D&#8217;AGORDO<\/strong> Un escursionista di 45 anni dell&#8217;Emilia Romagna \u00e8 stato colpito da un masso alla gamba e alla spalla mentre percorreva il sentiero sulla Cima dei Balconi, al Cor di San Lucano, in Val di Gares. L&#8217;incidente \u00e8 avvenuto ieri poco prima di mezzogiorno. Fortunatamente, l&#8217;uomo ha riportato solo traumi non gravi. Per precauzione, \u00e8 intervenuto l&#8217;elicottero Falco 2, che ha trasportato il ferito all&#8217;ospedale di Agordo. L&#8217;uomo era in escursione con una comitiva ed \u00e8 stato soccorso dai compagni prima dell&#8217;arrivo dei soccorsi.<\/p><\/blockquote>\n<p>&nbsp;<\/p>\n<p><strong>MALORI, INFORTUNI E CADUTE ACCIDENTALI SULLE MONTAGNE BELLUNESI<\/strong><\/p>\n<p><strong>Longarone <\/strong>Falco 2 ha trasportato all&#8217;ospedale di Belluno una 77enne del Bahrein che, al Rifugio Pramperet, aveva accusato un forte dolore alla schiena. <strong>Taibon<\/strong>, una turista olandese \u00e8 stata portata all&#8217;ospedale di Agordo dopo essersi sentita male al Rifugio Vazzoler.\u00a0<strong> Livinallongo<\/strong>, un ciclista di 58 anni di Modena si \u00e8 ferito a una gamba mentre scendeva in mountain bike.\u00a0<strong> Livinallongo<\/strong>, un uomo \u00e8 stato colpito da un masso e recuperato da Falco 2.\u00a0 <strong>Auronzo di Cadore<\/strong>, un 62enne tedesco \u00e8 caduto in un terminale di ghiacciaio riportando un sospetto politrauma.<strong> Cortina<\/strong>, una 56enne trevigiana \u00e8 stata trasportata a Belluno dopo aver sbattuto la testa cadendo nella Forcella della Val d&#8217;Arcia.<\/p>\n<p><strong>LONGARONE <\/strong>Questa mattina verso le 8 Falco 2 \u00e8 volato al Rifugio Pramperet, a Longarone, dove un&#8217;escursionista di 77 anni residente in Bahrein aveva accusato un dolore alla schiena, che le impediva di camminare. La donna, che si trovava con la famiglia, \u00e8 stata accompagnata all&#8217;ospedale di Belluno.<\/p>\n<p><strong>TAIBON <\/strong>Una squadra del Soccorso alpino di Agordo \u00e8 salita in fuoristrada al Rifugio Vazzoler per imbarcare una turista olandese cinquantenne, che si era sentita poco bene, e trasportarla all&#8217;ospedale di Agordo.<\/p>\n<p><strong>LIVINALLONGO <\/strong>Il Soccorso alpino di Livinallongo \u00e8 stato inviato nella zona del Bec de Roces ad Arabba, poich\u00e9, scendendo in mountain bike, un ciclista di 58 anni di Modena si era fatto male a una gamba. Falco 2 \u00e8 intervenuto sulla Cima dei Balconi, a seguito dell&#8217;infortunio di un uomo colpito da un masso alla gamba e alla spalla dove il sentiero per salire al Cor si avvicina alla parete. L&#8217;infortunato, che faceva parte di una numerosa comitiva ed era stato spostato dai compagni in un punto pi\u00f9 agevole per il recupero, \u00e8 stato valutato dal medico &#8211; calato assieme al tecnico di elisoccorso con un verricello di 30 metri &#8211; issato a bordo e portato ad Agordo.<\/p>\n<p><strong>AURONZO DI CADORE <\/strong>Falco 2 \u00e8 di seguito decollato in direzione della Forcella della Croda dei Toni ad Auronzo di Cadore. Duecento metri pi\u00f9 in basso un 62enne tedesco era scivolato una ventina di metri, per poi precipitare per cinque all&#8217;interno del terminale del ghiacciaio tra roccia e neve, riportando un sospetto politrauma. Sbarcati in hovering, equipe medica e tecnico di elisoccorso hanno sceso un tratto di ferrata e di ghiaione, per poi salire 10 metri di nevaio e portarsi sulla verticale al punto di caduta dell&#8217;uomo. Poich\u00e9 era necessario supporto nelle operazioni, l&#8217;elicottero ha trasportato in quota una squadra &#8211; un&#8217;infermiera del Soccorso alpino di Auronzo e due soccorritori della Guardia di finanza. L&#8217;infermiera si \u00e8 quindi unita all&#8217;equipe medica, che stava gi\u00e0 prestando le opportune cure all&#8217;uomo in fondo alla fessura, mentre i soccorritori all&#8217;esterno attrezzavano il necessario per il recupero. La barella \u00e8 stata quindi sollevata verso l&#8217;alto per contrappeso. La squadra \u00e8 stata imbarcata in hovering e riportata a valle. L&#8217;infortunato e la compagna sono stati issati con il verricello. Falco 2 si \u00e8 quindi diretto al San Martino.<\/p>\n<p><strong>CORTINA <\/strong>Infine, dopo aver perso l&#8217;equilibrio ed essere scivolata per alcuni metri, un&#8217;escursionista trevigiana di 56 anni ha invece sbattuto la testa. Recuperata da Falco sulla Forcella della Val d&#8217;Arcia, la donna \u00e8 stata accompagnata a Belluno.<\/p>\n<p>&nbsp;<\/p>\n\n\t\t\t<style type='text\/css'>\n\t\t\t\t#gallery-1 {\n\t\t\t\t\tmargin: auto;\n\t\t\t\t}\n\t\t\t\t#gallery-1 .gallery-item {\n\t\t\t\t\tfloat: left;\n\t\t\t\t\tmargin-top: 10px;\n\t\t\t\t\ttext-align: center;\n\t\t\t\t\twidth: 33%;\n\t\t\t\t}\n\t\t\t\t#gallery-1 img {\n\t\t\t\t\tborder: 2px solid #cfcfcf;\n\t\t\t\t}\n\t\t\t\t#gallery-1 .gallery-caption {\n\t\t\t\t\tmargin-left: 0;\n\t\t\t\t}\n\t\t\t\t\/* see gallery_shortcode() in wp-includes\/media.php *\/\n\t\t\t<\/style>\n\t\t<div id='gallery-1' class='dt-gallery-container gallery galleryid-406261 gallery-columns-3 gallery-size-medium'><dl class='gallery-item'>\n\t\t\t\t<dt class='gallery-icon landscape'>\n\t\t\t\t\t<a class=\"rollover rollover-zoom dt-pswp-item\" title=\"Watermark_20240821_174928_256\" data-dt-img-description=\"\" data-large_image_width=\"2364\" data-large_image_height=\"1773\"href='https:\/\/www.radiopiu.net\/wordpress\/wp-content\/uploads\/2024\/08\/Watermark_20240821_174928_256.jpg'><img loading=\"lazy\" decoding=\"async\" width=\"300\" height=\"225\" src=\"https:\/\/www.radiopiu.net\/wordpress\/wp-content\/uploads\/2024\/08\/Watermark_20240821_174928_256-300x225.jpg\" class=\"attachment-medium size-medium\" alt=\"\" srcset=\"https:\/\/www.radiopiu.net\/wordpress\/wp-content\/uploads\/2024\/08\/Watermark_20240821_174928_256-300x225.jpg 300w, https:\/\/www.radiopiu.net\/wordpress\/wp-content\/uploads\/2024\/08\/Watermark_20240821_174928_256-1024x768.jpg 1024w, https:\/\/www.radiopiu.net\/wordpress\/wp-content\/uploads\/2024\/08\/Watermark_20240821_174928_256-768x576.jpg 768w, https:\/\/www.radiopiu.net\/wordpress\/wp-content\/uploads\/2024\/08\/Watermark_20240821_174928_256-1536x1152.jpg 1536w, https:\/\/www.radiopiu.net\/wordpress\/wp-content\/uploads\/2024\/08\/Watermark_20240821_174928_256-2048x1536.jpg 2048w\" sizes=\"auto, (max-width: 300px) 100vw, 300px\" \/><\/a>\n\t\t\t\t<\/dt><\/dl><dl class='gallery-item'>\n\t\t\t\t<dt class='gallery-icon landscape'>\n\t\t\t\t\t<a class=\"rollover rollover-zoom dt-pswp-item\" title=\"Watermark_20240821_174946_521\" data-dt-img-description=\"\" data-large_image_width=\"2364\" data-large_image_height=\"1773\"href='https:\/\/www.radiopiu.net\/wordpress\/wp-content\/uploads\/2024\/08\/Watermark_20240821_174946_521.jpg'><img loading=\"lazy\" decoding=\"async\" width=\"300\" height=\"225\" src=\"https:\/\/www.radiopiu.net\/wordpress\/wp-content\/uploads\/2024\/08\/Watermark_20240821_174946_521-300x225.jpg\" class=\"attachment-medium size-medium\" alt=\"\" srcset=\"https:\/\/www.radiopiu.net\/wordpress\/wp-content\/uploads\/2024\/08\/Watermark_20240821_174946_521-300x225.jpg 300w, https:\/\/www.radiopiu.net\/wordpress\/wp-content\/uploads\/2024\/08\/Watermark_20240821_174946_521-1024x768.jpg 1024w, https:\/\/www.radiopiu.net\/wordpress\/wp-content\/uploads\/2024\/08\/Watermark_20240821_174946_521-768x576.jpg 768w, https:\/\/www.radiopiu.net\/wordpress\/wp-content\/uploads\/2024\/08\/Watermark_20240821_174946_521-1536x1152.jpg 1536w, https:\/\/www.radiopiu.net\/wordpress\/wp-content\/uploads\/2024\/08\/Watermark_20240821_174946_521-2048x1536.jpg 2048w\" sizes=\"auto, (max-width: 300px) 100vw, 300px\" \/><\/a>\n\t\t\t\t<\/dt><\/dl><dl class='gallery-item'>\n\t\t\t\t<dt class='gallery-icon landscape'>\n\t\t\t\t\t<a class=\"rollover rollover-zoom dt-pswp-item\" title=\"Watermark_20240821_174937_414\" data-dt-img-description=\"\" data-large_image_width=\"2364\" data-large_image_height=\"1773\"href='https:\/\/www.radiopiu.net\/wordpress\/wp-content\/uploads\/2024\/08\/Watermark_20240821_174937_414.jpg'><img loading=\"lazy\" decoding=\"async\" width=\"300\" height=\"225\" src=\"https:\/\/www.radiopiu.net\/wordpress\/wp-content\/uploads\/2024\/08\/Watermark_20240821_174937_414-300x225.jpg\" class=\"attachment-medium size-medium\" alt=\"\" srcset=\"https:\/\/www.radiopiu.net\/wordpress\/wp-content\/uploads\/2024\/08\/Watermark_20240821_174937_414-300x225.jpg 300w, https:\/\/www.radiopiu.net\/wordpress\/wp-content\/uploads\/2024\/08\/Watermark_20240821_174937_414-1024x768.jpg 1024w, https:\/\/www.radiopiu.net\/wordpress\/wp-content\/uploads\/2024\/08\/Watermark_20240821_174937_414-768x576.jpg 768w, https:\/\/www.radiopiu.net\/wordpress\/wp-content\/uploads\/2024\/08\/Watermark_20240821_174937_414-1536x1152.jpg 1536w, https:\/\/www.radiopiu.net\/wordpress\/wp-content\/uploads\/2024\/08\/Watermark_20240821_174937_414-2048x1536.jpg 2048w\" sizes=\"auto, (max-width: 300px) 100vw, 300px\" \/><\/a>\n\t\t\t\t<\/dt><\/dl><br style=\"clear: both\" \/>\n\t\t\t<\/div>\n\n<p>&nbsp;<\/p>\n<p>&nbsp;<\/p>\n<p>*******<\/p>\n","protected":false},"excerpt":{"rendered":"<p>******* &nbsp; CANALE D&#8217;AGORDO Un escursionista di 45 anni dell&#8217;Emilia Romagna \u00e8 stato colpito da un masso alla gamba e alla spalla mentre percorreva il sentiero sulla Cima dei Balconi, al Cor di San Lucano, in Val di Gares. L&#8217;incidente \u00e8 avvenuto ieri poco prima di mezzogiorno. Fortunatamente, l&#8217;uomo ha riportato solo traumi non gravi.&hellip;<\/p>\n","protected":false},"author":4,"featured_media":406289,"comment_status":"closed","ping_status":"closed","sticky":false,"template":"","format":"standard","meta":{"_monsterinsights_skip_tracking":false,"_monsterinsights_sitenote_active":false,"_monsterinsights_sitenote_note":"","_monsterinsights_sitenote_category":0,"footnotes":""},"categories":[51,49],"tags":[],"class_list":["post-406261","post","type-post","status-publish","format-standard","has-post-thumbnail","hentry","category-evidenza-top","category-news-18","category-51","category-49","description-off"],"img_url":"https:\/\/www.radiopiu.net\/wordpress\/wp-content\/uploads\/2024\/08\/Senza-nome-79.png","_links":{"self":[{"href":"https:\/\/www.radiopiu.net\/wordpress\/wp-json\/wp\/v2\/posts\/406261","targetHints":{"allow":["GET"]}}],"collection":[{"href":"https:\/\/www.radiopiu.net\/wordpress\/wp-json\/wp\/v2\/posts"}],"about":[{"href":"https:\/\/www.radiopiu.net\/wordpress\/wp-json\/wp\/v2\/types\/post"}],"author":[{"embeddable":true,"href":"https:\/\/www.radiopiu.net\/wordpress\/wp-json\/wp\/v2\/users\/4"}],"replies":[{"embeddable":true,"href":"https:\/\/www.radiopiu.net\/wordpress\/wp-json\/wp\/v2\/comments?post=406261"}],"version-history":[{"count":3,"href":"https:\/\/www.radiopiu.net\/wordpress\/wp-json\/wp\/v2\/posts\/406261\/revisions"}],"predecessor-version":[{"id":406290,"href":"https:\/\/www.radiopiu.net\/wordpress\/wp-json\/wp\/v2\/posts\/406261\/revisions\/406290"}],"wp:featuredmedia":[{"embeddable":true,"href":"https:\/\/www.radiopiu.net\/wordpress\/wp-json\/wp\/v2\/media\/406289"}],"wp:attachment":[{"href":"https:\/\/www.radiopiu.net\/wordpress\/wp-json\/wp\/v2\/media?parent=406261"}],"wp:term":[{"taxonomy":"category","embeddable":true,"href":"https:\/\/www.radiopiu.net\/wordpress\/wp-json\/wp\/v2\/categories?post=406261"},{"taxonomy":"post_tag","embeddable":true,"href":"https:\/\/www.radiopiu.net\/wordpress\/wp-json\/wp\/v2\/tags?post=406261"}],"curies":[{"name":"wp","href":"https:\/\/api.w.org\/{rel}","templated":true}]}}