{"id":406294,"date":"2024-08-22T07:55:19","date_gmt":"2024-08-22T05:55:19","guid":{"rendered":"https:\/\/www.radiopiu.net\/wordpress\/?p=406294"},"modified":"2024-08-22T05:59:57","modified_gmt":"2024-08-22T03:59:57","slug":"da-41-anni-alle-8-del-mattino-la-rassegna-stampa-locale-e-su-radio-piu-di-mirko-mezzacasa","status":"publish","type":"post","link":"https:\/\/www.radiopiu.net\/wordpress\/da-41-anni-alle-8-del-mattino-la-rassegna-stampa-locale-e-su-radio-piu-di-mirko-mezzacasa\/","title":{"rendered":"DA 41 ANNI ALLE 8 DEL MATTINO, LA RASSEGNA STAMPA LOCALE E&#8217; SU: RADIO PIU. di mirko mezzacasa"},"content":{"rendered":"<p>**<\/p>\n<p>&nbsp;<\/p>\n<p><a class=\"dt-pswp-item\" href=\"https:\/\/www.radiopiu.net\/wordpress\/wp-content\/uploads\/2024\/08\/07b24a5d-348e-4513-aade-8b0428187e62.jpg\" data-dt-img-description=\"\" data-large_image_width=\"1080\" data-large_image_height=\"1083\"><img loading=\"lazy\" decoding=\"async\" class=\" wp-image-406282 alignleft\" src=\"https:\/\/www.radiopiu.net\/wordpress\/wp-content\/uploads\/2024\/08\/07b24a5d-348e-4513-aade-8b0428187e62-300x300.jpg\" alt=\"\" width=\"173\" height=\"173\" srcset=\"https:\/\/www.radiopiu.net\/wordpress\/wp-content\/uploads\/2024\/08\/07b24a5d-348e-4513-aade-8b0428187e62-300x300.jpg 300w, https:\/\/www.radiopiu.net\/wordpress\/wp-content\/uploads\/2024\/08\/07b24a5d-348e-4513-aade-8b0428187e62-1021x1024.jpg 1021w, https:\/\/www.radiopiu.net\/wordpress\/wp-content\/uploads\/2024\/08\/07b24a5d-348e-4513-aade-8b0428187e62-150x150.jpg 150w, https:\/\/www.radiopiu.net\/wordpress\/wp-content\/uploads\/2024\/08\/07b24a5d-348e-4513-aade-8b0428187e62-768x770.jpg 768w, https:\/\/www.radiopiu.net\/wordpress\/wp-content\/uploads\/2024\/08\/07b24a5d-348e-4513-aade-8b0428187e62.jpg 1080w\" sizes=\"auto, (max-width: 173px) 100vw, 173px\" \/><\/a>OGGI ALLA RADIO&#8230;. ALLE 4 E ALLE 6 LE NOTIZIE DALL&#8217;ITALIA E DAL MONDO 6.15 PIROLE DE LENGA A CURA DEL MUSLA 7.20 EL BAL DEL FIORI, DETTI E TRADIZIONI DI GIULIANA DA RONCH 8.05 LA RASSEGNA STAMPA LOCALE 8.30 PIU&#8217; SIAMO IL PROGRAMMA DI MARINA DONA&#8217; \u00a0900 LA MUSICA COUNTRY DI ALEX NASCINBEN\u00a0 9.40 VIABILITA&#8217; CON BOTOL CAR SERVICE (AGORDO-SEDICO-FELTRE) 1010 ZAINO DA VIAGGIO AL FEMMINILE CON PAOLA LANCIATO 10.30 ROBERTO FAORO A VOLTAGO, UNA SERATA CON FRANKESTEIN\u00a0 11.10 LA STORIA DEL FESTIVALBAR DI MIRCO BENCIVENNI 12.00 VA TUTTO LISCIO\u00a0 12.30 GIORNALE RADIO PRINCIPALE\u00a0 13.10\u00a0 VA PIAN MA RIVA, LA GARA DI VOLTAGO CHIUDE LA CORRI POI CON GRETEL E VIKI RIVA \u00a014.00 ZAINO IN SPALLA CON CLAUDIO PRA ED EVA GABRIELI 15.00\u00a0 DALLA PISCINA DI AGORDO&#8230;TIME FOR ME DI MARINA DONA&#8217;\u00a0 \u00a016 IL ROCK DI MARCO COSTANTINI 1645 LE HIT DI MIRCO BENCIVENNI 18.00 PIU&#8217; DANCE LE SELEZIONI CHE FANNO SALTARE DI DJ JACK, JACOPO DEL TEDESCO\u00a0 19 LE ANTICIPAZIONI DAL TG DI ANTENNA 3 DI TIZIANA BOLOGNANI<\/p>\n<p><a class=\"dt-pswp-item\" href=\"https:\/\/www.radiopiu.net\/wordpress\/wp-content\/uploads\/2024\/08\/Point-Blur_Aug212024_135721.jpg\" data-dt-img-description=\"\" data-large_image_width=\"2364\" data-large_image_height=\"1773\"><img loading=\"lazy\" decoding=\"async\" class=\"size-medium wp-image-406239 alignleft\" src=\"https:\/\/www.radiopiu.net\/wordpress\/wp-content\/uploads\/2024\/08\/Point-Blur_Aug212024_135721-300x225.jpg\" alt=\"\" width=\"300\" height=\"225\" srcset=\"https:\/\/www.radiopiu.net\/wordpress\/wp-content\/uploads\/2024\/08\/Point-Blur_Aug212024_135721-300x225.jpg 300w, https:\/\/www.radiopiu.net\/wordpress\/wp-content\/uploads\/2024\/08\/Point-Blur_Aug212024_135721-1024x768.jpg 1024w, https:\/\/www.radiopiu.net\/wordpress\/wp-content\/uploads\/2024\/08\/Point-Blur_Aug212024_135721-768x576.jpg 768w, https:\/\/www.radiopiu.net\/wordpress\/wp-content\/uploads\/2024\/08\/Point-Blur_Aug212024_135721-1536x1152.jpg 1536w, https:\/\/www.radiopiu.net\/wordpress\/wp-content\/uploads\/2024\/08\/Point-Blur_Aug212024_135721-2048x1536.jpg 2048w\" sizes=\"auto, (max-width: 300px) 100vw, 300px\" \/><\/a><strong>Tragico epilogo: ritrovato senza vita Simone Noal nei pressi di Passo Valles<\/strong><br \/>\nFALCADE \u00c8 stato individuato in fondo a un canale nella zona di Cima Venegia ieri mattina alle 7.40 il corpo senza vita di Simone Noal, il 39enne di Ponte nelle Alpi, le cui ricerche erano partite ieri in mattinata, dopo il rinvenimento dell&#8217;auto dell&#8217;escursionista parcheggiata a Passo Valles, le squadre del Soccorso alpino della Val Biois, erano state attivate e avevano iniziato a perlustrare i sentieri assieme al Soccorso alpino della Guardia di finanza di Passo Rolle<\/p>\n<p><strong>Caprile, il CAI ricorda Pio Carlin: &#8220;Un caro socio fondatore ci ha lasciati&#8221;<\/strong><br \/>\nALLEGHE Il Direttivo del CAI sezione Civetta Marmolada &#8220;Eliana De Zordo&#8221; di Caprile,\u00a0 esprime il proprio cordoglio per la scomparsa di Pio Carlin, uno dei soci fondatori e per lungo tempo consigliere della sezione. Carlin \u00e8 stato una figura centrale, sempre pronto a contribuire alla manutenzione dei sentieri e all&#8217;organizzazione delle attivit\u00e0 sociali. &#8220;Lo ricordiamo con riconoscenza e affetto&#8221;, scrive il Direttivo, esprimendo vicinanza alla moglie Lucia e al figlio Christian. \u00a0&#8220;\u00c8 mancato uno dei nostri cari soci fondatori, per lunghi anni \u00e8 stato consigliere del Cai di Caprile e molto attivo nella vita della sezione.\u00a0Sempre pronto ad aiutare nella manutenzione dei sentieri&#8221;. I funerali si svolgeranno domani alle 15 nella chiesa parrocchiale di Caprile (seguir\u00e0 la cremazione), mentre oggi alle 17.30 ci sar\u00e0 il il rosario.<\/p>\n<p><strong>Ultimo saluto a Sergio Vignaga, fondatore dell&#8217;Autodemolizione Vignaga<\/strong><br \/>\nCESIOMAGGIORE Le esequie di Sergio Vignaga, 77 anni, fondatore dell&#8217;Autodemolizione Vignaga, si terranno oggi alle 10:30 nella chiesa di Pez. Sergio, che aveva avviato l&#8217;azienda nel 1976, era un punto di riferimento per l&#8217;attivit\u00e0, anche dopo aver ceduto la gestione al figlio Antonio. La perdita della moglie Vera e problemi di salute lo avevano segnato profondamente. La famiglia ha chiesto di destinare eventuali offerte al reparto di geriatria dell&#8217;ospedale di Feltre. Sergio lascia due figli, nipoti e una sorella.<\/p>\n<p><strong>RITROVATO NELLA NOTTE UN CERCATORE DI FUNGHI<\/strong><br \/>\nCALALZO DI CADORE Marted\u00ec alle 18.45, il Soccorso alpino di Pieve di Cadore \u00e8 stato attivato per cercare un 74enne disperso durante un&#8217;uscita in cerca di funghi. L&#8217;uomo, partito alle 14, non era rientrato come previsto, preoccupando la moglie che ha dato l&#8217;allarme. Dopo aver trovato l&#8217;auto in Val Vedesana, i soccorritori hanno iniziato le ricerche verso Casera d&#8217;Aiaron, ma un cane molecolare ha condotto la squadra verso Croda e il Rifugio Baion. L&#8217;uomo, bloccato in un bosco ripido, \u00e8 stato trovato con contusioni, ipotermia e ferite. Grazie a un drone, i soccorritori lo hanno localizzato e, con l&#8217;aiuto dell&#8217;elisoccorso, \u00e8 stato recuperato e trasportato all&#8217;ospedale di Belluno.<\/p>\n<p><a class=\"dt-pswp-item\" href=\"https:\/\/www.radiopiu.net\/wordpress\/wp-content\/uploads\/2024\/08\/Senza-nome-79.png\" data-dt-img-description=\"\" data-large_image_width=\"358\" data-large_image_height=\"232\"><img loading=\"lazy\" decoding=\"async\" class=\"size-medium wp-image-406289 alignleft\" src=\"https:\/\/www.radiopiu.net\/wordpress\/wp-content\/uploads\/2024\/08\/Senza-nome-79-300x194.png\" alt=\"\" width=\"300\" height=\"194\" srcset=\"https:\/\/www.radiopiu.net\/wordpress\/wp-content\/uploads\/2024\/08\/Senza-nome-79-300x194.png 300w, https:\/\/www.radiopiu.net\/wordpress\/wp-content\/uploads\/2024\/08\/Senza-nome-79.png 358w\" sizes=\"auto, (max-width: 300px) 100vw, 300px\" \/><\/a><strong>Masso precipita su escursionista in Val di Gares: ferito 45enne<\/strong><br \/>\n<strong>CANALE D&#8217;AGORDO<\/strong> Un escursionista di 45 anni dell&#8217;Emilia Romagna \u00e8 stato colpito da un masso alla gamba e alla spalla mentre percorreva il sentiero sulla Cima dei Balconi, al Cor di San Lucano, in Val di Gares. L&#8217;incidente \u00e8 avvenuto ieri poco prima di mezzogiorno. Fortunatamente, l&#8217;uomo ha riportato solo traumi non gravi. Per precauzione, \u00e8 intervenuto l&#8217;elicottero Falco 2, che ha trasportato il ferito all&#8217;ospedale di Agordo. L&#8217;uomo era in escursione con una comitiva ed \u00e8 stato soccorso dai compagni prima dell&#8217;arrivo dei soccorsi.<br \/>\n<strong>LONGARONE<\/strong> Falco 2 ha trasportato all&#8217;ospedale di Belluno una 77enne del Bahrein che, al Rifugio Pramperet, aveva accusato un forte dolore alla schiena.<strong> TAIBON,<\/strong> una turista olandese \u00e8 stata portata all&#8217;ospedale di Agordo dopo essersi sentita male al Rifugio Vazzoler.\u00a0 <strong>LIVINALLONGO<\/strong>, un ciclista di 58 anni di Modena si \u00e8 ferito a una gamba mentre scendeva in mountain bike.\u00a0 <strong>LIVINALLONGO<\/strong>, un uomo \u00e8 stato colpito da un masso e recuperato da Falco 2.\u00a0 <strong>AURONZO<\/strong>, un 62enne tedesco \u00e8 caduto in un terminale di ghiacciaio riportando un sospetto politrauma. <strong>CORTINA<\/strong>, una 56enne trevigiana \u00e8 stata trasportata a Belluno dopo aver sbattuto la testa cadendo nella Forcella della Val d&#8217;Arcia.<br \/>\n<strong>CORTINA<\/strong>\u00a0L\u2019elicottero del Suem di Pieve di Cadore \u00e8 intervenuto sulla Ferrata Lipella, poich\u00e9 4 escursionisti milanesi, due genitori e due figli, non erano pi\u00f9 in grado di proseguire prima dell\u2019uscita delle Tre Dita. In particolare la figlia 29enne lamentava un dolore al ginocchio. Recuperati dal tecnico di elisoccorso i\u00a04, che erano\u00a0illesi, sono stati lasciati al Rifugio Dibona.<\/p>\n<p><strong>MOVIMENTI POLITICI ALL&#8217;INTERNO DEL CONSIGLIO COMUNALE DI BELLUNO. PARLA IL SEGRETARIO PROVINCIALE DELLA LEGA DE BERNARDIN<\/strong><br \/>\n<strong>BELLUNO<\/strong> Andrea De Bernardin, Segretario Provinciale della Lega, chiarisce che l&#8217;Assessore Lorenza De Kunovich non rappresenta pi\u00f9 il partito all&#8217;interno del Consiglio Comunale di Belluno. De Kunovich, infatti, non ha rinnovato la sua tessera con la Lega e non partecipa alla vita del partito, n\u00e9 ha mantenuto contatti con la Segreteria Provinciale. Pertanto, la sua posizione non pu\u00f2 essere considerata in quota Lega. De Bernardin lascia al Sindaco De Pellegrin la decisione su eventuali conseguenze politiche e amministrative.<\/p>\n<p><strong><a class=\"dt-pswp-item\" href=\"https:\/\/www.radiopiu.net\/wordpress\/wp-content\/uploads\/2024\/08\/2222222222.png\" data-dt-img-description=\"\" data-large_image_width=\"334\" data-large_image_height=\"183\"><img loading=\"lazy\" decoding=\"async\" class=\"size-medium wp-image-406299 alignleft\" src=\"https:\/\/www.radiopiu.net\/wordpress\/wp-content\/uploads\/2024\/08\/2222222222-300x164.png\" alt=\"\" width=\"300\" height=\"164\" srcset=\"https:\/\/www.radiopiu.net\/wordpress\/wp-content\/uploads\/2024\/08\/2222222222-300x164.png 300w, https:\/\/www.radiopiu.net\/wordpress\/wp-content\/uploads\/2024\/08\/2222222222.png 334w\" sizes=\"auto, (max-width: 300px) 100vw, 300px\" \/><\/a>Arrestato con oltre un chilo di hashish in casa<\/strong><br \/>\nBELLUNO La Polizia ha perquisito l\u2019abitazione di M.R. a Baldenich, trovando oltre un chilo di hashish. L\u2019uomo \u00e8 stato arrestato e portato prima in questura e poi nel carcere di Baldenich. Il pubblico ministero Alberto Primavera ha disposto la misura cautelare, e M.R. sar\u00e0 presto davanti al giudice Enrica Marson per la convalida dell&#8217;arresto. La difesa, affidata all&#8217;avvocato Mina Ponticello, potrebbe chiedere una misura meno restrittiva. Gli agenti sospettano che M.R. facesse parte di un giro pi\u00f9 ampio di spaccio.<br \/>\nBELLUNO Un gruppo di cittadini ha fondato \u201cBaldenich 2024,\u201d il primo comitato di quartiere a Belluno, per promuovere iniziative e risolvere problemi nelle zone di Nogar\u00e8, Quartiere Cadore e Baldenich. Guidato da giovani come Luigi Filippo Daniele, il comitato si concentra su viabilit\u00e0, mobilit\u00e0 urbana e la rivitalizzazione di Piazza Don Bosco. Il comitato punta a essere un punto di riferimento per tutte le et\u00e0 e a dialogare con le istituzioni locali, proponendo attivit\u00e0 culturali, sportive e commerciali.<br \/>\nBELLUNO A Belluno arriva ViviPass, l&#8217;applicativo gratuito della Regione Veneto per semplificare la gestione dei contrassegni per disabili. Disponibile per i residenti titolari di Pass Blu, l&#8217;app facilita l&#8217;ottenimento e l&#8217;uso del contrassegno anche fuori dal territorio comunale, senza necessit\u00e0 di comunicazioni preventive. Il sistema permette di gestire in modo semplificato il ciclo vitale delle autorizzazioni e si integra con altre piattaforme regionali, adattandosi alla normativa vigente. Rimane possibile presentare la domanda di persona presso gli uffici competenti.<br \/>\nBELLUNO Il presidente della provincia di Belluno Roberto Padrin ha convocato il consiglio provinciale in via d&#8217;urgenza per domani alle 12 a Palazzo Piloni per discutere della surroga a consigliere provinciale di Mario De Bon.<br \/>\nCENCENIGHE Domani alle 20:30, presso la sala consiliare culturale del municipio di Cencenighe Agordino, \u00e8 in programma l\u2019incontro con il geologo Vittorio Fenti autore del libro \u201cPanorami e curiosit\u00e0 geologiche della Valle del Biois \u2013 Origine, fragilit\u00e0 e bellezza\u201d.<br \/>\nCANALE D&#8217;AGORDO La Pro Loco di Canale d&#8217;Agordo, insieme alla Classe &#8217;51, organizza sabato 24 agosto 2024 la Lucciolata, una camminata serale non competitiva in favore della Via di Natale Onlus Centro Tumori di Aviano. L&#8217;evento inizier\u00e0 alle 20:00 in Piazza Papa Luciani, con le iscrizioni disponibili il giorno stesso dalle 17:30 presso l&#8217;infopoint del Salotto delle Dolomiti e nei giorni precedenti presso gli uffici IAT di Caviola, Falcade e Cencenighe Agordino. La partecipazione \u00e8 a offerta libera. Dopo la camminata, seguiranno un piccolo ristoro e la consegna del premio &#8220;I Discreti&#8221;.<\/p>\n<p>&nbsp;<\/p>\n<p>&nbsp;<\/p>\n<p>&nbsp;<\/p>\n<p>&nbsp;<\/p>\n<p>&nbsp;<\/p>\n","protected":false},"excerpt":{"rendered":"<p>** &nbsp; OGGI ALLA RADIO&#8230;. ALLE 4 E ALLE 6 LE NOTIZIE DALL&#8217;ITALIA E DAL MONDO 6.15 PIROLE DE LENGA A CURA DEL MUSLA 7.20 EL BAL DEL FIORI, DETTI E TRADIZIONI DI GIULIANA DA RONCH 8.05 LA RASSEGNA STAMPA LOCALE 8.30 PIU&#8217; SIAMO IL PROGRAMMA DI MARINA DONA&#8217; \u00a0900 LA MUSICA COUNTRY DI ALEX&hellip;<\/p>\n","protected":false},"author":4,"featured_media":406299,"comment_status":"closed","ping_status":"closed","sticky":false,"template":"","format":"standard","meta":{"_monsterinsights_skip_tracking":false,"_monsterinsights_sitenote_active":false,"_monsterinsights_sitenote_note":"","_monsterinsights_sitenote_category":0,"footnotes":""},"categories":[104,49,142],"tags":[],"class_list":["post-406294","post","type-post","status-publish","format-standard","has-post-thumbnail","hentry","category-evidenza_3","category-news-18","category-rassegna-stampa","category-104","category-49","category-142","description-off"],"img_url":"https:\/\/www.radiopiu.net\/wordpress\/wp-content\/uploads\/2024\/08\/2222222222.png","_links":{"self":[{"href":"https:\/\/www.radiopiu.net\/wordpress\/wp-json\/wp\/v2\/posts\/406294","targetHints":{"allow":["GET"]}}],"collection":[{"href":"https:\/\/www.radiopiu.net\/wordpress\/wp-json\/wp\/v2\/posts"}],"about":[{"href":"https:\/\/www.radiopiu.net\/wordpress\/wp-json\/wp\/v2\/types\/post"}],"author":[{"embeddable":true,"href":"https:\/\/www.radiopiu.net\/wordpress\/wp-json\/wp\/v2\/users\/4"}],"replies":[{"embeddable":true,"href":"https:\/\/www.radiopiu.net\/wordpress\/wp-json\/wp\/v2\/comments?post=406294"}],"version-history":[{"count":3,"href":"https:\/\/www.radiopiu.net\/wordpress\/wp-json\/wp\/v2\/posts\/406294\/revisions"}],"predecessor-version":[{"id":406303,"href":"https:\/\/www.radiopiu.net\/wordpress\/wp-json\/wp\/v2\/posts\/406294\/revisions\/406303"}],"wp:featuredmedia":[{"embeddable":true,"href":"https:\/\/www.radiopiu.net\/wordpress\/wp-json\/wp\/v2\/media\/406299"}],"wp:attachment":[{"href":"https:\/\/www.radiopiu.net\/wordpress\/wp-json\/wp\/v2\/media?parent=406294"}],"wp:term":[{"taxonomy":"category","embeddable":true,"href":"https:\/\/www.radiopiu.net\/wordpress\/wp-json\/wp\/v2\/categories?post=406294"},{"taxonomy":"post_tag","embeddable":true,"href":"https:\/\/www.radiopiu.net\/wordpress\/wp-json\/wp\/v2\/tags?post=406294"}],"curies":[{"name":"wp","href":"https:\/\/api.w.org\/{rel}","templated":true}]}}