{"id":406390,"date":"2024-08-22T20:41:16","date_gmt":"2024-08-22T18:41:16","guid":{"rendered":"https:\/\/www.radiopiu.net\/wordpress\/?p=406390"},"modified":"2024-08-22T20:41:16","modified_gmt":"2024-08-22T18:41:16","slug":"anziano-soccorso-a-forcella-aurine","status":"publish","type":"post","link":"https:\/\/www.radiopiu.net\/wordpress\/anziano-soccorso-a-forcella-aurine\/","title":{"rendered":"ANZIANO SOCCORSO A FORCELLA AURINE"},"content":{"rendered":"<p>*******<\/p>\n<p>&nbsp;<\/p>\n<p><strong>REDAZIONE<\/strong> Oltre agli interventi in montagna, il Suem 118 \u00e8 stato impegnato anche in altri interventi. Poco dopo le 14 una donna moldava di 49 anni \u00e8 stata elitrasportata a Belluno in seguito ad una caduta in bicicletta. Alle 15:45 Falco 1 \u00e8 stato chiamato a Santa Giustina per prendersi cura di un 89enne del posto che aveva accusato problemi neurologici. Alle 17:15 invece Falco 2 \u00e8 volato a Forcella Aurine dove un 89enne di Padova \u00e8 stato soccorso per un incidente traumatico.<\/p>\n<p>&nbsp;<\/p>\n<p>&nbsp;<\/p>\n<p>*******<\/p>\n","protected":false},"excerpt":{"rendered":"<p>******* &nbsp; REDAZIONE Oltre agli interventi in montagna, il Suem 118 \u00e8 stato impegnato anche in altri interventi. Poco dopo le 14 una donna moldava di 49 anni \u00e8 stata elitrasportata a Belluno in seguito ad una caduta in bicicletta. Alle 15:45 Falco 1 \u00e8 stato chiamato a Santa Giustina per prendersi cura di un&hellip;<\/p>\n","protected":false},"author":4,"featured_media":379219,"comment_status":"closed","ping_status":"closed","sticky":false,"template":"","format":"standard","meta":{"_monsterinsights_skip_tracking":false,"_monsterinsights_sitenote_active":false,"_monsterinsights_sitenote_note":"","_monsterinsights_sitenote_category":0,"footnotes":""},"categories":[49],"tags":[],"class_list":["post-406390","post","type-post","status-publish","format-standard","has-post-thumbnail","hentry","category-news-18","category-49","description-off"],"img_url":"https:\/\/www.radiopiu.net\/wordpress\/wp-content\/uploads\/2024\/03\/e040112e-5e6f-4e7a-9965-35c6262d822e.jpg","_links":{"self":[{"href":"https:\/\/www.radiopiu.net\/wordpress\/wp-json\/wp\/v2\/posts\/406390","targetHints":{"allow":["GET"]}}],"collection":[{"href":"https:\/\/www.radiopiu.net\/wordpress\/wp-json\/wp\/v2\/posts"}],"about":[{"href":"https:\/\/www.radiopiu.net\/wordpress\/wp-json\/wp\/v2\/types\/post"}],"author":[{"embeddable":true,"href":"https:\/\/www.radiopiu.net\/wordpress\/wp-json\/wp\/v2\/users\/4"}],"replies":[{"embeddable":true,"href":"https:\/\/www.radiopiu.net\/wordpress\/wp-json\/wp\/v2\/comments?post=406390"}],"version-history":[{"count":1,"href":"https:\/\/www.radiopiu.net\/wordpress\/wp-json\/wp\/v2\/posts\/406390\/revisions"}],"predecessor-version":[{"id":406398,"href":"https:\/\/www.radiopiu.net\/wordpress\/wp-json\/wp\/v2\/posts\/406390\/revisions\/406398"}],"wp:featuredmedia":[{"embeddable":true,"href":"https:\/\/www.radiopiu.net\/wordpress\/wp-json\/wp\/v2\/media\/379219"}],"wp:attachment":[{"href":"https:\/\/www.radiopiu.net\/wordpress\/wp-json\/wp\/v2\/media?parent=406390"}],"wp:term":[{"taxonomy":"category","embeddable":true,"href":"https:\/\/www.radiopiu.net\/wordpress\/wp-json\/wp\/v2\/categories?post=406390"},{"taxonomy":"post_tag","embeddable":true,"href":"https:\/\/www.radiopiu.net\/wordpress\/wp-json\/wp\/v2\/tags?post=406390"}],"curies":[{"name":"wp","href":"https:\/\/api.w.org\/{rel}","templated":true}]}}