{"id":406419,"date":"2024-08-23T07:55:59","date_gmt":"2024-08-23T05:55:59","guid":{"rendered":"https:\/\/www.radiopiu.net\/wordpress\/?p=406419"},"modified":"2024-08-23T05:55:06","modified_gmt":"2024-08-23T03:55:06","slug":"406419-2","status":"publish","type":"post","link":"https:\/\/www.radiopiu.net\/wordpress\/406419-2\/","title":{"rendered":"dal 1983 alle 8 del mattino LA RASSEGNA DELLA STAMPA LOCALE DAGLI ORGANI DI INFORMAZIONE DEL TERRITORIO&#8230; NON SOLO  GIORNALI"},"content":{"rendered":"<p>***<\/p>\n<p>&nbsp;<\/p>\n<p>OGGI ALLA RADIO&#8230;. ALLE 4 E ALLE 6 LE NOTIZIE DALL&#8217;ITALIA E DAL MONDO 6.15 PIROLE DE LENGA A CURA DEL MUSLA 7.20 EL BAL DEL FIORI, DETTI E TRADIZIONI DI GIULIANA DA RONCH 8.05 LA RASSEGNA STAMPA LOCALE 8.30 PIU&#8217; SIAMO IL PROGRAMMA DI MARINA DONA&#8217; \u00a0900 LA MUSICA DEGLI ANNI OTTANTA, LE SELEZIONI DI MONICA FONTANIVE\u00a0 9.40 VIABILITA&#8217; CON BOTOL CAR SERVICE (AGORDO-SEDICO-FELTRE) 10.30 RASPA ALLA RADIO CON MARINA DONA&#8217;\u00a0 11.10 LA STORIA DEL FESTIVALBAR DI MIRCO BENCIVENNI 12.00 VA TUTTO LISCIO\u00a0 12.30 GIORNALE RADIO PRINCIPALE 13.10 SPECIALE 107 SCALINI, LA COMPETIZIONE DI DOMENICA A FALCADE\u00a0 \u00a014.00 GOLDEN CLASSIC, CON MARCO EDELVAIS 15.00\u00a0 WEEK END MARINA C&#8217;E&#8217;\u00a0 \u00a016 IL ROCK DI MARCO COSTANTINI 1645 LE HIT DI MIRCO BENCIVENNI 18.00 PIU&#8217; DANCE LE SELEZIONI CHE FANNO SALTARE DI DJ JACK, JACOPO DEL TEDESCO\u00a0 19 LE ANTICIPAZIONI DAL TG DI ANTENNA 3 DI TIZIANA BOLOGNANI 19.-30 RASPA ALLA RADIO&#8230; SECONDA PARTE 21.00 REGGAETON CON ATHOS, DAVID BEN<\/p>\n<p>&nbsp;<\/p>\n<p><a class=\"dt-pswp-item\" href=\"https:\/\/www.radiopiu.net\/wordpress\/wp-content\/uploads\/2024\/08\/Senza-nome-83.png\" data-dt-img-description=\"\" data-large_image_width=\"532\" data-large_image_height=\"381\"><img loading=\"lazy\" decoding=\"async\" class=\"size-medium wp-image-406420 alignleft\" src=\"https:\/\/www.radiopiu.net\/wordpress\/wp-content\/uploads\/2024\/08\/Senza-nome-83-300x215.png\" alt=\"\" width=\"300\" height=\"215\" srcset=\"https:\/\/www.radiopiu.net\/wordpress\/wp-content\/uploads\/2024\/08\/Senza-nome-83-300x215.png 300w, https:\/\/www.radiopiu.net\/wordpress\/wp-content\/uploads\/2024\/08\/Senza-nome-83.png 532w\" sizes=\"auto, (max-width: 300px) 100vw, 300px\" \/><\/a>INFORTUNI E MALORI SULLE MONTAGNE BELLUNESI<br \/>\nCORTINA, un 47enne di Carmignano di Brenta \u00e8 stato soccorso in elicottero sul sentiero verso il Rifugio Vandelli dopo un malore, e la sua compagna, spaventata, \u00e8 stata assistita dal Soccorso alpino. FELTRE, i soccorritori hanno recuperato un pilota di parapendio tedesco, illeso, ma incapace di muoversi dopo una caduta sul Monte Avena.<br \/>\nSAN VIGILIO, un elicottero \u00e8 intervenuto per soccorrere una ciclista inglese caduta sul sentiero per il Rifugio Fodara Vedla. COMELICO una squadra ha verificato le condizioni di una 71enne di Mira, che si era infortunata al polso durante un&#8217;escursione.<\/p>\n<p>DAL 26 AGOSTO CHIUDE DI NUOVO LA 563 DEI SALESEI A DIGONERA<br \/>\nROCCA PIETORE Con la fine delle vacanze estive, la Sp 563 di Salesei chiude di nuovo al traffico. La strada verr\u00e0 interdetta in localit\u00e0 Digonera dal 26 agosto al 6 settembre. La chiusura avverr\u00e0 dal luned\u00ec al venerd\u00ec, dalle 7 alle 18. Negli altri orari verr\u00e0 istituito un senso unico alternato regolato da impianto semaforico e limite di velocit\u00e0 a 30 km\/h, sabati e domeniche compresi.<\/p>\n<p>RIPRENDONO I LAVORI DI DISGAGGIO<br \/>\nFADALTO chiusura per 3 notti: mercoled\u00ec 21, gioved\u00ec 22 e venerd\u00ec 23 agosto, con orario 22-6<br \/>\nFADALTO I rocciatori sono tornati al lavoro sui corpi di frana del Fadalto, affrontando difficolt\u00e0 dovute al maltempo e alla complessit\u00e0 del terreno. Sulla A27 riprendono le ispezioni di sicurezza nei tunnel, con chiusure notturne. I lavori di bonifica e installazione delle barriere paramassi proseguiranno oltre fine mese.<\/p>\n<p>OGGI CONSIGLIO PROVINCIALE URGENTE<br \/>\nBELLUNO Il presidente della provincia di Belluno Roberto Padrin ha convocato il consiglio provinciale in via d&#8217;urgenza per oggi alle 12 a Palazzo Piloni per discutere della surroga a consigliere provinciale di Mario De Bon.<\/p>\n<p>&nbsp;<\/p>\n<p><a class=\"dt-pswp-item\" href=\"https:\/\/www.radiopiu.net\/wordpress\/wp-content\/uploads\/2024\/08\/Senza-nome-84.png\" data-dt-img-description=\"\" data-large_image_width=\"497\" data-large_image_height=\"266\"><img loading=\"lazy\" decoding=\"async\" class=\"size-medium wp-image-406421 alignleft\" src=\"https:\/\/www.radiopiu.net\/wordpress\/wp-content\/uploads\/2024\/08\/Senza-nome-84-300x161.png\" alt=\"\" width=\"300\" height=\"161\" srcset=\"https:\/\/www.radiopiu.net\/wordpress\/wp-content\/uploads\/2024\/08\/Senza-nome-84-300x161.png 300w, https:\/\/www.radiopiu.net\/wordpress\/wp-content\/uploads\/2024\/08\/Senza-nome-84.png 497w\" sizes=\"auto, (max-width: 300px) 100vw, 300px\" \/><\/a>DOMANI L&#8217;ULTIMO SALUTO A SIMONE NOAL<br \/>\nPONTE NELLE ALPI Una grande assenza, una perdita incommensurabile quela di Simone, 39 anni, ritrovato senza vita a Passo Valles. Simone Noal, direttore del&#8217;Eurobrico in montagna cercava quella libert\u00e0 che ricordava nel suo stile di vita &#8220;Live free or Die&#8221;. L&#8217;ultimo saluto domani alle 10.30 alla casa del commiato Caldart. Un abbraccio a mamma Donatella con Luca, pap\u00e0 Roberto, zii, cugini e parenti.<\/p>\n<p>ANZIANO SOCCORSO A FORCELLA AURINE<br \/>\nGOSALDO Falco 2 \u00e8 volato a Forcella Aurine dove un 89enne di Padova \u00e8 stato soccorso per un incidente traumatico. Oltre agli interventi in montagna, il Suem 118 \u00e8 stato impegnato anche in altri interventi. Poco dopo le 14 una donna moldava di 49 anni \u00e8 stata elitrasportata a Belluno in seguito ad una caduta in bicicletta. Falco 1 \u00e8 stato chiamato a Santa Giustina per prendersi cura di un 89enne del posto che aveva accusato problemi neurologici.<\/p>\n<p>TRAUMA AD UNA CAVIGLIA SOTTO AL RIFUGIO SCOTTER<br \/>\nSAN VITO DI CADORE Una squadra del Soccorso alpino di San Vito di Cadore \u00e8 intervenuta in aiuto di una escursionista, impossibilitata a proseguire il cammino per un trauma alla caviglia. La 50enne di San Giovanni in Marignano (RN), che stava percorrendo il sentiero 229 non distante dal Rifugio Scotter, \u00e8 stata raggiunta e accompagnata in fuoristrada all&#8217;ambulanza<\/p>\n<p>ARRESTO PER DETENZIONE DI SOSTANZE STUPEFACENTI<br \/>\nBELLUNO\u00a0 Il 21 agosto scorso, la Squadra Mobile di Belluno ha arrestato un uomo di 55 anni, R.M., per la detenzione di oltre 1 kg di hashish. L\u2019uomo era gi\u00e0 da tempo sotto osservazione dalla sezione antidroga, che nella mattina di ieri ha deciso di fermarlo per un controllo su strada. Durante l\u2019operazione, l\u2019uomo ha mostrato un comportamento nervoso, il che ha portato gli agenti a effettuare una perquisizione domiciliare.<\/p>\n<p>SI CERCA LA STATUA DELLA MADONNA<br \/>\nARSIE&#8217; C&#8217;era una volta un capitello a Ponte di Polo a Rocca di Arsi\u00e8 con all&#8217;interno una bella statua della Madonna di Fatima. Il capitello c&#8217;\u00e8 ancora, ma desolatamente vuoto. La statua della Madonna \u00e8 scomparsa, rimossa, forse rubata da alcuni giorni. Arsi\u00e8 si interroga.<\/p>\n<p><a class=\"dt-pswp-item\" href=\"https:\/\/www.radiopiu.net\/wordpress\/wp-content\/uploads\/2024\/08\/Senza-nome-85.png\" data-dt-img-description=\"\" data-large_image_width=\"498\" data-large_image_height=\"271\"><img loading=\"lazy\" decoding=\"async\" class=\"size-medium wp-image-406422 alignleft\" src=\"https:\/\/www.radiopiu.net\/wordpress\/wp-content\/uploads\/2024\/08\/Senza-nome-85-300x163.png\" alt=\"\" width=\"300\" height=\"163\" srcset=\"https:\/\/www.radiopiu.net\/wordpress\/wp-content\/uploads\/2024\/08\/Senza-nome-85-300x163.png 300w, https:\/\/www.radiopiu.net\/wordpress\/wp-content\/uploads\/2024\/08\/Senza-nome-85.png 498w\" sizes=\"auto, (max-width: 300px) 100vw, 300px\" \/><\/a>ROCCA PIETORE | CONFLITTO DI COMPETENZE SUL RECUPERO SPOGLIE SOLDATI CADUTI IN MARMOLADA<\/p>\n<p>REDAZIONE Ieri sera nel TG di Antenna3 (canale 10 digitale terrestre) Tiziana Bolognani ha ricordato che potrebbe diventare un caso da giustizia amministrativa il recupero delle spoglie di due soldati italiani, intrappolati per oltre cento anni sulla Regina delle Dolomiti, ritrovati luned\u00ec scorso nell\u2019area di Forcella Serauta e trasferiti senza l\u2019assenso della Sovrintendenza di Trento nella camera mortuaria di Canazei. Antenna3, racconta la circostanza del ritrovamento delle spoglie di due soldati italiani caduti in una delle sanguinose battaglie che si consumarono contro l\u2019esercito austro-ungarico tra il 1915 e il 1918<\/p>\n<p>RIAPERTURA DEL BELVEDERE<br \/>\nBELLUNO Il cantiere del Belvedere in piazza Castello, Belluno, \u00e8 quasi completato, con la riapertura prevista entro fine ottobre. Nonostante i ritardi dovuti alla difficolt\u00e0 nel reperire materiali, l&#8217;area sar\u00e0 presto accessibile a tutti, grazie all&#8217;eliminazione delle barriere architettoniche, permettendo l&#8217;accesso anche ad anziani, mamme con passeggini e persone in sedia a rotelle. Il sindaco Oscar De Pellegrin sottolinea l&#8217;importanza dell&#8217;accessibilit\u00e0 come segno di civilt\u00e0. I lavori, finanziati con 300 mila euro dal Pnrr, includono nuove pavimentazioni, alberature, lampioni a LED, e muretti utilizzabili come sedute<\/p>\n<p>CANALE D&#8217;AGORDO\u00a0 E&#8217; \u00a0tutto pronto per l&#8217;edizione 2024 dell&#8217;annuale Appuntamento estivo con Papa Luciani, organizzato dal Musal \u2013 Museo Albino Luciani. La 46\u00aa edizione, intitolata Un mese, un pontificato, inizia\u00a0 domani alle 21 presso la Sala Lina Zand\u00f2 del Musal. L&#8217;evento inaugurale \u00e8 la presentazione del libro Un cireneo per il Vescovo Albino Luciani di Romina Gobbo, con la partecipazione del direttore della collana Mons. Davide Fiocco e del cantautore Giorgio Fornasier, che eseguir\u00e0 la canzone Don Albino, scritta dai &#8220;Belumat&#8221;.<\/p>\n<p>A CENCENIGHE INCONTRO CON VITTORIO FENTI<br \/>\nOggi alle 20:30, presso la sala consiliare culturale del municipio di Cencenighe Agordino, \u00e8 in programma l\u2019incontro con il geologo Vittorio Fenti autore del libro \u201cPanorami e curiosit\u00e0 geologiche della Valle del Biois \u2013 Origine, fragilit\u00e0 e bellezza\u201d. Un appuntamento che costituisce un\u2019opportunit\u00e0 per conoscere da vicino \u00a0gli aspetti geologici della Valle del Biois che spesso passano inosservati agli occhi di chi non \u00e8 esperto.<\/p>\n<p>GOSALDO Sar\u00e0 presentato oggi alle 18,30 al bar Tendone di Gosaldo il libro di Egidio Pasuch &#8220;I neri fantasmi di Marcinelle. L&#8217;autore illustrer\u00e0 il dramma dell&#8217;emigrazione italiana nelle miniere del Belgio al termine della seconda guerra mondiale, la vita degli emigranti ed il dramma della silicosi, malattia che i minatori contraevano a causa del loro lavoro. Pasuch parler\u00e0 inoltre delle figure pi\u00f9 significative tra i minatori agordini.<\/p>\n<p>AGORDO Domenica escursione alla Forcella dei Campanili, gruppo del Latemar. Un&#8217;escursione senza particolari difficolt\u00e0, ma per la lunghezza adatta solo ai pi\u00f9 allenati. Escursione classificata EE. Accompagnatori dell\u2019uscita: Cibien Antonello, Magro Anna, Dell\u2019Osbel Dario, Fabiana Luciani. ISCRIZIONI: Telefonando al 380.6983040<\/p>\n<p>La Parrocchia di Canale d&#8217;Agordo, in collaborazione con la Fondazione Papa Luciani, organizza un pellegrinaggio a piedi da Canale d&#8217;Agordo al Santuario della Madonna di Pietralba il 28 e 29 settembre, in occasione dell&#8217;anniversario della morte di Papa Luciani. Il 29 settembre, alle ore 11:00, presso il Santuario, verr\u00e0 inaugurata una nuova pala d&#8217;altare raffigurante il Beato Giovanni Paolo I, alla presenza del Vescovo di Bolzano-Bressanone.PER PRENOTAZIONI E INFORMAZIONI 0437 194 80 01, INFO@FONDAZIONEPAPALUCIANI.COM<\/p>\n<p>&nbsp;<\/p>\n<p>&nbsp;<\/p>\n","protected":false},"excerpt":{"rendered":"<p>*** &nbsp; OGGI ALLA RADIO&#8230;. ALLE 4 E ALLE 6 LE NOTIZIE DALL&#8217;ITALIA E DAL MONDO 6.15 PIROLE DE LENGA A CURA DEL MUSLA 7.20 EL BAL DEL FIORI, DETTI E TRADIZIONI DI GIULIANA DA RONCH 8.05 LA RASSEGNA STAMPA LOCALE 8.30 PIU&#8217; SIAMO IL PROGRAMMA DI MARINA DONA&#8217; \u00a0900 LA MUSICA DEGLI ANNI OTTANTA,&hellip;<\/p>\n","protected":false},"author":4,"featured_media":406420,"comment_status":"closed","ping_status":"closed","sticky":false,"template":"","format":"standard","meta":{"_monsterinsights_skip_tracking":false,"_monsterinsights_sitenote_active":false,"_monsterinsights_sitenote_note":"","_monsterinsights_sitenote_category":0,"footnotes":""},"categories":[104,49,142],"tags":[],"class_list":["post-406419","post","type-post","status-publish","format-standard","has-post-thumbnail","hentry","category-evidenza_3","category-news-18","category-rassegna-stampa","category-104","category-49","category-142","description-off"],"img_url":"https:\/\/www.radiopiu.net\/wordpress\/wp-content\/uploads\/2024\/08\/Senza-nome-83.png","_links":{"self":[{"href":"https:\/\/www.radiopiu.net\/wordpress\/wp-json\/wp\/v2\/posts\/406419","targetHints":{"allow":["GET"]}}],"collection":[{"href":"https:\/\/www.radiopiu.net\/wordpress\/wp-json\/wp\/v2\/posts"}],"about":[{"href":"https:\/\/www.radiopiu.net\/wordpress\/wp-json\/wp\/v2\/types\/post"}],"author":[{"embeddable":true,"href":"https:\/\/www.radiopiu.net\/wordpress\/wp-json\/wp\/v2\/users\/4"}],"replies":[{"embeddable":true,"href":"https:\/\/www.radiopiu.net\/wordpress\/wp-json\/wp\/v2\/comments?post=406419"}],"version-history":[{"count":3,"href":"https:\/\/www.radiopiu.net\/wordpress\/wp-json\/wp\/v2\/posts\/406419\/revisions"}],"predecessor-version":[{"id":406425,"href":"https:\/\/www.radiopiu.net\/wordpress\/wp-json\/wp\/v2\/posts\/406419\/revisions\/406425"}],"wp:featuredmedia":[{"embeddable":true,"href":"https:\/\/www.radiopiu.net\/wordpress\/wp-json\/wp\/v2\/media\/406420"}],"wp:attachment":[{"href":"https:\/\/www.radiopiu.net\/wordpress\/wp-json\/wp\/v2\/media?parent=406419"}],"wp:term":[{"taxonomy":"category","embeddable":true,"href":"https:\/\/www.radiopiu.net\/wordpress\/wp-json\/wp\/v2\/categories?post=406419"},{"taxonomy":"post_tag","embeddable":true,"href":"https:\/\/www.radiopiu.net\/wordpress\/wp-json\/wp\/v2\/tags?post=406419"}],"curies":[{"name":"wp","href":"https:\/\/api.w.org\/{rel}","templated":true}]}}