{"id":406440,"date":"2024-08-23T07:43:28","date_gmt":"2024-08-23T05:43:28","guid":{"rendered":"https:\/\/www.radiopiu.net\/wordpress\/?p=406440"},"modified":"2024-08-23T08:54:00","modified_gmt":"2024-08-23T06:54:00","slug":"prima-vaia-poi-il-bostrico-lultima-minaccia-linsetto-che-annienta-il-pino","status":"publish","type":"post","link":"https:\/\/www.radiopiu.net\/wordpress\/prima-vaia-poi-il-bostrico-lultima-minaccia-linsetto-che-annienta-il-pino\/","title":{"rendered":"PRIMA VAIA, POI IL BOSTRICO. L&#8217;ULTIMA MINACCIA: L&#8217;INSETTO CHE ANNIENTA IL PINO"},"content":{"rendered":"<p>***<\/p>\n<p>REDAZIONE Il falcadino Walter Giolai, ha recentemente segnalato la presenza di un coleottero sospetto nella zona, condividendo una fotografia scattata sul posto. Dopo una rapida ricerca online, Giolai ha identificato l&#8217;insetto come un possibile <em>Monochamus galloprovincialis<\/em>, una specie di coleottero nota per essere un parassita del legno. Questo insetto \u00e8 particolarmente preoccupante poich\u00e9 le sue larve possono danneggiare gravemente il legname e agire come vettore del nematode del pino (<em>Bursaphelenchus xylophilus<\/em>), un parassita che pu\u00f2 causare il deperimento degli alberi di pino, con effetti devastanti sulle foreste di conifere. Giolai, allarmato dalla scoperta, suggerisce di segnalare immediatamente la presenza del coleottero alle autorit\u00e0 locali o a un ente forestale competente, per garantire un controllo tempestivo e prevenire potenziali danni alle foreste locali, gi\u00e0 messe a dura prova negli ultimi anni. <em>&#8220;Non ne avevo mai visti finora. Che sia l&#8217;ultimo chiodo nella bara dei nostri boschi di conifere?&#8221;<\/em> ha commentato, esprimendo la sua preoccupazione per la salute delle foreste. La segnalazione \u00e8 un invito alla comunit\u00e0 locale e alle autorit\u00e0 a monitorare attentamente la situazione e ad adottare misure preventive, per salvaguardare un patrimonio naturale fondamentale per l&#8217;ecosistema e l&#8217;economia del territorio.<\/p>\n<p>___<\/p>\n\n\t\t\t<style type='text\/css'>\n\t\t\t\t#gallery-1 {\n\t\t\t\t\tmargin: auto;\n\t\t\t\t}\n\t\t\t\t#gallery-1 .gallery-item {\n\t\t\t\t\tfloat: left;\n\t\t\t\t\tmargin-top: 10px;\n\t\t\t\t\ttext-align: center;\n\t\t\t\t\twidth: 25%;\n\t\t\t\t}\n\t\t\t\t#gallery-1 img {\n\t\t\t\t\tborder: 2px solid #cfcfcf;\n\t\t\t\t}\n\t\t\t\t#gallery-1 .gallery-caption {\n\t\t\t\t\tmargin-left: 0;\n\t\t\t\t}\n\t\t\t\t\/* see gallery_shortcode() in wp-includes\/media.php *\/\n\t\t\t<\/style>\n\t\t<div id='gallery-1' class='dt-gallery-container gallery galleryid-406440 gallery-columns-4 gallery-size-thumbnail'><dl class='gallery-item'>\n\t\t\t\t<dt class='gallery-icon portrait'>\n\t\t\t\t\t<a class=\"rollover rollover-zoom dt-pswp-item\" title=\"4676a230-b77b-41fe-a514-ba81c2392b2f\" data-dt-img-description=\"\" data-large_image_width=\"600\" data-large_image_height=\"800\"href='https:\/\/www.radiopiu.net\/wordpress\/wp-content\/uploads\/2024\/08\/4676a230-b77b-41fe-a514-ba81c2392b2f.jpg'><img loading=\"lazy\" decoding=\"async\" width=\"150\" height=\"150\" src=\"https:\/\/www.radiopiu.net\/wordpress\/wp-content\/uploads\/2024\/08\/4676a230-b77b-41fe-a514-ba81c2392b2f-150x150.jpg\" class=\"attachment-thumbnail size-thumbnail\" alt=\"\" \/><\/a>\n\t\t\t\t<\/dt><\/dl><dl class='gallery-item'>\n\t\t\t\t<dt class='gallery-icon portrait'>\n\t\t\t\t\t<a class=\"rollover rollover-zoom dt-pswp-item\" title=\"67c41654-03cf-42a0-b2e6-2814ba10ba73\" data-dt-img-description=\"\" data-large_image_width=\"960\" data-large_image_height=\"1280\"href='https:\/\/www.radiopiu.net\/wordpress\/wp-content\/uploads\/2024\/08\/67c41654-03cf-42a0-b2e6-2814ba10ba73.jpg'><img loading=\"lazy\" decoding=\"async\" width=\"150\" height=\"150\" src=\"https:\/\/www.radiopiu.net\/wordpress\/wp-content\/uploads\/2024\/08\/67c41654-03cf-42a0-b2e6-2814ba10ba73-150x150.jpg\" class=\"attachment-thumbnail size-thumbnail\" alt=\"\" \/><\/a>\n\t\t\t\t<\/dt><\/dl><dl class='gallery-item'>\n\t\t\t\t<dt class='gallery-icon portrait'>\n\t\t\t\t\t<a class=\"rollover rollover-zoom dt-pswp-item\" title=\"c59a4b8a-1ef1-44a1-b61a-6b43dbe591f6\" data-dt-img-description=\"\" data-large_image_width=\"600\" data-large_image_height=\"800\"href='https:\/\/www.radiopiu.net\/wordpress\/wp-content\/uploads\/2024\/08\/c59a4b8a-1ef1-44a1-b61a-6b43dbe591f6.jpg'><img loading=\"lazy\" decoding=\"async\" width=\"150\" height=\"150\" src=\"https:\/\/www.radiopiu.net\/wordpress\/wp-content\/uploads\/2024\/08\/c59a4b8a-1ef1-44a1-b61a-6b43dbe591f6-150x150.jpg\" class=\"attachment-thumbnail size-thumbnail\" alt=\"\" \/><\/a>\n\t\t\t\t<\/dt><\/dl><dl class='gallery-item'>\n\t\t\t\t<dt class='gallery-icon portrait'>\n\t\t\t\t\t<a class=\"rollover rollover-zoom dt-pswp-item\" title=\"10669d46-a5dd-4932-934e-1652ddd60399\" data-dt-img-description=\"\" data-large_image_width=\"720\" data-large_image_height=\"1280\"href='https:\/\/www.radiopiu.net\/wordpress\/wp-content\/uploads\/2024\/08\/10669d46-a5dd-4932-934e-1652ddd60399.jpg'><img loading=\"lazy\" decoding=\"async\" width=\"150\" height=\"150\" src=\"https:\/\/www.radiopiu.net\/wordpress\/wp-content\/uploads\/2024\/08\/10669d46-a5dd-4932-934e-1652ddd60399-150x150.jpg\" class=\"attachment-thumbnail size-thumbnail\" alt=\"\" \/><\/a>\n\t\t\t\t<\/dt><\/dl><br style=\"clear: both\" \/>\n\t\t\t<\/div>\n\n<p>&nbsp;<\/p>\n<blockquote>\n<h2><\/h2>\n<\/blockquote>\n<p>&nbsp;<\/p>\n<p>&nbsp;<\/p>\n<p><iframe loading=\"lazy\" title=\"Segnalazione a Falcade: Presenza del Parassita Monochamus Galloprovincialis\" width=\"1200\" height=\"675\" src=\"https:\/\/www.youtube.com\/embed\/6l0wGEP7uHE?feature=oembed\" frameborder=\"0\" allow=\"accelerometer; autoplay; clipboard-write; encrypted-media; gyroscope; picture-in-picture; web-share\" referrerpolicy=\"strict-origin-when-cross-origin\" allowfullscreen><\/iframe><\/p>\n<p>&nbsp;<\/p>\n<p><span style=\"color: #ff0000;\"><strong>L&#8217;APPROFONDIMENTO<\/strong><\/span><\/p>\n<blockquote>\n<h2>Lotte obbligatorie &#8211; Nematode del pino Bursaphelenchus xylophilus<\/h2>\n<\/blockquote>\n<p><a class=\"dt-pswp-item\" href=\"https:\/\/www.radiopiu.net\/wordpress\/wp-content\/uploads\/2024\/08\/Senza-nome-86.png\" data-dt-img-description=\"\" data-large_image_width=\"736\" data-large_image_height=\"537\"><img loading=\"lazy\" decoding=\"async\" class=\"wp-image-406449 size-full aligncenter\" src=\"https:\/\/www.radiopiu.net\/wordpress\/wp-content\/uploads\/2024\/08\/Senza-nome-86.png\" alt=\"\" width=\"736\" height=\"537\" srcset=\"https:\/\/www.radiopiu.net\/wordpress\/wp-content\/uploads\/2024\/08\/Senza-nome-86.png 736w, https:\/\/www.radiopiu.net\/wordpress\/wp-content\/uploads\/2024\/08\/Senza-nome-86-300x219.png 300w\" sizes=\"auto, (max-width: 736px) 100vw, 736px\" \/><\/a><\/p>\n<h1>WIKIPEDIA, <a href=\"https:\/\/it.m.wikipedia.org\/wiki\/Bursaphelenchus_xylophilus\"><span style=\"color: #0000ff;\"><strong>CLICCA QUI\u00a0<\/strong><\/span><\/a><\/h1>\n<h1><a class=\"dt-pswp-item\" href=\"https:\/\/www.radiopiu.net\/wordpress\/wp-content\/uploads\/2024\/08\/Senza-nome-87.png\" data-dt-img-description=\"\" data-large_image_width=\"1066\" data-large_image_height=\"476\"><img loading=\"lazy\" decoding=\"async\" class=\"alignnone wp-image-406450 size-large\" src=\"https:\/\/www.radiopiu.net\/wordpress\/wp-content\/uploads\/2024\/08\/Senza-nome-87-1024x457.png\" alt=\"\" width=\"1024\" height=\"457\" srcset=\"https:\/\/www.radiopiu.net\/wordpress\/wp-content\/uploads\/2024\/08\/Senza-nome-87-1024x457.png 1024w, https:\/\/www.radiopiu.net\/wordpress\/wp-content\/uploads\/2024\/08\/Senza-nome-87-300x134.png 300w, https:\/\/www.radiopiu.net\/wordpress\/wp-content\/uploads\/2024\/08\/Senza-nome-87-768x343.png 768w, https:\/\/www.radiopiu.net\/wordpress\/wp-content\/uploads\/2024\/08\/Senza-nome-87.png 1066w\" sizes=\"auto, (max-width: 1024px) 100vw, 1024px\" \/><\/a><\/h1>\n<p>&nbsp;<\/p>\n<p>&nbsp;<\/p>\n","protected":false},"excerpt":{"rendered":"<p>*** REDAZIONE Il falcadino Walter Giolai, ha recentemente segnalato la presenza di un coleottero sospetto nella zona, condividendo una fotografia scattata sul posto. Dopo una rapida ricerca online, Giolai ha identificato l&#8217;insetto come un possibile Monochamus galloprovincialis, una specie di coleottero nota per essere un parassita del legno. Questo insetto \u00e8 particolarmente preoccupante poich\u00e9 le&hellip;<\/p>\n","protected":false},"author":4,"featured_media":406443,"comment_status":"closed","ping_status":"closed","sticky":false,"template":"","format":"standard","meta":{"_monsterinsights_skip_tracking":false,"_monsterinsights_sitenote_active":false,"_monsterinsights_sitenote_note":"","_monsterinsights_sitenote_category":0,"footnotes":""},"categories":[51,49],"tags":[],"class_list":["post-406440","post","type-post","status-publish","format-standard","has-post-thumbnail","hentry","category-evidenza-top","category-news-18","category-51","category-49","description-off"],"img_url":"https:\/\/www.radiopiu.net\/wordpress\/wp-content\/uploads\/2024\/08\/f1e187fe-6462-40af-a89d-8da30eb6fd94.jpg","_links":{"self":[{"href":"https:\/\/www.radiopiu.net\/wordpress\/wp-json\/wp\/v2\/posts\/406440","targetHints":{"allow":["GET"]}}],"collection":[{"href":"https:\/\/www.radiopiu.net\/wordpress\/wp-json\/wp\/v2\/posts"}],"about":[{"href":"https:\/\/www.radiopiu.net\/wordpress\/wp-json\/wp\/v2\/types\/post"}],"author":[{"embeddable":true,"href":"https:\/\/www.radiopiu.net\/wordpress\/wp-json\/wp\/v2\/users\/4"}],"replies":[{"embeddable":true,"href":"https:\/\/www.radiopiu.net\/wordpress\/wp-json\/wp\/v2\/comments?post=406440"}],"version-history":[{"count":2,"href":"https:\/\/www.radiopiu.net\/wordpress\/wp-json\/wp\/v2\/posts\/406440\/revisions"}],"predecessor-version":[{"id":406454,"href":"https:\/\/www.radiopiu.net\/wordpress\/wp-json\/wp\/v2\/posts\/406440\/revisions\/406454"}],"wp:featuredmedia":[{"embeddable":true,"href":"https:\/\/www.radiopiu.net\/wordpress\/wp-json\/wp\/v2\/media\/406443"}],"wp:attachment":[{"href":"https:\/\/www.radiopiu.net\/wordpress\/wp-json\/wp\/v2\/media?parent=406440"}],"wp:term":[{"taxonomy":"category","embeddable":true,"href":"https:\/\/www.radiopiu.net\/wordpress\/wp-json\/wp\/v2\/categories?post=406440"},{"taxonomy":"post_tag","embeddable":true,"href":"https:\/\/www.radiopiu.net\/wordpress\/wp-json\/wp\/v2\/tags?post=406440"}],"curies":[{"name":"wp","href":"https:\/\/api.w.org\/{rel}","templated":true}]}}