{"id":406482,"date":"2024-08-26T05:39:40","date_gmt":"2024-08-26T03:39:40","guid":{"rendered":"https:\/\/www.radiopiu.net\/wordpress\/?p=406482"},"modified":"2024-08-26T09:20:09","modified_gmt":"2024-08-26T07:20:09","slug":"la-madonna-di-la-valle-non-e-stata-distrutta-qualcuno-se-ne-appropriato-rendendolo-pubblico-sui-social","status":"publish","type":"post","link":"https:\/\/www.radiopiu.net\/wordpress\/la-madonna-di-la-valle-non-e-stata-distrutta-qualcuno-se-ne-appropriato-rendendolo-pubblico-sui-social\/","title":{"rendered":"LA MADONNA DI LA VALLE NON E&#8217; STATA DISTRUTTA. QUALCUNO SE N&#8217;E&#8217; APPROPRIATO RENDENDOLO PUBBLICO SUI SOCIAL"},"content":{"rendered":"<p>****<\/p>\n<p>&nbsp;<\/p>\n<p><strong>LA VALLE<\/strong>\u00a0 Durante i preparativi per la festa &#8220;Madona de la Neif&#8221; del 5 agosto a La Valle Agordina, un gruppo di volontari ha deciso di posizionare una preziosa statua in ottone della Madonna, alta quasi un metro, sopra Malga Calleda, nei pressi del Passo Duran, sul Col Menadar. Questo simbolo religioso era stato collocato in un punto strategico, visibile da gran parte della Conca Agordina, con l&#8217;intento di accendere una luce in onore della festivit\u00e0.<\/p>\n<p>Tuttavia, in un episodio inqualificabile, ignoti hanno compiuto un atto vandalico distruggendo la luce appena installata. Non contenti di questo primo gesto, i vandali sono tornati nei giorni successivi, completando l&#8217;opera di distruzione. Questa volta, hanno sradicato la statua della Madonna, probabilmente gettandola nel vuoto. Comunit\u00e0 \u00e8 ammutolita dalla totale\u00a0 mancanza di rispetto, soprattutto per il significato sacro e simbolico che la statua rappresentava.<\/p>\n<blockquote>\n<h2><strong>&#8220;La montagna \u00e8 un bene comune&#8221;<\/strong><\/h2>\n<\/blockquote>\n<div class=\"flex max-w-full flex-col flex-grow\">\n<div class=\"min-h-[20px] text-message flex w-full flex-col items-end gap-2 whitespace-pre-wrap break-words [.text-message+&amp;]:mt-5 overflow-x-auto\" dir=\"auto\" data-message-author-role=\"assistant\" data-message-id=\"a134ad3c-30da-4295-a2a4-1c79c83287e1\">\n<div class=\"flex w-full flex-col gap-1 empty:hidden first:pt-[3px]\">\n<div class=\"markdown prose w-full break-words dark:prose-invert dark\">\n<p><a class=\"dt-pswp-item\" href=\"https:\/\/www.radiopiu.net\/wordpress\/wp-content\/uploads\/2024\/08\/2ded260a-83df-419b-8cbf-2545ec04e1cf.jpg\" data-dt-img-description=\"\" data-large_image_width=\"1200\" data-large_image_height=\"1600\"><img loading=\"lazy\" decoding=\"async\" class=\" wp-image-406573 alignleft\" src=\"https:\/\/www.radiopiu.net\/wordpress\/wp-content\/uploads\/2024\/08\/2ded260a-83df-419b-8cbf-2545ec04e1cf-225x300.jpg\" alt=\"\" width=\"124\" height=\"165\" srcset=\"https:\/\/www.radiopiu.net\/wordpress\/wp-content\/uploads\/2024\/08\/2ded260a-83df-419b-8cbf-2545ec04e1cf-225x300.jpg 225w, https:\/\/www.radiopiu.net\/wordpress\/wp-content\/uploads\/2024\/08\/2ded260a-83df-419b-8cbf-2545ec04e1cf-768x1024.jpg 768w, https:\/\/www.radiopiu.net\/wordpress\/wp-content\/uploads\/2024\/08\/2ded260a-83df-419b-8cbf-2545ec04e1cf-1152x1536.jpg 1152w, https:\/\/www.radiopiu.net\/wordpress\/wp-content\/uploads\/2024\/08\/2ded260a-83df-419b-8cbf-2545ec04e1cf.jpg 1200w\" sizes=\"auto, (max-width: 124px) 100vw, 124px\" \/><\/a><\/p>\n<\/div>\n<\/div>\n<\/div>\n<\/div>\n<p>TRA I TANTI MESSAGGI SUI SOCIAL NON POSSIAMO NON SEGNALARE QUELLO DI TALE <span class=\"xt0psk2\"><a class=\"x1i10hfl xjbqb8w x1ejq31n xd10rxx x1sy0etr x17r0tee x972fbf xcfux6l x1qhh985 xm0m39n x9f619 x1ypdohk xt0psk2 xe8uvvx xdj266r x11i5rnm xat24cr x1mh8g0r xexx8yu x4uap5 x18d9i69 xkhd6sd x16tdsg8 x1hl2dhg xggy1nq x1a2a7pz x1heor9g x1sur9pj xkrqix3\" tabindex=\"0\" role=\"link\" href=\"https:\/\/www.facebook.com\/profile.php?id=61565083972058&amp;comment_id=Y29tbWVudDo5MTE1MTM0NDA5OTM4MDNfNDg5NjM0MjgwMzY4NTYz&amp;__cft__[0]=AZVKu6_sFhfAGNtQ-u9i5nelYjraJl9fh-6sPr5A9PtE_i4x1irhGYHIlxoAs0xYKAGzdM3vGYTLLodkntGqBdqsW23Jy7VbHO5bs5Ysns9tarmcz4rmxarOOdol40Y4Dx0vQbpCJW6WtMjvagLmNie3vlEeLjn0lcI70guDpIFERtrzZbYjgEti8Syu_TyaFJmWQqmivjoWjQvB5jK6HNeU&amp;__tn__=R]-R\" aria-hidden=\"false\"><span class=\"x3nfvp2\"><span class=\"x193iq5w xeuugli x13faqbe x1vvkbs x1xmvt09 x1lliihq x1s928wv xhkezso x1gmr53x x1cpjm7i x1fgarty x1943h6x x4zkp8e x676frb x1nxh6w3 x1sibtaa x1s688f xzsf02u\" dir=\"auto\">Giovanni Manardi<\/span><\/span><\/a> AMMESSO E NON CONCESSO SIA UN PROFILO REALE VISTO CHE E&#8217; STATO CREATO POCHE ORE FA. NEL MESSAGGIO LA CONFERMA CHE SI E&#8217; TRATTATO DI UN&#8217;APPROPIAZIONE&#8230;e invia la foto della Madonna de la Neif<\/span><\/p>\n<div class=\"x1lliihq xjkvuk6 x1iorvi4\">\n<div class=\"xdj266r x11i5rnm xat24cr x1mh8g0r x1vvkbs\">\n<div dir=\"auto\">Un saluto a tutta la comunit\u00e0 bellunese. Vi invito alla calma e a rasserenarvi, perch\u00e8 la madonnina la abbiamo noi. Per il momento rimarr\u00e0 qualche giorno in custodia, dopodich\u00e8 sar\u00e0 donata a qualche parrocchia, o sar\u00e0 messa nei pressi di un capitello, in forma totalmente anonima.<\/div>\n<div dir=\"auto\">Nessuna madonnina \u00e8 stata maltrattata in questa operazione. Per quanto riguarda il faretto, questo purtroppo si \u00e8 rotto (ma non funzionava comunque). Fra alcuni giorni qualcuno la ritrover\u00e0 e poi decider\u00e0 quale \u00e8 il luogo pi\u00f9 consono per una statua di ottone cos\u00ec bella (lo ammetto, \u00e8 bellissima e ci si affeziona). Concordo con le parole qui sopra. Siamo per la montagna pulita e cos\u00ec cercheremo di farla rimanere, nel rispetto di tutti. Tralascio le minacce e gli auguri di morte e disgrazie che ci sono stati rivolti, ma \u00e8 un tipico atteggiamento di chi punta pi\u00f9 all apparenza che alla sostanza. Con amore per il mondo, soprattutto per gli ultimi., Giovanni<\/div>\n<\/div>\n<\/div>\n<p>&nbsp;<\/p>\n\n\t\t\t<style type='text\/css'>\n\t\t\t\t#gallery-1 {\n\t\t\t\t\tmargin: auto;\n\t\t\t\t}\n\t\t\t\t#gallery-1 .gallery-item {\n\t\t\t\t\tfloat: left;\n\t\t\t\t\tmargin-top: 10px;\n\t\t\t\t\ttext-align: center;\n\t\t\t\t\twidth: 50%;\n\t\t\t\t}\n\t\t\t\t#gallery-1 img {\n\t\t\t\t\tborder: 2px solid #cfcfcf;\n\t\t\t\t}\n\t\t\t\t#gallery-1 .gallery-caption {\n\t\t\t\t\tmargin-left: 0;\n\t\t\t\t}\n\t\t\t\t\/* see gallery_shortcode() in wp-includes\/media.php *\/\n\t\t\t<\/style>\n\t\t<div id='gallery-1' class='dt-gallery-container gallery galleryid-406482 gallery-columns-2 gallery-size-medium'><dl class='gallery-item'>\n\t\t\t\t<dt class='gallery-icon landscape'>\n\t\t\t\t\t<a class=\"rollover rollover-zoom dt-pswp-item\" title=\"Senza nome\" data-dt-img-description=\"\" data-large_image_width=\"486\" data-large_image_height=\"399\"href='https:\/\/www.radiopiu.net\/wordpress\/wp-content\/uploads\/2024\/08\/Senza-nome-88.png'><img loading=\"lazy\" decoding=\"async\" width=\"300\" height=\"246\" src=\"https:\/\/www.radiopiu.net\/wordpress\/wp-content\/uploads\/2024\/08\/Senza-nome-88-300x246.png\" class=\"attachment-medium size-medium\" alt=\"\" aria-describedby=\"gallery-1-406484\" srcset=\"https:\/\/www.radiopiu.net\/wordpress\/wp-content\/uploads\/2024\/08\/Senza-nome-88-300x246.png 300w, https:\/\/www.radiopiu.net\/wordpress\/wp-content\/uploads\/2024\/08\/Senza-nome-88.png 486w\" sizes=\"auto, (max-width: 300px) 100vw, 300px\" \/><\/a>\n\t\t\t\t<\/dt>\n\t\t\t\t\t<dd class='wp-caption-text gallery-caption' id='gallery-1-406484'>\n\t\t\t\t\tPRIMA DEL 5 AGOSTO\n\t\t\t\t\t<\/dd><\/dl><dl class='gallery-item'>\n\t\t\t\t<dt class='gallery-icon portrait'>\n\t\t\t\t\t<a class=\"rollover rollover-zoom dt-pswp-item\" title=\"b77376eb-be16-4b06-9301-99f42b1fd768\" data-dt-img-description=\"\" data-large_image_width=\"1200\" data-large_image_height=\"1600\"href='https:\/\/www.radiopiu.net\/wordpress\/wp-content\/uploads\/2024\/08\/b77376eb-be16-4b06-9301-99f42b1fd768.jpg'><img loading=\"lazy\" decoding=\"async\" width=\"225\" height=\"300\" src=\"https:\/\/www.radiopiu.net\/wordpress\/wp-content\/uploads\/2024\/08\/b77376eb-be16-4b06-9301-99f42b1fd768-225x300.jpg\" class=\"attachment-medium size-medium\" alt=\"\" aria-describedby=\"gallery-1-406483\" srcset=\"https:\/\/www.radiopiu.net\/wordpress\/wp-content\/uploads\/2024\/08\/b77376eb-be16-4b06-9301-99f42b1fd768-225x300.jpg 225w, https:\/\/www.radiopiu.net\/wordpress\/wp-content\/uploads\/2024\/08\/b77376eb-be16-4b06-9301-99f42b1fd768-768x1024.jpg 768w, https:\/\/www.radiopiu.net\/wordpress\/wp-content\/uploads\/2024\/08\/b77376eb-be16-4b06-9301-99f42b1fd768-1152x1536.jpg 1152w, https:\/\/www.radiopiu.net\/wordpress\/wp-content\/uploads\/2024\/08\/b77376eb-be16-4b06-9301-99f42b1fd768.jpg 1200w\" sizes=\"auto, (max-width: 225px) 100vw, 225px\" \/><\/a>\n\t\t\t\t<\/dt>\n\t\t\t\t\t<dd class='wp-caption-text gallery-caption' id='gallery-1-406483'>\n\t\t\t\t\tDOPO IL 5 AGOSTO\n\t\t\t\t\t<\/dd><\/dl><br style=\"clear: both\" \/>\n\t\t\t<\/div>\n\n<p>&nbsp;<\/p>\n<p><strong>VIDEO ARCHIVIO, manuel conedera<\/strong><\/p>\n<div style=\"width: 1200px;\" class=\"wp-video\"><video class=\"wp-video-shortcode\" id=\"video-406482-1\" width=\"1200\" height=\"675\" preload=\"metadata\" controls=\"controls\"><source type=\"video\/mp4\" src=\"https:\/\/www.radiopiu.net\/wordpress\/wp-content\/uploads\/2024\/08\/WhatsApp-Video-2024-08-23-at-10.39.43.mp4?_=1\" \/><a href=\"https:\/\/www.radiopiu.net\/wordpress\/wp-content\/uploads\/2024\/08\/WhatsApp-Video-2024-08-23-at-10.39.43.mp4\">https:\/\/www.radiopiu.net\/wordpress\/wp-content\/uploads\/2024\/08\/WhatsApp-Video-2024-08-23-at-10.39.43.mp4<\/a><\/video><\/div>\n<p>___<\/p>\n","protected":false},"excerpt":{"rendered":"<p>**** &nbsp; LA VALLE\u00a0 Durante i preparativi per la festa &#8220;Madona de la Neif&#8221; del 5 agosto a La Valle Agordina, un gruppo di volontari ha deciso di posizionare una preziosa statua in ottone della Madonna, alta quasi un metro, sopra Malga Calleda, nei pressi del Passo Duran, sul Col Menadar. Questo simbolo religioso era&hellip;<\/p>\n","protected":false},"author":4,"featured_media":406483,"comment_status":"closed","ping_status":"closed","sticky":false,"template":"","format":"standard","meta":{"_monsterinsights_skip_tracking":false,"_monsterinsights_sitenote_active":false,"_monsterinsights_sitenote_note":"","_monsterinsights_sitenote_category":0,"footnotes":""},"categories":[104,49],"tags":[],"class_list":["post-406482","post","type-post","status-publish","format-standard","has-post-thumbnail","hentry","category-evidenza_3","category-news-18","category-104","category-49","description-off"],"img_url":"https:\/\/www.radiopiu.net\/wordpress\/wp-content\/uploads\/2024\/08\/b77376eb-be16-4b06-9301-99f42b1fd768.jpg","_links":{"self":[{"href":"https:\/\/www.radiopiu.net\/wordpress\/wp-json\/wp\/v2\/posts\/406482","targetHints":{"allow":["GET"]}}],"collection":[{"href":"https:\/\/www.radiopiu.net\/wordpress\/wp-json\/wp\/v2\/posts"}],"about":[{"href":"https:\/\/www.radiopiu.net\/wordpress\/wp-json\/wp\/v2\/types\/post"}],"author":[{"embeddable":true,"href":"https:\/\/www.radiopiu.net\/wordpress\/wp-json\/wp\/v2\/users\/4"}],"replies":[{"embeddable":true,"href":"https:\/\/www.radiopiu.net\/wordpress\/wp-json\/wp\/v2\/comments?post=406482"}],"version-history":[{"count":11,"href":"https:\/\/www.radiopiu.net\/wordpress\/wp-json\/wp\/v2\/posts\/406482\/revisions"}],"predecessor-version":[{"id":406626,"href":"https:\/\/www.radiopiu.net\/wordpress\/wp-json\/wp\/v2\/posts\/406482\/revisions\/406626"}],"wp:featuredmedia":[{"embeddable":true,"href":"https:\/\/www.radiopiu.net\/wordpress\/wp-json\/wp\/v2\/media\/406483"}],"wp:attachment":[{"href":"https:\/\/www.radiopiu.net\/wordpress\/wp-json\/wp\/v2\/media?parent=406482"}],"wp:term":[{"taxonomy":"category","embeddable":true,"href":"https:\/\/www.radiopiu.net\/wordpress\/wp-json\/wp\/v2\/categories?post=406482"},{"taxonomy":"post_tag","embeddable":true,"href":"https:\/\/www.radiopiu.net\/wordpress\/wp-json\/wp\/v2\/tags?post=406482"}],"curies":[{"name":"wp","href":"https:\/\/api.w.org\/{rel}","templated":true}]}}