{"id":406544,"date":"2024-08-24T05:52:04","date_gmt":"2024-08-24T03:52:04","guid":{"rendered":"https:\/\/www.radiopiu.net\/wordpress\/?p=406544"},"modified":"2024-08-24T06:04:57","modified_gmt":"2024-08-24T04:04:57","slug":"bloccato-sotto-ad-una-cresta-recuperato-con-lelicottero","status":"publish","type":"post","link":"https:\/\/www.radiopiu.net\/wordpress\/bloccato-sotto-ad-una-cresta-recuperato-con-lelicottero\/","title":{"rendered":"BLOCCATO SOTTO AD UNA CRESTA, RECUPERATO CON L&#8217;ELICOTTERO"},"content":{"rendered":"<p>*******<\/p>\n<p>&nbsp;<\/p>\n<p><strong><a class=\"dt-pswp-item\" href=\"https:\/\/www.radiopiu.net\/wordpress\/wp-content\/uploads\/2024\/08\/Watermark_20240823_150817_601.jpg\" data-dt-img-description=\"\" data-large_image_width=\"1773\" data-large_image_height=\"2364\"><img loading=\"lazy\" decoding=\"async\" class=\" wp-image-406548 alignleft\" src=\"https:\/\/www.radiopiu.net\/wordpress\/wp-content\/uploads\/2024\/08\/Watermark_20240823_150817_601-225x300.jpg\" alt=\"\" width=\"89\" height=\"119\" srcset=\"https:\/\/www.radiopiu.net\/wordpress\/wp-content\/uploads\/2024\/08\/Watermark_20240823_150817_601-225x300.jpg 225w, https:\/\/www.radiopiu.net\/wordpress\/wp-content\/uploads\/2024\/08\/Watermark_20240823_150817_601-768x1024.jpg 768w, https:\/\/www.radiopiu.net\/wordpress\/wp-content\/uploads\/2024\/08\/Watermark_20240823_150817_601-1152x1536.jpg 1152w, https:\/\/www.radiopiu.net\/wordpress\/wp-content\/uploads\/2024\/08\/Watermark_20240823_150817_601-1536x2048.jpg 1536w, https:\/\/www.radiopiu.net\/wordpress\/wp-content\/uploads\/2024\/08\/Watermark_20240823_150817_601.jpg 1773w\" sizes=\"auto, (max-width: 89px) 100vw, 89px\" \/><\/a>SOSPIROLO\u00a0<\/strong>Verso mezzogiorno un escursionista che stava percorrendo da solo un sentiero sul Piz Vedana, poco sotto la cima \u00e8 scivolato in un tratto roccioso di cresta, trattenuto dal ruzzolare soltanto da un alberello. Temendo che potesse perdere l&#8217;equilibrio e cadere, il tecnico di elisoccorso di Falco 2 \u00e8 stato sbarcato 20 metri pi\u00f9 in alto, ha attrezzato una sosta, si \u00e8 calato e ha subito assicurato il 32enne indiano. Il soccorritore lo ha quindi riportato a monte, nel punto agevole per l&#8217;imbarco. Poich\u00e9 lamentava dolori a un piede, il ragazzo \u00e8 stato portato per accertamenti all&#8217;ospedale San Martino. Pronto per eventuale supporto il Soccorso alpino di Belluno.<\/p>\n<p>&nbsp;<\/p>\n<p>&nbsp;<\/p>\n<p>*******<\/p>\n","protected":false},"excerpt":{"rendered":"<p>******* &nbsp; SOSPIROLO\u00a0Verso mezzogiorno un escursionista che stava percorrendo da solo un sentiero sul Piz Vedana, poco sotto la cima \u00e8 scivolato in un tratto roccioso di cresta, trattenuto dal ruzzolare soltanto da un alberello. Temendo che potesse perdere l&#8217;equilibrio e cadere, il tecnico di elisoccorso di Falco 2 \u00e8 stato sbarcato 20 metri pi\u00f9&hellip;<\/p>\n","protected":false},"author":4,"featured_media":406547,"comment_status":"closed","ping_status":"closed","sticky":false,"template":"","format":"standard","meta":{"_monsterinsights_skip_tracking":false,"_monsterinsights_sitenote_active":false,"_monsterinsights_sitenote_note":"","_monsterinsights_sitenote_category":0,"footnotes":""},"categories":[51,49],"tags":[],"class_list":["post-406544","post","type-post","status-publish","format-standard","has-post-thumbnail","hentry","category-evidenza-top","category-news-18","category-51","category-49","description-off"],"img_url":"https:\/\/www.radiopiu.net\/wordpress\/wp-content\/uploads\/2024\/08\/SALT-1.jpg","_links":{"self":[{"href":"https:\/\/www.radiopiu.net\/wordpress\/wp-json\/wp\/v2\/posts\/406544","targetHints":{"allow":["GET"]}}],"collection":[{"href":"https:\/\/www.radiopiu.net\/wordpress\/wp-json\/wp\/v2\/posts"}],"about":[{"href":"https:\/\/www.radiopiu.net\/wordpress\/wp-json\/wp\/v2\/types\/post"}],"author":[{"embeddable":true,"href":"https:\/\/www.radiopiu.net\/wordpress\/wp-json\/wp\/v2\/users\/4"}],"replies":[{"embeddable":true,"href":"https:\/\/www.radiopiu.net\/wordpress\/wp-json\/wp\/v2\/comments?post=406544"}],"version-history":[{"count":1,"href":"https:\/\/www.radiopiu.net\/wordpress\/wp-json\/wp\/v2\/posts\/406544\/revisions"}],"predecessor-version":[{"id":406549,"href":"https:\/\/www.radiopiu.net\/wordpress\/wp-json\/wp\/v2\/posts\/406544\/revisions\/406549"}],"wp:featuredmedia":[{"embeddable":true,"href":"https:\/\/www.radiopiu.net\/wordpress\/wp-json\/wp\/v2\/media\/406547"}],"wp:attachment":[{"href":"https:\/\/www.radiopiu.net\/wordpress\/wp-json\/wp\/v2\/media?parent=406544"}],"wp:term":[{"taxonomy":"category","embeddable":true,"href":"https:\/\/www.radiopiu.net\/wordpress\/wp-json\/wp\/v2\/categories?post=406544"},{"taxonomy":"post_tag","embeddable":true,"href":"https:\/\/www.radiopiu.net\/wordpress\/wp-json\/wp\/v2\/tags?post=406544"}],"curies":[{"name":"wp","href":"https:\/\/api.w.org\/{rel}","templated":true}]}}