{"id":406565,"date":"2024-08-24T05:53:25","date_gmt":"2024-08-24T03:53:25","guid":{"rendered":"https:\/\/www.radiopiu.net\/wordpress\/?p=406565"},"modified":"2024-08-24T06:04:44","modified_gmt":"2024-08-24T04:04:44","slug":"crisi-di-panico-in-val-darcia-turisti-in-difficolta-in-val-orita-e-infortunio-a-san-vito-di-cadore","status":"publish","type":"post","link":"https:\/\/www.radiopiu.net\/wordpress\/crisi-di-panico-in-val-darcia-turisti-in-difficolta-in-val-orita-e-infortunio-a-san-vito-di-cadore\/","title":{"rendered":"CRISI DI PANICO IN VAL D&#8217;ARCIA, TURISTI IN DIFFICOLTA&#8217; IN VAL ORITA E INFORTUNIO A SAN VITO DI CADORE"},"content":{"rendered":"<p>*****<\/p>\n<p>&nbsp;<\/p>\n<p><strong>CORTINA<\/strong> Una squadra del Soccorso alpino di Cortina \u00e8 intervenuta dopo mezzogiorno in Val Orita, per una coppia di escursionisti in difficolt\u00e0 dopo essere uscita dalla traccia del sentiero numero 214. I due turisti belgi, lui 53 anni, lei 51, bloccati in un punto da cui non riuscivano a muoversi, si erano seduti in una posizione sicura. Raggiunti nel tratto impervio, sono stati riaccompagnati sul sentiero.<\/p>\n<p><strong>BORCA DI CADORE <\/strong>La Centrale del 118 \u00e8 stata poi chiamata da diversi testimoni, per segnalare la presenza di una donna sola sul sentiero 472 in Val d&#8217;Arcia, che gridava e sventolava una giacca nel tentativo di richiamare l&#8217;attenzione, pur non essendo in apparente pericolo. Alcune delle persone presenti l&#8217;hanno quindi raggiunta qualche centinaio di metri pi\u00f9 in alto e rassicurata dalla probabile crisi di paura che l&#8217;aveva presa. La donna si \u00e8 quindi ripresa ed \u00e8 scesa assieme agli escursionisti.<\/p>\n<p><strong>SAN VITO DI CADORE\u00a0<\/strong> Il Soccorso alpino di San Vito di Cadore \u00e8 infine andato incontro a una 55enne di Impruneta (FI), che, scendendo da sola da Forcella Piccola lungo il sentiero 227, era caduta e si era procurata un taglio sopra la tempia. Dei passanti avevano iniziato ad accompagnarla verso valle per poi affidarla alla squadra, che l&#8217;ha portata fino all&#8217;ambulanza.<\/p>\n<p>&nbsp;<\/p>\n<p>&nbsp;<\/p>\n<p>********<\/p>\n","protected":false},"excerpt":{"rendered":"<p>***** &nbsp; CORTINA Una squadra del Soccorso alpino di Cortina \u00e8 intervenuta dopo mezzogiorno in Val Orita, per una coppia di escursionisti in difficolt\u00e0 dopo essere uscita dalla traccia del sentiero numero 214. I due turisti belgi, lui 53 anni, lei 51, bloccati in un punto da cui non riuscivano a muoversi, si erano seduti&hellip;<\/p>\n","protected":false},"author":4,"featured_media":59164,"comment_status":"closed","ping_status":"closed","sticky":false,"template":"","format":"standard","meta":{"_monsterinsights_skip_tracking":false,"_monsterinsights_sitenote_active":false,"_monsterinsights_sitenote_note":"","_monsterinsights_sitenote_category":0,"footnotes":""},"categories":[51,49],"tags":[],"class_list":["post-406565","post","type-post","status-publish","format-standard","has-post-thumbnail","hentry","category-evidenza-top","category-news-18","category-51","category-49","description-off"],"img_url":"https:\/\/www.radiopiu.net\/wordpress\/wp-content\/uploads\/2018\/08\/soccorsoalpino.jpg","_links":{"self":[{"href":"https:\/\/www.radiopiu.net\/wordpress\/wp-json\/wp\/v2\/posts\/406565","targetHints":{"allow":["GET"]}}],"collection":[{"href":"https:\/\/www.radiopiu.net\/wordpress\/wp-json\/wp\/v2\/posts"}],"about":[{"href":"https:\/\/www.radiopiu.net\/wordpress\/wp-json\/wp\/v2\/types\/post"}],"author":[{"embeddable":true,"href":"https:\/\/www.radiopiu.net\/wordpress\/wp-json\/wp\/v2\/users\/4"}],"replies":[{"embeddable":true,"href":"https:\/\/www.radiopiu.net\/wordpress\/wp-json\/wp\/v2\/comments?post=406565"}],"version-history":[{"count":1,"href":"https:\/\/www.radiopiu.net\/wordpress\/wp-json\/wp\/v2\/posts\/406565\/revisions"}],"predecessor-version":[{"id":406567,"href":"https:\/\/www.radiopiu.net\/wordpress\/wp-json\/wp\/v2\/posts\/406565\/revisions\/406567"}],"wp:featuredmedia":[{"embeddable":true,"href":"https:\/\/www.radiopiu.net\/wordpress\/wp-json\/wp\/v2\/media\/59164"}],"wp:attachment":[{"href":"https:\/\/www.radiopiu.net\/wordpress\/wp-json\/wp\/v2\/media?parent=406565"}],"wp:term":[{"taxonomy":"category","embeddable":true,"href":"https:\/\/www.radiopiu.net\/wordpress\/wp-json\/wp\/v2\/categories?post=406565"},{"taxonomy":"post_tag","embeddable":true,"href":"https:\/\/www.radiopiu.net\/wordpress\/wp-json\/wp\/v2\/tags?post=406565"}],"curies":[{"name":"wp","href":"https:\/\/api.w.org\/{rel}","templated":true}]}}