{"id":406592,"date":"2024-08-24T05:54:48","date_gmt":"2024-08-24T03:54:48","guid":{"rendered":"https:\/\/www.radiopiu.net\/wordpress\/?p=406592"},"modified":"2024-08-24T06:04:29","modified_gmt":"2024-08-24T04:04:29","slug":"infortunio-al-vandelli-e-sfinito-dalla-stanchezza-al-setsass","status":"publish","type":"post","link":"https:\/\/www.radiopiu.net\/wordpress\/infortunio-al-vandelli-e-sfinito-dalla-stanchezza-al-setsass\/","title":{"rendered":"INFORTUNIO AL VANDELLI E SFINITO DALLA STANCHEZZA AL SETSASS"},"content":{"rendered":"<p>****<\/p>\n<p>&nbsp;<\/p>\n<p><strong>CORTINA<\/strong> Falco 2 \u00e8 volato nella zona del Setsass per un 27enne sfinito dalla stanchezza. Pattini a terra, il ragazzo di Ponte San Nicol\u00f2, che era con un amico, \u00e8 stato imbarcato e portato per accertamenti all&#8217;ospedale di Pieve di Cadore. Di seguito l&#8217;elicottero \u00e8 intervenuto sul Sentiero per il Rifugio Vandelli e ha recuperato un 48enne di Bolzano che, inciampato, aveva riportato una storta alla caviglia. L&#8217;uomo, issato a bordo con il verricello, \u00e8 stato portato a Belluno.<\/p>\n<p>&nbsp;<\/p>\n<p>&nbsp;<\/p>\n<p>*******<\/p>\n<p>&nbsp;<\/p>\n","protected":false},"excerpt":{"rendered":"<p>**** &nbsp; CORTINA Falco 2 \u00e8 volato nella zona del Setsass per un 27enne sfinito dalla stanchezza. Pattini a terra, il ragazzo di Ponte San Nicol\u00f2, che era con un amico, \u00e8 stato imbarcato e portato per accertamenti all&#8217;ospedale di Pieve di Cadore. Di seguito l&#8217;elicottero \u00e8 intervenuto sul Sentiero per il Rifugio Vandelli e&hellip;<\/p>\n","protected":false},"author":4,"featured_media":270917,"comment_status":"closed","ping_status":"closed","sticky":false,"template":"","format":"standard","meta":{"_monsterinsights_skip_tracking":false,"_monsterinsights_sitenote_active":false,"_monsterinsights_sitenote_note":"","_monsterinsights_sitenote_category":0,"footnotes":""},"categories":[51,49],"tags":[],"class_list":["post-406592","post","type-post","status-publish","format-standard","has-post-thumbnail","hentry","category-evidenza-top","category-news-18","category-51","category-49","description-off"],"img_url":"https:\/\/www.radiopiu.net\/wordpress\/wp-content\/uploads\/2022\/04\/soccorso-alpino-1024x602-1.jpg","_links":{"self":[{"href":"https:\/\/www.radiopiu.net\/wordpress\/wp-json\/wp\/v2\/posts\/406592","targetHints":{"allow":["GET"]}}],"collection":[{"href":"https:\/\/www.radiopiu.net\/wordpress\/wp-json\/wp\/v2\/posts"}],"about":[{"href":"https:\/\/www.radiopiu.net\/wordpress\/wp-json\/wp\/v2\/types\/post"}],"author":[{"embeddable":true,"href":"https:\/\/www.radiopiu.net\/wordpress\/wp-json\/wp\/v2\/users\/4"}],"replies":[{"embeddable":true,"href":"https:\/\/www.radiopiu.net\/wordpress\/wp-json\/wp\/v2\/comments?post=406592"}],"version-history":[{"count":1,"href":"https:\/\/www.radiopiu.net\/wordpress\/wp-json\/wp\/v2\/posts\/406592\/revisions"}],"predecessor-version":[{"id":406593,"href":"https:\/\/www.radiopiu.net\/wordpress\/wp-json\/wp\/v2\/posts\/406592\/revisions\/406593"}],"wp:featuredmedia":[{"embeddable":true,"href":"https:\/\/www.radiopiu.net\/wordpress\/wp-json\/wp\/v2\/media\/270917"}],"wp:attachment":[{"href":"https:\/\/www.radiopiu.net\/wordpress\/wp-json\/wp\/v2\/media?parent=406592"}],"wp:term":[{"taxonomy":"category","embeddable":true,"href":"https:\/\/www.radiopiu.net\/wordpress\/wp-json\/wp\/v2\/categories?post=406592"},{"taxonomy":"post_tag","embeddable":true,"href":"https:\/\/www.radiopiu.net\/wordpress\/wp-json\/wp\/v2\/tags?post=406592"}],"curies":[{"name":"wp","href":"https:\/\/api.w.org\/{rel}","templated":true}]}}