{"id":406600,"date":"2024-08-24T05:56:31","date_gmt":"2024-08-24T03:56:31","guid":{"rendered":"https:\/\/www.radiopiu.net\/wordpress\/?p=406600"},"modified":"2024-08-24T10:13:59","modified_gmt":"2024-08-24T08:13:59","slug":"tragedia-sul-monte-civetta-giovane-ingegnere-ravennate-perde-la-vita-durante-unescursione","status":"publish","type":"post","link":"https:\/\/www.radiopiu.net\/wordpress\/tragedia-sul-monte-civetta-giovane-ingegnere-ravennate-perde-la-vita-durante-unescursione\/","title":{"rendered":"Tragedia sul Monte Civetta: giovane ingegnere ravennate perde la vita durante un&#8217;escursione"},"content":{"rendered":"<p>***<\/p>\n<p>&nbsp;<\/p>\n<p><strong>ALLEGHE<\/strong> Giorgio Allegri, 26 anni di Ravenna, \u00e8 deceduto tragicamente durante un&#8217;escursione sul sentiero Tivan, Monte Civetta, nel comune di Alleghe. In compagnia di amici, \u00e8 scivolato precipitando per diversi metri. Il personale del 118, giunto con l&#8217;elicottero del Suem di Pieve di Cadore, ha stabilizzato il giovane, gravemente ferito, ma \u00e8 deceduto poco dopo all&#8217;ospedale di Pieve di Cadore. Laureato in ingegneria biomedica al Politecnico di Milano, Giorgio si era trasferito di recente ad Anversa per lavoro. Ex difensore della squadra di pallanuoto Ravenna, era apprezzato per la sua dedizione e allegria. La sua passione per la montagna gli \u00e8 stata purtroppo fatale.<\/p>\n<p><img decoding=\"async\" class=\"aligncenter\" src=\"https:\/\/www.radiopiu.net\/wordpress\/wp-content\/uploads\/2024\/08\/Senza-nome-89.png\" \/><\/p>\n<h2><\/h2>\n<h2><span style=\"color: #ff0000;\"><strong>DAL SOCCORSO ALPINO<\/strong><\/span><\/h2>\n<p>Ieri attorno alle 18 la Centrale del 118 \u00e8 stata contatta da un&#8217;escursionista in forte stato di shock, che segnalava la caduta di un amico, precipitato dal Sentiero Tivan, durante il giro dell&#8217;anello del Civetta. L&#8217;elicottero del Suem di Pieve di Cadore, in rientro da una missione, \u00e8 stato subito dirottato sul punto indicato. Individuate delle persone che facevano segnali, abbassandosi sulla verticale, l&#8217;equipaggio ha visto in poco tempo il corpo inerme di Giorgio Allegri, 26 anni, di Ravenna e ha verricellato equipe medica e tecnico di elisoccorso, poi affiancati nelle operazioni da un soccorritore che, rientrava da una scalata ed \u00e8 sceso a dare il proprio aiuto. Purtroppo le condizioni del giovane, ruzzolato per 150 metri tra salti di roccia, sono apparse subito molto gravi. Imbarellato, il ragazzo \u00e8 stato issato a bordo, dove sono state portate avanti le manovre sanitarie fino all&#8217;arrivo al pronto soccorso di Pieve di Cadore, dove purtroppo non c&#8217;\u00e8 pi\u00f9 stato niente da fare. L&#8217;amico, molto scosso per l&#8217;accaduto, \u00e8 stato accompagnato al Rifugio Coldai e poi affidato al Soccorso alpino della Val di Zoldo.<\/p>\n<p>&nbsp;<\/p>\n<p>&nbsp;<\/p>\n<p>&nbsp;<\/p>\n<hr \/>\n<div class=\"mt-1 flex gap-3 empty:hidden -ml-2\">\n<div class=\"items-center justify-start rounded-xl p-1 flex\">\n<div class=\"flex items-center\">\n<p>&nbsp;<\/p>\n<div class=\"flex\"><\/div>\n<div class=\"flex items-center pb-0\">\n<div class=\"[&amp;_svg]:h-full [&amp;_svg]:w-full icon-md h-4 w-4\"><\/div>\n<\/div>\n<\/div>\n<\/div>\n<\/div>\n","protected":false},"excerpt":{"rendered":"<p>*** &nbsp; ALLEGHE Giorgio Allegri, 26 anni di Ravenna, \u00e8 deceduto tragicamente durante un&#8217;escursione sul sentiero Tivan, Monte Civetta, nel comune di Alleghe. In compagnia di amici, \u00e8 scivolato precipitando per diversi metri. Il personale del 118, giunto con l&#8217;elicottero del Suem di Pieve di Cadore, ha stabilizzato il giovane, gravemente ferito, ma \u00e8 deceduto&hellip;<\/p>\n","protected":false},"author":4,"featured_media":406601,"comment_status":"closed","ping_status":"closed","sticky":false,"template":"","format":"standard","meta":{"_monsterinsights_skip_tracking":false,"_monsterinsights_sitenote_active":false,"_monsterinsights_sitenote_note":"","_monsterinsights_sitenote_category":0,"footnotes":""},"categories":[51,49],"tags":[],"class_list":["post-406600","post","type-post","status-publish","format-standard","has-post-thumbnail","hentry","category-evidenza-top","category-news-18","category-51","category-49","description-off"],"img_url":"https:\/\/www.radiopiu.net\/wordpress\/wp-content\/uploads\/2024\/08\/Senza-nome-89.png","_links":{"self":[{"href":"https:\/\/www.radiopiu.net\/wordpress\/wp-json\/wp\/v2\/posts\/406600","targetHints":{"allow":["GET"]}}],"collection":[{"href":"https:\/\/www.radiopiu.net\/wordpress\/wp-json\/wp\/v2\/posts"}],"about":[{"href":"https:\/\/www.radiopiu.net\/wordpress\/wp-json\/wp\/v2\/types\/post"}],"author":[{"embeddable":true,"href":"https:\/\/www.radiopiu.net\/wordpress\/wp-json\/wp\/v2\/users\/4"}],"replies":[{"embeddable":true,"href":"https:\/\/www.radiopiu.net\/wordpress\/wp-json\/wp\/v2\/comments?post=406600"}],"version-history":[{"count":2,"href":"https:\/\/www.radiopiu.net\/wordpress\/wp-json\/wp\/v2\/posts\/406600\/revisions"}],"predecessor-version":[{"id":406649,"href":"https:\/\/www.radiopiu.net\/wordpress\/wp-json\/wp\/v2\/posts\/406600\/revisions\/406649"}],"wp:featuredmedia":[{"embeddable":true,"href":"https:\/\/www.radiopiu.net\/wordpress\/wp-json\/wp\/v2\/media\/406601"}],"wp:attachment":[{"href":"https:\/\/www.radiopiu.net\/wordpress\/wp-json\/wp\/v2\/media?parent=406600"}],"wp:term":[{"taxonomy":"category","embeddable":true,"href":"https:\/\/www.radiopiu.net\/wordpress\/wp-json\/wp\/v2\/categories?post=406600"},{"taxonomy":"post_tag","embeddable":true,"href":"https:\/\/www.radiopiu.net\/wordpress\/wp-json\/wp\/v2\/tags?post=406600"}],"curies":[{"name":"wp","href":"https:\/\/api.w.org\/{rel}","templated":true}]}}