{"id":406615,"date":"2024-08-24T07:55:10","date_gmt":"2024-08-24T05:55:10","guid":{"rendered":"https:\/\/www.radiopiu.net\/wordpress\/?p=406615"},"modified":"2024-08-24T07:41:52","modified_gmt":"2024-08-24T05:41:52","slug":"406615-2","status":"publish","type":"post","link":"https:\/\/www.radiopiu.net\/wordpress\/406615-2\/","title":{"rendered":"DAL 1983 LA RASSEGNA STAMPA LOCALE&#8230; DAI GIORNALI CERTO, MA ANCHE DAI SITI ON LINE"},"content":{"rendered":"<p>**<\/p>\n<p>&nbsp;<\/p>\n<p><a class=\"dt-pswp-item\" href=\"https:\/\/www.radiopiu.net\/wordpress\/wp-content\/uploads\/2024\/08\/th-6.jpg\" data-dt-img-description=\"\" data-large_image_width=\"225\" data-large_image_height=\"180\"><img loading=\"lazy\" decoding=\"async\" class=\"size-full wp-image-406513 alignleft\" src=\"https:\/\/www.radiopiu.net\/wordpress\/wp-content\/uploads\/2024\/08\/th-6.jpg\" alt=\"\" width=\"225\" height=\"180\" \/><\/a><span style=\"color: #ff0000;\"><strong>OGGI ALLA RADIO<\/strong><\/span>\u2026. ALLE 4 E ALLE 6 LE NOTIZIE DALL\u2019ITALIA E DAL MONDO 6.15 PIROLE DE LENGA A CURA DEL MUSLA 7.20 EL BAL DEL FIORI, DETTI E TRADIZIONI DI GIULIANA DA RONCH 8.05 LA RASSEGNA STAMPA LOCALE 8.30 WEEK END\u2026 MARINA C\u2019E\u2019 900 SPECIALE SETTIMANA DEL CICLISMO DI CESIOMAGGIORE, L\u2019INTERVISTA AL SINDACO, CARLO ZANELLA (FOTO) 9.40 VIABILITA\u2019 CON BOTOL CAR SERVICE (AGORDO-SEDICO-FELTRE) 10 30 LA RASSEGNA STAMPA DA L\u2019AMICO DEL POPOLO DI GIANNI SANTOMASO, OSPITE Stefania Troian 12.00 VA TUTTO LISCIO 12.30 GIORNALE RADIO PRINCIPALE 14.00 ELETTROCHOC CON JACOPO DEL TEDESCO 15.00 LA CLASSIFICA UFFICIALE DI MARCO GAZ 16 IL ROCK DI MARCO COSTANTINI 1645 LE HIT DI MIRCO BENCIVENNI 18.00 PIU\u2019 DANCE LE SELEZIONI CHE FANNO SALTARE DI DJ JACK, JACOPO DEL TEDESCO 18 10 REGGAETON DI ATHOS DJ DAVID BEN 19 LE ANTICIPAZIONI DAL TG DI ANTENNA 3 DI TIZIANA BOLOGNANI<\/p>\n<p><a class=\"dt-pswp-item\" href=\"https:\/\/www.radiopiu.net\/wordpress\/wp-content\/uploads\/2021\/06\/th-12.jpg\" data-dt-img-description=\"\" data-large_image_width=\"282\" data-large_image_height=\"188\"><img loading=\"lazy\" decoding=\"async\" class=\"size-full wp-image-216172 alignleft\" src=\"https:\/\/www.radiopiu.net\/wordpress\/wp-content\/uploads\/2021\/06\/th-12.jpg\" alt=\"\" width=\"282\" height=\"188\" \/><\/a><strong>ACQUA NON POTABILE A FALCADE, CENCENIGHE E VALLADA<\/strong><br \/>\nA Falcade in Via Cime D\u2019Auta l\u2019acqua erogata dall\u2019acquedotto non \u00e8 potabile e pu\u00f2 essere usata per scopi alimentari solo previa bollitura. Verr\u00e0 effettuato servizio sostitutivo con cisternaA Vallada Agordina nelle localit\u00e0 Toffol, Sacchet, Celat e Mas l\u2019acqua erogata dall\u2019acquedotto non \u00e8 potabile e pu\u00f2 essere usata per scopi alimentari solo previa bollitura. Verr\u00e0 effettuato servizio sostitutivo con autobotte vicino alla Chiesa di Celat. A Cencenighe in localit\u00e0 Pr\u00e0 Di Mezzo, Fa\u00e8, Vare Basse e Luxottica l\u2019acqua erogata dall\u2019acquedotto non \u00e8 potabile e pu\u00f2 essere usata per scopi alimentari solo previa bollitura. Verr\u00e0 effettuato servizio sostitutivo con cisterna in localit\u00e0 Pr\u00e0 di Mezzo e Fa\u00e8.<\/p>\n<p><strong>Lettera dei colleghi a Simone<\/strong><br \/>\nPONTE NELLE ALPI Stamattina, alle 10.30, i colleghi di Simone Noal, direttore dell\u2019Eurobrico di Belluno, gli daranno l\u2019ultimo saluto nella Sala del commiato Caldart. In divisa da lavoro, leggeranno un messaggio in sua memoria. Il negozio rimarr\u00e0 chiuso per lutto.<\/p>\n<p><strong>Tragedia sul Monte Civetta: giovane ingegnere ravennate perde la vita durante un\u2019escursione<\/strong><br \/>\nALLEGHE Giorgio Allegri, 26 anni di Ravenna, \u00e8 deceduto tragicamente durante un\u2019escursione sul sentiero Tivan, Monte Civetta, nel comune di Alleghe. In compagnia di amici, \u00e8 scivolato precipitando per diversi metri. Il personale del 118, giunto con l\u2019elicottero del Suem di Pieve di Cadore, ha stabilizzato il giovane, gravemente ferito, ma \u00e8 deceduto poco dopo all\u2019ospedale di Pieve di Cadore. Laureato in ingegneria biomedica al Politecnico di Milano, Giorgio si era trasferito di recente ad Anversa per lavoro.<\/p>\n<p><strong>VOLA PER 15 METRI CON LA MOUNTAIN BIKE, MUORE DURANTE L\u2019ELITRASPORTO IN OSPEDALE<\/strong><br \/>\nVIGO DI CADORE Ieri mattina verso le 9.30 i compagni di un ciclista hanno contattato la Centrale del 118, poich\u00e9 l\u2019uomo a un tornante della strada che sale sul Tudaio era precipitato per una quindicina di metri, finendo sul ghiaione sottostante, dopo che la sua mountain bike si era piantata e lo aveva sbalzato nel vuoto. Gli amici, non in grado di scendere da lui che non rispondeva ai richiami, lo vedevano immobile<\/p>\n<p><a class=\"dt-pswp-item\" href=\"https:\/\/www.radiopiu.net\/wordpress\/wp-content\/uploads\/2024\/08\/Senza-nome-89.png\" data-dt-img-description=\"\" data-large_image_width=\"278\" data-large_image_height=\"217\"><img loading=\"lazy\" decoding=\"async\" class=\"size-full wp-image-406601 alignleft\" src=\"https:\/\/www.radiopiu.net\/wordpress\/wp-content\/uploads\/2024\/08\/Senza-nome-89.png\" alt=\"\" width=\"278\" height=\"217\" \/><\/a><strong>ALPINISTA VOLA IN PARETE E SI INFORTUNA<\/strong><br \/>\nVAL DI ZOLDO Verso le 9 di ieri l\u2019elicottero del Suem di Pieve di Cadore \u00e8 decollato in direzione della Rocchetta Alta di Bosconero, dove un\u2019alpinista era volata da prima di cordata, mentre stava scalando il quarto tiro della Via Navasa ed era caduta sulla sottostante cengia, dove si trovava il compagno. La 31enne di Verona, che aveva riportato un trauma alla gamba<\/p>\n<p><strong>BLOCCATO SOTTO AD UNA CRESTA, RECUPERATO CON L\u2019ELICOTTERO<\/strong><br \/>\nSOSPIROLO Ieri verso mezzogiorno un escursionista che stava percorrendo da solo un sentiero sul Piz Vedana, poco sotto la cima \u00e8 scivolato in un tratto roccioso di cresta, trattenuto dal ruzzolare soltanto da un alberello. Temendo che potesse perdere l\u2019equilibrio e cadere, il tecnico di elisoccorso di Falco 2 \u00e8 stato sbarcato 20 metri pi\u00f9 in alto, ha attrezzato una sosta, si \u00e8 calato e ha subito assicurato il 32enne indiano. Il soccorritore lo ha quindi riportato a monte<\/p>\n<p><strong>CRISI DI PANICO IN VAL D\u2019ARCIA, TURISTI IN DIFFICOLTA\u2019 IN VAL ORITA E INFORTUNIO A SAN VITO DI CADORE<\/strong><br \/>\nIn Val Orita, il Soccorso alpino di Cortina ha assistito una coppia di turisti belgi bloccata fuori dal sentiero 214, riaccompagnandoli in sicurezza. In Val d\u2019Arcia, una donna \u00e8 stata soccorsa dopo essere stata notata gridare e sventolare una giacca per attirare l\u2019attenzione; rassicurata, \u00e8 scesa con altri escursionisti. Infine, a San Vito di Cadore, il Soccorso alpino ha aiutato una 55enne che, scendendo da Forcella Piccola, si era ferita alla testa; dei passanti l\u2019hanno assistita fino all\u2019arrivo dell\u2019ambulanza<\/p>\n<p><strong>INFORTUNIO AL VANDELLI E SFINITO DALLA STANCHEZZA AL SETSASS<\/strong><br \/>\nCORTINA Falco 2 \u00e8 volato nella zona del Setsass per un 27enne sfinito dalla stanchezza. Pattini a terra, il ragazzo di Ponte San Nicol\u00f2, che era con un amico, \u00e8 stato imbarcato e portato per accertamenti all\u2019ospedale di Pieve di Cadore. Di seguito l\u2019elicottero \u00e8 intervenuto sul Sentiero per il Rifugio Vandelli e ha recuperato un 48enne di Bolzano che, inciampato, aveva riportato una storta alla caviglia.<\/p>\n<p><a class=\"dt-pswp-item\" href=\"https:\/\/www.radiopiu.net\/wordpress\/wp-content\/uploads\/2020\/06\/dc8d9e01-0412-48a8-91b1-c64ba92a8187.jpg\" data-dt-img-description=\"\" data-large_image_width=\"2048\" data-large_image_height=\"1024\"><img loading=\"lazy\" decoding=\"async\" class=\"size-medium wp-image-144229 alignleft\" src=\"https:\/\/www.radiopiu.net\/wordpress\/wp-content\/uploads\/2020\/06\/dc8d9e01-0412-48a8-91b1-c64ba92a8187-300x150.jpg\" alt=\"\" width=\"300\" height=\"150\" srcset=\"https:\/\/www.radiopiu.net\/wordpress\/wp-content\/uploads\/2020\/06\/dc8d9e01-0412-48a8-91b1-c64ba92a8187-300x150.jpg 300w, https:\/\/www.radiopiu.net\/wordpress\/wp-content\/uploads\/2020\/06\/dc8d9e01-0412-48a8-91b1-c64ba92a8187-1024x512.jpg 1024w, https:\/\/www.radiopiu.net\/wordpress\/wp-content\/uploads\/2020\/06\/dc8d9e01-0412-48a8-91b1-c64ba92a8187-768x384.jpg 768w, https:\/\/www.radiopiu.net\/wordpress\/wp-content\/uploads\/2020\/06\/dc8d9e01-0412-48a8-91b1-c64ba92a8187-1536x768.jpg 1536w, https:\/\/www.radiopiu.net\/wordpress\/wp-content\/uploads\/2020\/06\/dc8d9e01-0412-48a8-91b1-c64ba92a8187.jpg 2048w\" sizes=\"auto, (max-width: 300px) 100vw, 300px\" \/><\/a><strong>Infarto dopo dimissione: PM apre un\u2019inchiesta<\/strong><br \/>\nBELLUNO \u2013 Annamaria Zambelli Sopal\u00f9, 64 anni, \u00e8 deceduta per infarto dopo essere stata dimessa due volte dal Pronto Soccorso di Belluno, dove si era recata per dolori al torace. Il PM ha aperto un\u2019inchiesta per omicidio colposo, con possibili medici indagati. Un\u2019indagine interna dell\u2019Ulss 1 Dolomiti valuter\u00e0 l\u2019operato dei sanitari. L\u2019autopsia, ordinata dal PM Alberto Primavera, ha rivelato un infarto miocardico con rottura cardiaca. Un caso simile riguarda Gianfranco Alberti, 79 anni, morto dopo un intervento chirurgico cardiaco. Anche qui, \u00e8 stata disposta un\u2019autopsia e i medici coinvolti potrebbero essere indagati.<\/p>\n<p><strong>MARIO DE BON LASCIA IL POSTO IN CONSIGLIO PROVINCIALE, AL SUO POSTO NICOLA VIECELI<\/strong><br \/>\nBELLUNO Mario De Bon, sindaco di Sospirolo, costretto a lasciare il posto in consiglio provinciale per motivi personali; al suo posto, un altro sindaco, quello di San Gregorio nelle Alpi, Nicola Vieceli. L\u2019ufficializzazione in consiglio provinciale.<\/p>\n<p><strong>RC AUTO: IN VENETO GLI AUMENTI PIU\u2019 ALTI A BELLUNO, TREVISO E VICENZA<\/strong><br \/>\nMILANO A luglio 2024, i premi medi per l\u2019assicurazione auto in Veneto sono aumentati del 9,39% rispetto all\u2019anno precedente, raggiungendo 512,91 euro. Tuttavia, negli ultimi sei mesi, alcune province hanno registrato una riduzione dei costi, con un calo fino al 4%.<\/p>\n<p><strong>L\u2019Avvocato Alain Dotta Selezionato come Riferimento Legale in Italia per la Camera di Commercio Italiana negli Emirati Arabi Uniti<\/strong><br \/>\nUn Nuovo Punto di Riferimento per le PMI Italiane negli Emirati e in Arabia Saudita<br \/>\n\u201cCon l\u2019obiettivo di diventare un punto di riferimento per tutte le piccole e medie imprese italiane che desiderano espandere il proprio business negli Emirati e in Arabia Saudita\u201d, afferma Dotta, che si occuper\u00e0 di fornire assistenza legale alle aziende italiane in espansione.<\/p>\n<p>&nbsp;<\/p>\n<p>&nbsp;<\/p>\n<p>&nbsp;<\/p>\n<p>&nbsp;<\/p>\n<p>&nbsp;<\/p>\n","protected":false},"excerpt":{"rendered":"<p>** &nbsp; OGGI ALLA RADIO\u2026. ALLE 4 E ALLE 6 LE NOTIZIE DALL\u2019ITALIA E DAL MONDO 6.15 PIROLE DE LENGA A CURA DEL MUSLA 7.20 EL BAL DEL FIORI, DETTI E TRADIZIONI DI GIULIANA DA RONCH 8.05 LA RASSEGNA STAMPA LOCALE 8.30 WEEK END\u2026 MARINA C\u2019E\u2019 900 SPECIALE SETTIMANA DEL CICLISMO DI CESIOMAGGIORE, L\u2019INTERVISTA AL&hellip;<\/p>\n","protected":false},"author":4,"featured_media":406606,"comment_status":"closed","ping_status":"closed","sticky":false,"template":"","format":"standard","meta":{"_monsterinsights_skip_tracking":false,"_monsterinsights_sitenote_active":false,"_monsterinsights_sitenote_note":"","_monsterinsights_sitenote_category":0,"footnotes":""},"categories":[51,49,142],"tags":[],"class_list":["post-406615","post","type-post","status-publish","format-standard","has-post-thumbnail","hentry","category-evidenza-top","category-news-18","category-rassegna-stampa","category-51","category-49","category-142","description-off"],"img_url":"https:\/\/www.radiopiu.net\/wordpress\/wp-content\/uploads\/2024\/08\/Senza-nome-91.png","_links":{"self":[{"href":"https:\/\/www.radiopiu.net\/wordpress\/wp-json\/wp\/v2\/posts\/406615","targetHints":{"allow":["GET"]}}],"collection":[{"href":"https:\/\/www.radiopiu.net\/wordpress\/wp-json\/wp\/v2\/posts"}],"about":[{"href":"https:\/\/www.radiopiu.net\/wordpress\/wp-json\/wp\/v2\/types\/post"}],"author":[{"embeddable":true,"href":"https:\/\/www.radiopiu.net\/wordpress\/wp-json\/wp\/v2\/users\/4"}],"replies":[{"embeddable":true,"href":"https:\/\/www.radiopiu.net\/wordpress\/wp-json\/wp\/v2\/comments?post=406615"}],"version-history":[{"count":3,"href":"https:\/\/www.radiopiu.net\/wordpress\/wp-json\/wp\/v2\/posts\/406615\/revisions"}],"predecessor-version":[{"id":406632,"href":"https:\/\/www.radiopiu.net\/wordpress\/wp-json\/wp\/v2\/posts\/406615\/revisions\/406632"}],"wp:featuredmedia":[{"embeddable":true,"href":"https:\/\/www.radiopiu.net\/wordpress\/wp-json\/wp\/v2\/media\/406606"}],"wp:attachment":[{"href":"https:\/\/www.radiopiu.net\/wordpress\/wp-json\/wp\/v2\/media?parent=406615"}],"wp:term":[{"taxonomy":"category","embeddable":true,"href":"https:\/\/www.radiopiu.net\/wordpress\/wp-json\/wp\/v2\/categories?post=406615"},{"taxonomy":"post_tag","embeddable":true,"href":"https:\/\/www.radiopiu.net\/wordpress\/wp-json\/wp\/v2\/tags?post=406615"}],"curies":[{"name":"wp","href":"https:\/\/api.w.org\/{rel}","templated":true}]}}