{"id":406633,"date":"2024-08-24T08:26:54","date_gmt":"2024-08-24T06:26:54","guid":{"rendered":"https:\/\/www.radiopiu.net\/wordpress\/?p=406633"},"modified":"2024-08-24T08:26:54","modified_gmt":"2024-08-24T06:26:54","slug":"veneto-paghiamo-ancora-piu-stipendi-che-pensioni-ma-il-sorpasso-si-avvicina","status":"publish","type":"post","link":"https:\/\/www.radiopiu.net\/wordpress\/veneto-paghiamo-ancora-piu-stipendi-che-pensioni-ma-il-sorpasso-si-avvicina\/","title":{"rendered":"VENETO: PAGHIAMO ANCORA PIU\u2019 STIPENDI CHE PENSIONI. MA IL SORPASSO SI AVVICINA."},"content":{"rendered":"<p><a class=\"dt-pswp-item\" href=\"https:\/\/www.radiopiu.net\/wordpress\/wp-content\/uploads\/2024\/08\/Schermata-2024-08-24-alle-08.24.14.png\" data-dt-img-description=\"\" data-large_image_width=\"850\" data-large_image_height=\"1518\"><img loading=\"lazy\" decoding=\"async\" class=\"size-medium wp-image-406635 alignleft\" src=\"https:\/\/www.radiopiu.net\/wordpress\/wp-content\/uploads\/2024\/08\/Schermata-2024-08-24-alle-08.24.14-168x300.png\" alt=\"\" width=\"168\" height=\"300\" srcset=\"https:\/\/www.radiopiu.net\/wordpress\/wp-content\/uploads\/2024\/08\/Schermata-2024-08-24-alle-08.24.14-168x300.png 168w, https:\/\/www.radiopiu.net\/wordpress\/wp-content\/uploads\/2024\/08\/Schermata-2024-08-24-alle-08.24.14-573x1024.png 573w, https:\/\/www.radiopiu.net\/wordpress\/wp-content\/uploads\/2024\/08\/Schermata-2024-08-24-alle-08.24.14-768x1372.png 768w, https:\/\/www.radiopiu.net\/wordpress\/wp-content\/uploads\/2024\/08\/Schermata-2024-08-24-alle-08.24.14.png 850w\" sizes=\"auto, (max-width: 168px) 100vw, 168px\" \/><\/a>Nel Mezzogiorno si pagano pi\u00f9 pensioni che stipendi, ma nel giro di qualche anno il sorpasso \u00e8 destinato a compiersi anche nel resto del Paese; Veneto compreso. Secondo alcune previsioni, infatti, entro il 2028 nella nostra regione sono destinati a uscire dal mercato del lavoro per raggiunti limiti di et\u00e0 272.400 addetti.<\/p>\n<p>E\u2019 evidente, visto la grave crisi demografica in atto, che difficilmente riusciremo a rimpiazzare tutti questi lavoratori che non saranno pi\u00f9 tenuti a timbrare il cartellino ogni giorno. Insomma, nel giro di pochi anni i trattamenti pensionistici erogati dall\u2019Inps in Veneto sono destinati a superare le buste paga degli operai e degli impiegati presenti nelle nostre fabbriche e nei nostri uffici.<\/p>\n<p>Gli ultimi dati disponibili che ci consentono di effettuare un confronto tra il numero degli occupati e quello delle pensioni erogate sono riferiti al 2022. Ebbene, se allora il numero dei lavoratori dipendenti e degli autonomi in Veneto era di 2,1 milioni, gli assegni corrisposti ai pensionati erano 1,8 milioni (saldo pari a +342mila) (vedi Tab. 1). A livello regionale solo la Lombardia, con un saldo pari a +733mila unit\u00e0, registra un risultato migliore del nostro.<\/p>\n<p>Qualcuno potrebbe legittimamente osservare che rispetto al 2022 le cifre sono cambiate, in particolare quella riferita agli occupati. Obiezione pi\u00f9 che condivisibile; infatti, il numero degli addetti anche in Veneto \u00e8 aumentato (di quasi 150mila persone) e in attesa che l\u2019Inps aggiorni le proprie statistiche, \u00e8 altrettanto ragionevole ritenere che anche il numero delle pensioni corrisposte in questo ultimo anno e mezzo sia cresciuto, addirittura in misura superiore all\u2019incremento dei lavoratori attivi.<\/p>\n<p>Questa analisi \u00e8 stata realizzata dall\u2019Ufficio studi della CGIA che ha elaborato i dati dell\u2019Inps e dell\u2019Istat.<\/p>\n<p><strong>Verona, Padova e Vicenza le realt\u00e0 pi\u00f9 virtuose<\/strong><br \/>\nDall\u2019analisi del saldo tra il numero di occupati e le pensioni erogate nel 2022, la provincia veneta pi\u00f9 virtuosa \u00e8 Verona che registra un risultato pari a +86mila. Seguono Padova con +74mila, +Vicenza con +67mila, Venezia con +63mila e Treviso con 61mila. Le situazioni pi\u00f9 critiche, invece, riguardano Belluno e Rovigo. Se nella provincia dolomitica il numero delle pensioni ha raggiunto quello dei lavoratori attivi, a Rovigo il sorpasso \u00e8 gi\u00e0 avvenuto. Il saldo, infatti, \u00e8 pari a -9mila (vedi Tab. 2).<br \/>\nAncorch\u00e8 il Veneto presenti un risultato positivo, il trend \u00e8 destinato a peggiorare, a causa della interazione di tre fenomeni strettamente correlati fra di loro: la denatalit\u00e0, il progressivo invecchiamento della popolazione e un tasso di occupazione che rimane inferiore alla media delle aree pi\u00f9 sviluppate d\u2019Europa. La combinazione di questi fattori ha ridotto progressivamente il numero dei contribuenti attivi e, conseguentemente, ingrossato la platea dei percettori di welfare. Un problema che non riguarda solo l\u2019Italia; purtroppo, attanaglia tutti i principali paesi del mondo occidentale.<\/p>\n<p><strong><a class=\"dt-pswp-item\" href=\"https:\/\/www.radiopiu.net\/wordpress\/wp-content\/uploads\/2024\/08\/Schermata-2024-08-24-alle-08.24.30.png\" data-dt-img-description=\"\" data-large_image_width=\"1006\" data-large_image_height=\"882\"><img loading=\"lazy\" decoding=\"async\" class=\"size-medium wp-image-406634 alignleft\" src=\"https:\/\/www.radiopiu.net\/wordpress\/wp-content\/uploads\/2024\/08\/Schermata-2024-08-24-alle-08.24.30-300x263.png\" alt=\"\" width=\"300\" height=\"263\" srcset=\"https:\/\/www.radiopiu.net\/wordpress\/wp-content\/uploads\/2024\/08\/Schermata-2024-08-24-alle-08.24.30-300x263.png 300w, https:\/\/www.radiopiu.net\/wordpress\/wp-content\/uploads\/2024\/08\/Schermata-2024-08-24-alle-08.24.30-768x673.png 768w, https:\/\/www.radiopiu.net\/wordpress\/wp-content\/uploads\/2024\/08\/Schermata-2024-08-24-alle-08.24.30.png 1006w\" sizes=\"auto, (max-width: 300px) 100vw, 300px\" \/><\/a>Cosa fare ?<\/strong><br \/>\nCon sempre meno giovani e sempre pi\u00f9 pensionati il trend pu\u00f2 essere invertito in tempi medio-lunghi solo allargando la base occupazionale. Come? Innanzitutto portando a galla una buona parte dei lavoratori in \u201cnero\u201d presenti nel Paese. Stiamo parlando di coloro che svolgono un\u2019attivit\u00e0 lavorativa irregolare che, secondo l\u2019Istat, ammontano in Veneto a oltre 185mila persone che ogni giorno si recano nei campi, nei cantieri, nelle fabbriche o nelle abitazioni a svolgere la propria attivit\u00e0 lavorativa senza rispettare le norme fiscali, contributive, assicurative, contrattuali, etc. E\u2019 altres\u00ec necessario incentivare ulteriormente l\u2019ingresso delle donne nel mercato del lavoro, visto che in Italia siamo fanalino di coda in Europa per il tasso di occupazione femminile (pari al 50 per cento circa). Inoltre, bisogna rafforzare le politiche che incentivano la crescita demografica (aiuti alle giovani mamme, alle famiglie, ai minori, etc.) e allungare la vita lavorativa delle persone (almeno di quelle che svolgono un\u2019attivit\u00e0 impiegatizia o intellettuale). Se non faremo tutto ci\u00f2 in tempi relativamente brevi, fra qualche decennio i bilanci della nostra sanit\u00e0 e della previdenza rischiano di implodere.<\/p>\n<p><strong>Con pi\u00f9 anziani vantaggi solo per le banche<\/strong><br \/>\nUn Paese che registra una popolazione sempre pi\u00f9 anziana potrebbe avere nei prossimi decenni seri problemi a far quadrare i conti pubblici e a mantenere i livelli di ricchezza sin qui raggiunti; in particolar modo a causa dell\u2019aumento della spesa sanitaria, pensionistica, farmaceutica e di assistenza alle persone. Va altres\u00ec segnalato che con una presenza di over 65 molto diffusa, alcuni importanti settori economici potrebbero subire dei contraccolpi negativi. Con una propensione alla spesa molto pi\u00f9 contenuta della popolazione giovane, una societ\u00e0 costituita prevalentemente da anziani rischia di ridimensionare il giro d\u2019affari del mercato immobiliare, dei trasporti, della moda e del settore ricettivo (HoReCa). Per contro, invece, le banche potrebbero contare su alcuni effetti positivi; con una maggiore predisposizione al risparmio, le persone pi\u00f9 anziane dovrebbero aumentare la dimensione economica dei propri depositi, suscitando la contentezza di molti istituti di credito.<\/p>\n","protected":false},"excerpt":{"rendered":"<p>Nel Mezzogiorno si pagano pi\u00f9 pensioni che stipendi, ma nel giro di qualche anno il sorpasso \u00e8 destinato a compiersi anche nel resto del Paese; Veneto compreso. Secondo alcune previsioni, infatti, entro il 2028 nella nostra regione sono destinati a uscire dal mercato del lavoro per raggiunti limiti di et\u00e0 272.400 addetti. E\u2019 evidente, visto&hellip;<\/p>\n","protected":false},"author":2,"featured_media":406636,"comment_status":"closed","ping_status":"closed","sticky":false,"template":"","format":"standard","meta":{"_monsterinsights_skip_tracking":false,"_monsterinsights_sitenote_active":false,"_monsterinsights_sitenote_note":"","_monsterinsights_sitenote_category":0,"footnotes":""},"categories":[49],"tags":[],"class_list":["post-406633","post","type-post","status-publish","format-standard","has-post-thumbnail","hentry","category-news-18","category-49","description-off"],"img_url":"https:\/\/www.radiopiu.net\/wordpress\/wp-content\/uploads\/2024\/08\/2148014575.jpg","_links":{"self":[{"href":"https:\/\/www.radiopiu.net\/wordpress\/wp-json\/wp\/v2\/posts\/406633","targetHints":{"allow":["GET"]}}],"collection":[{"href":"https:\/\/www.radiopiu.net\/wordpress\/wp-json\/wp\/v2\/posts"}],"about":[{"href":"https:\/\/www.radiopiu.net\/wordpress\/wp-json\/wp\/v2\/types\/post"}],"author":[{"embeddable":true,"href":"https:\/\/www.radiopiu.net\/wordpress\/wp-json\/wp\/v2\/users\/2"}],"replies":[{"embeddable":true,"href":"https:\/\/www.radiopiu.net\/wordpress\/wp-json\/wp\/v2\/comments?post=406633"}],"version-history":[{"count":1,"href":"https:\/\/www.radiopiu.net\/wordpress\/wp-json\/wp\/v2\/posts\/406633\/revisions"}],"predecessor-version":[{"id":406637,"href":"https:\/\/www.radiopiu.net\/wordpress\/wp-json\/wp\/v2\/posts\/406633\/revisions\/406637"}],"wp:featuredmedia":[{"embeddable":true,"href":"https:\/\/www.radiopiu.net\/wordpress\/wp-json\/wp\/v2\/media\/406636"}],"wp:attachment":[{"href":"https:\/\/www.radiopiu.net\/wordpress\/wp-json\/wp\/v2\/media?parent=406633"}],"wp:term":[{"taxonomy":"category","embeddable":true,"href":"https:\/\/www.radiopiu.net\/wordpress\/wp-json\/wp\/v2\/categories?post=406633"},{"taxonomy":"post_tag","embeddable":true,"href":"https:\/\/www.radiopiu.net\/wordpress\/wp-json\/wp\/v2\/tags?post=406633"}],"curies":[{"name":"wp","href":"https:\/\/api.w.org\/{rel}","templated":true}]}}