{"id":406638,"date":"2024-08-24T10:06:04","date_gmt":"2024-08-24T08:06:04","guid":{"rendered":"https:\/\/www.radiopiu.net\/wordpress\/?p=406638"},"modified":"2024-08-24T10:06:04","modified_gmt":"2024-08-24T08:06:04","slug":"il-ritrovo-dei-coscritti-del-52-di-la-valle","status":"publish","type":"post","link":"https:\/\/www.radiopiu.net\/wordpress\/il-ritrovo-dei-coscritti-del-52-di-la-valle\/","title":{"rendered":"IL RITROVO DEI COSCRITTI DEL &#8217;52 DI LA VALLE"},"content":{"rendered":"<p>*******<\/p>\n<p>&nbsp;<\/p>\n<p><strong>LA VALLE<\/strong> Ieri sera, 23 agosto, i coscritti del &#8217;52 di La Valle Agordina si sono ritrovati per il loro consueto incontro annuale presso la pizzeria Agordina. Tra una gustosa pizza e piacevoli conversazioni, hanno apprezzato la reciproca compagnia, condividendo ricordi di persone, aneddoti e momenti vissuti insieme. Purtroppo, alcuni non hanno potuto partecipare a causa di impegni personali. Al momento dei saluti, il gruppo si \u00e8 augurato di continuare a vivere una quotidianit\u00e0 serena e si \u00e8 dato appuntamento al prossimo anno, ringraziando le attente organizzatrici per il loro impegno.<\/p>\n<p><a class=\"dt-pswp-item\" href=\"https:\/\/www.radiopiu.net\/wordpress\/wp-content\/uploads\/2024\/08\/14c555ca-2551-4211-9a9e-91229d50a41e.jpg\" data-dt-img-description=\"\" data-large_image_width=\"1402\" data-large_image_height=\"688\"><img loading=\"lazy\" decoding=\"async\" class=\"alignnone wp-image-406641 size-large\" src=\"https:\/\/www.radiopiu.net\/wordpress\/wp-content\/uploads\/2024\/08\/14c555ca-2551-4211-9a9e-91229d50a41e-1024x503.jpg\" alt=\"\" width=\"1024\" height=\"503\" srcset=\"https:\/\/www.radiopiu.net\/wordpress\/wp-content\/uploads\/2024\/08\/14c555ca-2551-4211-9a9e-91229d50a41e-1024x503.jpg 1024w, https:\/\/www.radiopiu.net\/wordpress\/wp-content\/uploads\/2024\/08\/14c555ca-2551-4211-9a9e-91229d50a41e-300x147.jpg 300w, https:\/\/www.radiopiu.net\/wordpress\/wp-content\/uploads\/2024\/08\/14c555ca-2551-4211-9a9e-91229d50a41e-768x377.jpg 768w, https:\/\/www.radiopiu.net\/wordpress\/wp-content\/uploads\/2024\/08\/14c555ca-2551-4211-9a9e-91229d50a41e.jpg 1402w\" sizes=\"auto, (max-width: 1024px) 100vw, 1024px\" \/><\/a><\/p>\n<p>&nbsp;<\/p>\n<p>********<\/p>\n","protected":false},"excerpt":{"rendered":"<p>******* &nbsp; LA VALLE Ieri sera, 23 agosto, i coscritti del &#8217;52 di La Valle Agordina si sono ritrovati per il loro consueto incontro annuale presso la pizzeria Agordina. Tra una gustosa pizza e piacevoli conversazioni, hanno apprezzato la reciproca compagnia, condividendo ricordi di persone, aneddoti e momenti vissuti insieme. Purtroppo, alcuni non hanno potuto&hellip;<\/p>\n","protected":false},"author":4,"featured_media":406641,"comment_status":"closed","ping_status":"closed","sticky":false,"template":"","format":"standard","meta":{"_monsterinsights_skip_tracking":false,"_monsterinsights_sitenote_active":false,"_monsterinsights_sitenote_note":"","_monsterinsights_sitenote_category":0,"footnotes":""},"categories":[49],"tags":[],"class_list":["post-406638","post","type-post","status-publish","format-standard","has-post-thumbnail","hentry","category-news-18","category-49","description-off"],"img_url":"https:\/\/www.radiopiu.net\/wordpress\/wp-content\/uploads\/2024\/08\/14c555ca-2551-4211-9a9e-91229d50a41e.jpg","_links":{"self":[{"href":"https:\/\/www.radiopiu.net\/wordpress\/wp-json\/wp\/v2\/posts\/406638","targetHints":{"allow":["GET"]}}],"collection":[{"href":"https:\/\/www.radiopiu.net\/wordpress\/wp-json\/wp\/v2\/posts"}],"about":[{"href":"https:\/\/www.radiopiu.net\/wordpress\/wp-json\/wp\/v2\/types\/post"}],"author":[{"embeddable":true,"href":"https:\/\/www.radiopiu.net\/wordpress\/wp-json\/wp\/v2\/users\/4"}],"replies":[{"embeddable":true,"href":"https:\/\/www.radiopiu.net\/wordpress\/wp-json\/wp\/v2\/comments?post=406638"}],"version-history":[{"count":1,"href":"https:\/\/www.radiopiu.net\/wordpress\/wp-json\/wp\/v2\/posts\/406638\/revisions"}],"predecessor-version":[{"id":406642,"href":"https:\/\/www.radiopiu.net\/wordpress\/wp-json\/wp\/v2\/posts\/406638\/revisions\/406642"}],"wp:featuredmedia":[{"embeddable":true,"href":"https:\/\/www.radiopiu.net\/wordpress\/wp-json\/wp\/v2\/media\/406641"}],"wp:attachment":[{"href":"https:\/\/www.radiopiu.net\/wordpress\/wp-json\/wp\/v2\/media?parent=406638"}],"wp:term":[{"taxonomy":"category","embeddable":true,"href":"https:\/\/www.radiopiu.net\/wordpress\/wp-json\/wp\/v2\/categories?post=406638"},{"taxonomy":"post_tag","embeddable":true,"href":"https:\/\/www.radiopiu.net\/wordpress\/wp-json\/wp\/v2\/tags?post=406638"}],"curies":[{"name":"wp","href":"https:\/\/api.w.org\/{rel}","templated":true}]}}