{"id":406651,"date":"2024-08-26T05:23:18","date_gmt":"2024-08-26T03:23:18","guid":{"rendered":"https:\/\/www.radiopiu.net\/wordpress\/?p=406651"},"modified":"2024-08-26T08:42:52","modified_gmt":"2024-08-26T06:42:52","slug":"giornale-radiopiu-26-agosto-2024-direttore-mirko-mezzacasada-41-anni-25-giugno-1983-25-giugno-2024","status":"publish","type":"post","link":"https:\/\/www.radiopiu.net\/wordpress\/giornale-radiopiu-26-agosto-2024-direttore-mirko-mezzacasada-41-anni-25-giugno-1983-25-giugno-2024\/","title":{"rendered":"GIORNALE RADIOPIU 26 AGOSTO 2024 DIRETTORE MIRKO MEZZACASA\u2026DA 41 ANNI 25 GIUGNO 1983-25 GIUGNO 2024"},"content":{"rendered":"<p>*******<\/p>\n<p>&nbsp;<\/p>\n<p><em><span style=\"color: #ff0000;\">ATTENZIONE: LA NUOVA APP PER IOS-IPHONE di Nicola Vettorello <\/span><\/em><a href=\"https:\/\/apps.apple.com\/it\/app\/radio-pi%C3%B9-emittente-agordina\/id1515939845\">https:\/\/apps.apple.com\/it\/app\/radio-pi%C3%B9-emittente-agordina\/id1515939845<\/a><\/p>\n<p><em style=\"color: #ff0000;\">ATTENZIONE: LA NUOVA APP RADIO\u00a0 PER ANDROID di Nicola Vettorello<\/em><\/p>\n<p><a href=\"https:\/\/play.google.com\/store\/apps\/details?id=net.radiopiu.iniko\" target=\"_blank\" rel=\"noopener noreferrer\">https:\/\/play.google.com\/store\/apps\/details?id=net.radiopiu.iniko\u00a0\u00a0\u00a0\u00a0\u00a0<\/a><\/p>\n<p>&nbsp;<\/p>\n<p><strong>a Eddy e alla famiglia Costa questo acquerello dipinto da Anna Marmolada&#8230; dalla 107 scalini_Falcade<\/strong><\/p>\n<p>&nbsp;<\/p>\n<p><a class=\"dt-pswp-item\" href=\"https:\/\/www.radiopiu.net\/wordpress\/wp-content\/uploads\/2024\/08\/cd6e52f7-fff9-4d7f-ad1c-8c0be89774b9.jpg\" data-dt-img-description=\"\" data-large_image_width=\"899\" data-large_image_height=\"1596\"><img loading=\"lazy\" decoding=\"async\" class=\"size-medium wp-image-406844 aligncenter\" src=\"https:\/\/www.radiopiu.net\/wordpress\/wp-content\/uploads\/2024\/08\/cd6e52f7-fff9-4d7f-ad1c-8c0be89774b9-169x300.jpg\" alt=\"\" width=\"169\" height=\"300\" srcset=\"https:\/\/www.radiopiu.net\/wordpress\/wp-content\/uploads\/2024\/08\/cd6e52f7-fff9-4d7f-ad1c-8c0be89774b9-169x300.jpg 169w, https:\/\/www.radiopiu.net\/wordpress\/wp-content\/uploads\/2024\/08\/cd6e52f7-fff9-4d7f-ad1c-8c0be89774b9-577x1024.jpg 577w, https:\/\/www.radiopiu.net\/wordpress\/wp-content\/uploads\/2024\/08\/cd6e52f7-fff9-4d7f-ad1c-8c0be89774b9-768x1363.jpg 768w, https:\/\/www.radiopiu.net\/wordpress\/wp-content\/uploads\/2024\/08\/cd6e52f7-fff9-4d7f-ad1c-8c0be89774b9-865x1536.jpg 865w, https:\/\/www.radiopiu.net\/wordpress\/wp-content\/uploads\/2024\/08\/cd6e52f7-fff9-4d7f-ad1c-8c0be89774b9.jpg 899w\" sizes=\"auto, (max-width: 169px) 100vw, 169px\" \/><\/a><\/p>\n<hr \/>\n<p>&nbsp;<\/p>\n<p><strong>OGGI ALLA RADIO&#8230;.<\/strong> <span style=\"color: #ff0000;\">ALLE 4 E ALLE 6<\/span> LE NOTIZIE DALL&#8217;ITALIA E DAL MONDO<span style=\"color: #ff0000;\"> 6.15<\/span> PIROLE DE LENGA A CURA DEL MUSLA<span style=\"color: #ff0000;\"> 7.20<\/span> EL BAL DEL FIORI, DETTI E TRADIZIONI DI GIULIANA DA RONCH <span style=\"color: #ff0000;\">8.05<\/span> LA RASSEGNA STAMPA LOCALE<span style=\"color: #ff0000;\"> 8.30\u00a0<span style=\"color: #000000;\"> PIU SIAMO, MARINA DONA<\/span><\/span><span style=\"color: #ff0000;\"><span style=\"color: #000000;\">\u00a0<span style=\"color: #ff0000;\"> 900<\/span>\u00a0 OGGI COME IERI DI SILVIA BALDO <span style=\"color: #ff0000;\">9.30<\/span> I RACCONTI DI PAOLO SOPPELSA <\/span><\/span><span style=\"color: #ff0000;\">9.40<\/span> VIABILITA&#8217; CON BOTOL CAR SERVICE (AGORDO-SEDICO-FELTRE)\u00a0 <span style=\"color: #ff0000;\">10 30<\/span>\u00a0 SPECIALE RITROVAMENTI IN MARMOLADA CON SANTO DE DORIGO\u00a0 <span style=\"color: #ff0000;\">12.00<\/span> VA TUTTO LISCIO\u00a0 <span style=\"color: #ff0000;\">12.30<\/span> GIORNALE RADIO PRINCIPALE\u00a0<span style=\"color: #ff0000;\"> 13.10<\/span> INDIA ITALIA IN BICICLETTA, 27ESIMA PUNTATA\u00a0 <span style=\"color: #ff0000;\">\u00a013.20 <span style=\"color: #000000;\">TRE PEZZI DI MARINA DONA&#8217; <\/span><\/span><span style=\"color: #ff0000;\">14.00\u00a0<\/span><span style=\"color: #ff0000;\"><span style=\"color: #000000;\"> ZAINO IN SPALLA CON CLAUDIO PRA ED EVA GABRIELI<\/span><span style=\"color: #ff0000;\">\u00a0<\/span><\/span><span style=\"color: #ff0000;\">15.00<\/span>\u00a0 RITRATTI SONORI CON ALESSIA DALL&#8217;O ospite LINO SELVATICO <span style=\"color: #ff0000;\">16<\/span> IL ROCK DI MARCO COSTANTINI <span style=\"color: #ff0000;\">1645<\/span> LE HIT DI MIRCO BENCIVENNI <span style=\"color: #ff0000;\">18.00<\/span> PIU&#8217; DANCE LE SELEZIONI CHE FANNO SALTARE DI DJ JACK, JACOPO DEL TEDESCO\u00a0<span style=\"color: #ff0000;\">19<\/span> LE ANTICIPAZIONI DAL TG DI ANTENNA 3 DI TIZIANA BOLOGNANI<span style=\"color: #ff0000;\">\u00a0<\/span><\/p>\n<p><strong>rassegna stampa nazionale,<\/strong> ogni giorno alle 5 e alle 6 del mattino<br \/>\ngiornali locali 7 rassegna stampa flash, 8 rassegna stampa, gr flash alle 10 e alle 11, principale 12.30. Informazione pomerIggio alle 15 (speciale) 16, 17, 18. Giornale radio nazionale: ogni ora dalle 5 del mattino, alle 20 della sera.<\/p>\n<p>&nbsp;<\/p>\n<hr \/>\n<p>&nbsp;<\/p>\n<div class=\"x11i5rnm xat24cr x1mh8g0r x1vvkbs xtlvy1s x126k92a\">\n<div dir=\"auto\">\n<div dir=\"auto\">\n<p><strong><a class=\"dt-pswp-item\" href=\"https:\/\/www.radiopiu.net\/wordpress\/wp-content\/uploads\/2024\/02\/2d44e751-d8a8-461b-8e22-d8e4e853b032.jpg\" data-dt-img-description=\"\" data-large_image_width=\"1600\" data-large_image_height=\"1200\"><img loading=\"lazy\" decoding=\"async\" class=\"wp-image-373307 alignleft\" src=\"https:\/\/www.radiopiu.net\/wordpress\/wp-content\/uploads\/2024\/02\/2d44e751-d8a8-461b-8e22-d8e4e853b032-300x225.jpg\" alt=\"\" width=\"105\" height=\"79\" srcset=\"https:\/\/www.radiopiu.net\/wordpress\/wp-content\/uploads\/2024\/02\/2d44e751-d8a8-461b-8e22-d8e4e853b032-300x225.jpg 300w, https:\/\/www.radiopiu.net\/wordpress\/wp-content\/uploads\/2024\/02\/2d44e751-d8a8-461b-8e22-d8e4e853b032-1024x768.jpg 1024w, https:\/\/www.radiopiu.net\/wordpress\/wp-content\/uploads\/2024\/02\/2d44e751-d8a8-461b-8e22-d8e4e853b032-768x576.jpg 768w, https:\/\/www.radiopiu.net\/wordpress\/wp-content\/uploads\/2024\/02\/2d44e751-d8a8-461b-8e22-d8e4e853b032-1536x1152.jpg 1536w, https:\/\/www.radiopiu.net\/wordpress\/wp-content\/uploads\/2024\/02\/2d44e751-d8a8-461b-8e22-d8e4e853b032.jpg 1600w\" sizes=\"auto, (max-width: 105px) 100vw, 105px\" \/><\/a>EL BAL DEL FIOR, DI GIULIANA DA RONCH, 26 AGOSTO<\/strong><strong>\u00a02024<\/strong><\/p>\n<audio class=\"wp-audio-shortcode\" id=\"audio-406651-1\" preload=\"none\" style=\"width: 100%;\" controls=\"controls\"><source type=\"audio\/mpeg\" src=\"https:\/\/www.radiopiu.net\/wordpress\/wp-content\/uploads\/2024\/08\/GLU-1.m4a?_=1\" \/><a href=\"https:\/\/www.radiopiu.net\/wordpress\/wp-content\/uploads\/2024\/08\/GLU-1.m4a\">https:\/\/www.radiopiu.net\/wordpress\/wp-content\/uploads\/2024\/08\/GLU-1.m4a<\/a><\/audio>\n<p>&nbsp;<\/p>\n<p>&nbsp;<\/p>\n<\/div>\n<\/div>\n<hr \/>\n<p>&nbsp;<\/p>\n<p>&nbsp;<\/p>\n<h1><span style=\"color: #ff0000;\"><a class=\"dt-pswp-item\" href=\"https:\/\/www.radiopiu.net\/wordpress\/wp-content\/uploads\/2024\/06\/th-5.jpg\" data-dt-img-description=\"\" data-large_image_width=\"326\" data-large_image_height=\"180\"><img loading=\"lazy\" decoding=\"async\" class=\"size-medium wp-image-395881 alignleft\" src=\"https:\/\/www.radiopiu.net\/wordpress\/wp-content\/uploads\/2024\/06\/th-5-300x166.jpg\" alt=\"\" width=\"300\" height=\"166\" srcset=\"https:\/\/www.radiopiu.net\/wordpress\/wp-content\/uploads\/2024\/06\/th-5-300x166.jpg 300w, https:\/\/www.radiopiu.net\/wordpress\/wp-content\/uploads\/2024\/06\/th-5.jpg 326w\" sizes=\"auto, (max-width: 300px) 100vw, 300px\" \/><\/a><\/span><\/h1>\n<h1><\/h1>\n<h1><\/h1>\n<h1><span style=\"color: #000000;\">26 agosto&#8230; alla radio l&#8217;almanacco\u00a0<\/span><\/h1>\n<p>&nbsp;<\/p>\n<audio class=\"wp-audio-shortcode\" id=\"audio-406651-2\" preload=\"none\" style=\"width: 100%;\" controls=\"controls\"><source type=\"audio\/mpeg\" src=\"https:\/\/www.radiopiu.net\/wordpress\/wp-content\/uploads\/2024\/08\/ALMANACCONEW-20.mp3?_=2\" \/><a href=\"https:\/\/www.radiopiu.net\/wordpress\/wp-content\/uploads\/2024\/08\/ALMANACCONEW-20.mp3\">https:\/\/www.radiopiu.net\/wordpress\/wp-content\/uploads\/2024\/08\/ALMANACCONEW-20.mp3<\/a><\/audio>\n<p>&nbsp;<\/p>\n<div dir=\"auto\">\n<hr \/>\n<\/div>\n<\/div>\n<blockquote>\n<blockquote>\n<h1><span style=\"color: #ff0000;\">\u00a0<\/span><\/h1>\n<h1><span style=\"color: #ff0000;\">I podcast informativi del mattino &#8211; audio &#8211;\u00a0\u00a0<\/span><\/h1>\n<\/blockquote>\n<p><strong><a class=\"dt-pswp-item\" href=\"https:\/\/www.radiopiu.net\/wordpress\/wp-content\/uploads\/2023\/11\/th-10.jpg\" data-dt-img-description=\"\" data-large_image_width=\"320\" data-large_image_height=\"180\"><img loading=\"lazy\" decoding=\"async\" class=\"wp-image-362866 alignleft\" src=\"https:\/\/www.radiopiu.net\/wordpress\/wp-content\/uploads\/2023\/11\/th-10-300x169.jpg\" alt=\"\" width=\"185\" height=\"104\" srcset=\"https:\/\/www.radiopiu.net\/wordpress\/wp-content\/uploads\/2023\/11\/th-10-300x169.jpg 300w, https:\/\/www.radiopiu.net\/wordpress\/wp-content\/uploads\/2023\/11\/th-10.jpg 320w\" sizes=\"auto, (max-width: 185px) 100vw, 185px\" \/><\/a>LA RASSEGNA STAMPA NAZIONALE ALLA RADIO, OGNI GIORNO ALLE 5 E ALLE 6 DEL MATTINO <span style=\"color: #0000ff;\">viene pubblicata alle 6.00 <span style=\"color: #ff0000;\">DIRETTA RADIO\u00a0 \u00a0\u00a0<\/span><\/span><\/strong><\/p><\/blockquote>\n<p>&nbsp;<\/p>\n<p><strong>NOTIZIE DELLA NOTTE\u00a0 \u00a0\u00a0<\/strong><\/p>\n<p><strong>Venezuela:<\/strong> candidato opposizione, Giustizia non indipendente <strong>Bayesian<\/strong>: La Repubblica, indagato il comandante Cutfield<br \/>\n<strong>Terremoto<\/strong> di magnitudo 6.9 a Tonga <strong>Mosca,<\/strong> testato con successo dispositivo anti-droni <strong>Usa<\/strong>, negoziati tregua a Gaza continuano nei prossimi giorni <strong>Raid israeliano<\/strong> a ovest di Gaza, almeno cinque morti Forte boato a <strong>Tel Aviv<\/strong>, Hamas rivendica un attacco <strong>Zelensky,<\/strong> avanziamo 1-3 km a Kursk, presi due insediamenti<\/p>\n<h2>AUDIO dalle 6 del mattino<\/h2>\n<audio class=\"wp-audio-shortcode\" id=\"audio-406651-3\" preload=\"none\" style=\"width: 100%;\" controls=\"controls\"><source type=\"audio\/mpeg\" src=\"https:\/\/www.radiopiu.net\/wordpress\/wp-content\/uploads\/2024\/08\/GIORNALEDELLESEI-19.mp3?_=3\" \/><a href=\"https:\/\/www.radiopiu.net\/wordpress\/wp-content\/uploads\/2024\/08\/GIORNALEDELLESEI-19.mp3\">https:\/\/www.radiopiu.net\/wordpress\/wp-content\/uploads\/2024\/08\/GIORNALEDELLESEI-19.mp3<\/a><\/audio>\n<p>&nbsp;<\/p>\n<p>&nbsp;<\/p>\n<hr \/>\n<p>&nbsp;<\/p>\n<h1 style=\"text-align: center;\"><span style=\"color: #ff0000;\">I podcast informativi del mattino &#8211; audio &#8211;\u00a0<\/span><\/h1>\n<p><strong><a class=\"dt-pswp-item\" href=\"https:\/\/www.radiopiu.net\/wordpress\/wp-content\/uploads\/2023\/12\/images.png\" data-dt-img-description=\"\" data-large_image_width=\"316\" data-large_image_height=\"160\"><img loading=\"lazy\" decoding=\"async\" class=\"wp-image-367008 alignleft\" src=\"https:\/\/www.radiopiu.net\/wordpress\/wp-content\/uploads\/2023\/12\/images-300x152.png\" alt=\"\" width=\"235\" height=\"119\" srcset=\"https:\/\/www.radiopiu.net\/wordpress\/wp-content\/uploads\/2023\/12\/images-300x152.png 300w, https:\/\/www.radiopiu.net\/wordpress\/wp-content\/uploads\/2023\/12\/images.png 316w\" sizes=\"auto, (max-width: 235px) 100vw, 235px\" \/><\/a>OGNI GIORNO ALLE SETTE DEL MATTINO, LA RASSEGNA STAMPA LOCALE FLASH&#8230; PER CHI VA IN FRETTA. I TITOLI DAI GIORNALI E DAL SITO WWW.RADIOPIU.NET <span style=\"color: #0000ff;\">viene pubblicato alle 7.00<\/span> <span style=\"color: #ff0000;\">DIRETTA RADIO\u00a0<\/span><\/strong><\/p>\n<p><em><span style=\"color: #ff0000;\">per chi va in fretta&#8230; tante notizie in pochi minuti. L&#8217;informazione locale alla radio, ogni ora dalle 7 del mattino alle 19 della sera.<\/span><\/em><\/p>\n<p><strong>Muore <\/strong>durante le vacanze in Albania: Sedico piange Alessia Vidotto <strong>ACQUA <\/strong>NON POTABILE A FALCADE, CENCENIGHE E VALLADA <strong>DA OGGI<\/strong> CHIUDE DI NUOVO LA 563 DEI SALESEI A DIGONERA <strong>ANZIANO INVESTITO AD AURONZO\u00a0<\/strong><br \/>\n<strong>LIMANA\u00a0 <\/strong>\u00a0due moto si sono scontrate all&#8217;altezza di La Cal\u00a0 causando tre feriti lievi, trasportati all&#8217;ospedale Belluno.\u00a0<strong>\u00a0<\/strong><\/p>\n<h1>AUDIO dalle 7 del mattino<\/h1>\n<audio class=\"wp-audio-shortcode\" id=\"audio-406651-4\" preload=\"none\" style=\"width: 100%;\" controls=\"controls\"><source type=\"audio\/mpeg\" src=\"https:\/\/www.radiopiu.net\/wordpress\/wp-content\/uploads\/2024\/08\/GF07-18.mp3?_=4\" \/><a href=\"https:\/\/www.radiopiu.net\/wordpress\/wp-content\/uploads\/2024\/08\/GF07-18.mp3\">https:\/\/www.radiopiu.net\/wordpress\/wp-content\/uploads\/2024\/08\/GF07-18.mp3<\/a><\/audio>\n<p>&nbsp;<\/p>\n<p>&nbsp;<\/p>\n<p>&nbsp;<\/p>\n<hr \/>\n<p>&nbsp;<\/p>\n<h1><\/h1>\n<h1 style=\"text-align: center;\"><span style=\"color: #ff0000;\"><a class=\"dt-pswp-item\" href=\"https:\/\/www.radiopiu.net\/wordpress\/wp-content\/uploads\/2022\/01\/026c3f9d-dae9-4040-a3c1-a6530231bcc3.jpg\" data-dt-img-description=\"\" data-large_image_width=\"1152\" data-large_image_height=\"2048\"><img loading=\"lazy\" decoding=\"async\" class=\"wp-image-251839 alignleft\" src=\"https:\/\/www.radiopiu.net\/wordpress\/wp-content\/uploads\/2022\/01\/026c3f9d-dae9-4040-a3c1-a6530231bcc3-169x300.jpg\" alt=\"\" width=\"100\" height=\"177\" srcset=\"https:\/\/www.radiopiu.net\/wordpress\/wp-content\/uploads\/2022\/01\/026c3f9d-dae9-4040-a3c1-a6530231bcc3-169x300.jpg 169w, https:\/\/www.radiopiu.net\/wordpress\/wp-content\/uploads\/2022\/01\/026c3f9d-dae9-4040-a3c1-a6530231bcc3-576x1024.jpg 576w, https:\/\/www.radiopiu.net\/wordpress\/wp-content\/uploads\/2022\/01\/026c3f9d-dae9-4040-a3c1-a6530231bcc3-768x1365.jpg 768w, https:\/\/www.radiopiu.net\/wordpress\/wp-content\/uploads\/2022\/01\/026c3f9d-dae9-4040-a3c1-a6530231bcc3-864x1536.jpg 864w, https:\/\/www.radiopiu.net\/wordpress\/wp-content\/uploads\/2022\/01\/026c3f9d-dae9-4040-a3c1-a6530231bcc3.jpg 1152w\" sizes=\"auto, (max-width: 100px) 100vw, 100px\" \/><\/a>I podcast informativi del mattino &#8211; audio &#8211;\u00a0<\/span><\/h1>\n<blockquote><p><strong>GIORNALE RADIO NAZIONALE, EDIZIONE DELLE SETTE <span style=\"color: #0000ff;\">viene pubblicato alle 7.05 <span style=\"color: #ff0000;\">DIRETTA RADIO\u00a0<\/span><\/span><\/strong><\/p><\/blockquote>\n<p><strong>il giornale radionazionale e&#8217; in onda ogni ora, dalle sette del mattino alle venti della sera\u00a0 \u00a0<\/strong><\/p>\n<p>&nbsp;<\/p>\n<p><strong>NAPOLI<\/strong> Uomo ucciso, due fermati. Rafforzati i controlli <strong>ROMA<\/strong> Un&#8217;autista di un bus aggredita, 2 denunciati <strong>ANCONA<\/strong> Ferrovia Adriatica chiusa 4 ore per un investimento, circolazione ripresa <strong>GIUGLIANO<\/strong> In 4 su una Smart che si ribalta: muore una bimba. Alla guida un uomo senza patente, arrestato. <strong>Il naufragio<\/strong> del veliero Bayesian: tutti i dubbi da chiarire <strong>L&#8217;omicidio di Sharon Verzen<\/strong>i: nuovi interrogatori alla ricerca della svolta <strong>RAGUSA\u00a0<\/strong> Auto contro un monopattino, morti due giovani <strong>Dal 5 settembre<\/strong> si torna a scuola, i primi in classe a Bolzano.<\/p>\n<h1>AUDIO ALLE SETTE DEL MATTINO<\/h1>\n<audio class=\"wp-audio-shortcode\" id=\"audio-406651-5\" preload=\"none\" style=\"width: 100%;\" controls=\"controls\"><source type=\"audio\/mpeg\" src=\"https:\/\/www.radiopiu.net\/wordpress\/wp-content\/uploads\/2024\/08\/giornale07-18.mp3?_=5\" \/><a href=\"https:\/\/www.radiopiu.net\/wordpress\/wp-content\/uploads\/2024\/08\/giornale07-18.mp3\">https:\/\/www.radiopiu.net\/wordpress\/wp-content\/uploads\/2024\/08\/giornale07-18.mp3<\/a><\/audio>\n<p>&nbsp;<\/p>\n<p>&nbsp;<\/p>\n<p>&nbsp;<\/p>\n<hr \/>\n<p>&nbsp;<\/p>\n<p>&nbsp;<\/p>\n<h1><span style=\"color: #ff0000;\">I podcast informativi del mattino &#8211; video &#8211;\u00a0<\/span><\/h1>\n<h2><strong><a class=\"dt-pswp-item\" href=\"https:\/\/www.radiopiu.net\/wordpress\/wp-content\/uploads\/2023\/12\/th-10.jpg\" data-dt-img-description=\"\" data-large_image_width=\"245\" data-large_image_height=\"180\"><img loading=\"lazy\" decoding=\"async\" class=\" wp-image-367395 alignleft\" src=\"https:\/\/www.radiopiu.net\/wordpress\/wp-content\/uploads\/2023\/12\/th-10.jpg\" alt=\"\" width=\"166\" height=\"122\" \/><\/a>RASSEGNA STAMPA LOCALE, ORE OTTO 05<\/strong><\/h2>\n<h2><strong> <span style=\"color: #0000ff;\">viene\u00a0 <\/span><\/strong><strong><span style=\"color: #0000ff;\">pubblicata alle 8.05 <span style=\"color: #ff0000;\">DIRETTA RADIO\u00a0\u00a0<\/span><\/span><\/strong><\/h2>\n<p><strong>DI MIRKO MEZZACASA\u00a0 \u00a0<\/strong><button class=\"rounded-lg text-token-text-secondary hover:bg-token-main-surface-secondary\"><\/button><\/p>\n<p><strong>OGGI SUL Corriere delle Alpi E NOTIZIARI DI Radio Pi\u00f9\u00a0<\/strong><\/p>\n<p>&nbsp;<\/p>\n<p><strong>MADONNA DEL COL MENADOR. ZAIA: IN MONTAGNA SI RISPETTI LA SPIRITUALITA&#8217;<\/strong>3<br \/>\n<strong>Chiusura della Linea Belluno-Castelfranco: To\u00ecgo (Uil Veneto) Chiede Soluzioni Immediate<\/strong><br \/>\n<strong>Ritrovamento in Marmolada: Misteri e Verit\u00e0 Storiche sui Resti della Grande Guerra<\/strong><br \/>\n<strong>SAN TOMASO<\/strong> Consiglio comunale convocato per mercoled\u00ec alle 20. Oltre alla lettura e approvazione dei verbali della seduta precedente, si discuter\u00e0 una variazione urgente al bilancio 2024\/26.<br \/>\n<strong>CANALE D&#8217;AGORDO<\/strong> Oggi si terr\u00e0 a Canale d\u2019Agordo una cerimonia per il 46\u00b0 anniversario dell&#8217;elezione a Pontefice di Papa Luciani, con una S. Messa in piazza. Per garantire sicurezza e ordine pubblico, sar\u00e0 vietato il transito e il parcheggio in alcune zone dalle 16:00 alle 18:00 e sar\u00e0 sospesa la circolazione in tutto il centro abitato. Il divieto di parcheggio sar\u00e0 in vigore dalle 13:00 alle 19:00 nelle piazze Papa Luciani e S. Serafini.<\/p>\n<h2><span style=\"color: #ff0000;\"><strong>VIDEO\u00a0 \u00a0in diretta dalle 8 del mattino\u00a0<\/strong><\/span><\/h2>\n\n\t\t\t<style type='text\/css'>\n\t\t\t\t#gallery-1 {\n\t\t\t\t\tmargin: auto;\n\t\t\t\t}\n\t\t\t\t#gallery-1 .gallery-item {\n\t\t\t\t\tfloat: left;\n\t\t\t\t\tmargin-top: 10px;\n\t\t\t\t\ttext-align: center;\n\t\t\t\t\twidth: 33%;\n\t\t\t\t}\n\t\t\t\t#gallery-1 img {\n\t\t\t\t\tborder: 2px solid #cfcfcf;\n\t\t\t\t}\n\t\t\t\t#gallery-1 .gallery-caption {\n\t\t\t\t\tmargin-left: 0;\n\t\t\t\t}\n\t\t\t\t\/* see gallery_shortcode() in wp-includes\/media.php *\/\n\t\t\t<\/style>\n\t\t<div id='gallery-1' class='dt-gallery-container gallery galleryid-406651 gallery-columns-3 gallery-size-thumbnail'><dl class='gallery-item'>\n\t\t\t\t<dt class='gallery-icon landscape'>\n\t\t\t\t\t<a class=\"rollover rollover-zoom dt-pswp-item\" title=\"Senza nome\" data-dt-img-description=\"\" data-large_image_width=\"394\" data-large_image_height=\"259\"href='https:\/\/www.radiopiu.net\/wordpress\/wp-content\/uploads\/2024\/08\/Senza-nome-94.png'><img loading=\"lazy\" decoding=\"async\" width=\"150\" height=\"150\" src=\"https:\/\/www.radiopiu.net\/wordpress\/wp-content\/uploads\/2024\/08\/Senza-nome-94-150x150.png\" class=\"attachment-thumbnail size-thumbnail\" alt=\"\" \/><\/a>\n\t\t\t\t<\/dt><\/dl><dl class='gallery-item'>\n\t\t\t\t<dt class='gallery-icon landscape'>\n\t\t\t\t\t<a class=\"rollover rollover-zoom dt-pswp-item\" title=\"Senza nome\" data-dt-img-description=\"\" data-large_image_width=\"510\" data-large_image_height=\"321\"href='https:\/\/www.radiopiu.net\/wordpress\/wp-content\/uploads\/2024\/08\/Senza-nome-96.png'><img loading=\"lazy\" decoding=\"async\" width=\"150\" height=\"150\" src=\"https:\/\/www.radiopiu.net\/wordpress\/wp-content\/uploads\/2024\/08\/Senza-nome-96-150x150.png\" class=\"attachment-thumbnail size-thumbnail\" alt=\"\" \/><\/a>\n\t\t\t\t<\/dt><\/dl><dl class='gallery-item'>\n\t\t\t\t<dt class='gallery-icon landscape'>\n\t\t\t\t\t<a class=\"rollover rollover-zoom dt-pswp-item\" title=\"Senza nome\" data-dt-img-description=\"\" data-large_image_width=\"458\" data-large_image_height=\"178\"href='https:\/\/www.radiopiu.net\/wordpress\/wp-content\/uploads\/2024\/08\/Senza-nome-95.png'><img loading=\"lazy\" decoding=\"async\" width=\"150\" height=\"150\" src=\"https:\/\/www.radiopiu.net\/wordpress\/wp-content\/uploads\/2024\/08\/Senza-nome-95-150x150.png\" class=\"attachment-thumbnail size-thumbnail\" alt=\"\" \/><\/a>\n\t\t\t\t<\/dt><\/dl><br style=\"clear: both\" \/>\n\t\t\t<\/div>\n\n<p><iframe loading=\"lazy\" title=\"DAL 1983 LA RASSEGNA STAMPA LOCALE di mirko mezzacasa. L&#039;ORIGINALE\" width=\"1200\" height=\"675\" src=\"https:\/\/www.youtube.com\/embed\/OXe5LBIAr6Q?feature=oembed\" frameborder=\"0\" allow=\"accelerometer; autoplay; clipboard-write; encrypted-media; gyroscope; picture-in-picture; web-share\" referrerpolicy=\"strict-origin-when-cross-origin\" allowfullscreen><\/iframe><\/p>\n<hr \/>\n<p>&nbsp;<\/p>\n<p>&nbsp;<\/p>\n<p><strong><a class=\"dt-pswp-item\" href=\"https:\/\/www.radiopiu.net\/wordpress\/wp-content\/uploads\/2023\/12\/ANTENNA.png\" data-dt-img-description=\"\" data-large_image_width=\"300\" data-large_image_height=\"166\"><img loading=\"lazy\" decoding=\"async\" class=\" wp-image-366306 alignleft\" src=\"https:\/\/www.radiopiu.net\/wordpress\/wp-content\/uploads\/2023\/12\/ANTENNA.png\" alt=\"\" width=\"175\" height=\"97\" \/><\/a>IERI SERA, DAL TG DI ANTENNA 3, ogni sera alle 19 le anticipazioni alla radio, quello che poi seguirete nel TELEGIORNALE BELLUNESE\u00a0 in onda alle 19.30 sul CANALE 10 del digitale terrestre.\u00a0\u00a0<\/strong><\/p>\n<p>&nbsp;<\/p>\n<p>&nbsp;<\/p>\n<p>&nbsp;<\/p>\n<p>&nbsp;<\/p>\n<hr \/>\n<p>&nbsp;<\/p>\n<blockquote>\n<h3 class=\"entry-title\">ACQUA NON POTABILE A FALCADE, CENCENIGHE E VALLADA<\/h3>\n<\/blockquote>\n<p>A Falcade in Via Cime D\u2019Auta l\u2019acqua erogata dall\u2019acquedotto non \u00e8 potabile e pu\u00f2 essere usata per scopi alimentari solo previa bollitura. Verr\u00e0 effettuato servizio sostitutivo con cisterna c\/o parcheggio Ristorante Pizzeria Livia. A Vallada Agordina nelle localit\u00e0 Toffol, Sacchet, Celat e Mas l&#8217;acqua erogata dall&#8217;acquedotto non \u00e8 potabile e pu\u00f2 essere usata per scopi alimentari solo previa bollitura. Verr\u00e0 effettuato servizio sostitutivo con autobotte vicino alla Chiesa di Celat. A Cencenighe in localit\u00e0 Pr\u00e0 Di Mezzo, Fa\u00e8, Vare Basse e Luxottica l&#8217;acqua erogata dall&#8217;acquedotto non \u00e8 potabile. Verr\u00e0 effettuato servizio sostitutivo con cisterna in localit\u00e0 Pr\u00e0 di Mezzo e Fa\u00e8.<\/p>\n<p>&nbsp;<\/p>\n<p>&nbsp;<\/p>\n<hr \/>\n<p>&nbsp;<\/p>\n<blockquote>\n<h3>DA OGGI CHIUDE DI NUOVO LA 563 DEI SALESEI A DIGONERA<\/h3>\n<\/blockquote>\n<p><strong>REDAZIONE<\/strong> Con la fine delle vacanze estive, la Sp 563 di Salesei chiude di nuovo al traffico. La strada verr\u00e0 interdetta in localit\u00e0 Digonera fino al 6 settembre. La chiusura avverr\u00e0 dal luned\u00ec al venerd\u00ec, dalle 7 alle 18. Negli altri orari verr\u00e0 istituito un senso unico alternato regolato da impianto semaforico e limite di velocit\u00e0 a 30 km\/h, sabati e domeniche compresi.<\/p>\n<p>&nbsp;<\/p>\n<hr \/>\n<p>&nbsp;<\/p>\n<blockquote>\n<h1>Muore durante le vacanze in Albania: Sedico piange Alessia Vidotto<\/h1>\n<\/blockquote>\n<p><strong><a class=\"dt-pswp-item\" href=\"https:\/\/www.radiopiu.net\/wordpress\/wp-content\/uploads\/2024\/08\/Senza-nome-93.png\" data-dt-img-description=\"\" data-large_image_width=\"542\" data-large_image_height=\"509\"><img loading=\"lazy\" decoding=\"async\" class=\"wp-image-406828 alignleft\" src=\"https:\/\/www.radiopiu.net\/wordpress\/wp-content\/uploads\/2024\/08\/Senza-nome-93-300x282.png\" alt=\"\" width=\"144\" height=\"135\" srcset=\"https:\/\/www.radiopiu.net\/wordpress\/wp-content\/uploads\/2024\/08\/Senza-nome-93-300x282.png 300w, https:\/\/www.radiopiu.net\/wordpress\/wp-content\/uploads\/2024\/08\/Senza-nome-93.png 542w\" sizes=\"auto, (max-width: 144px) 100vw, 144px\" \/><\/a>SEDICO<\/strong> Alessia Vidotto, 38 anni, \u00e8 morta improvvisamente il 15 agosto mentre era in vacanza in Albania con il compagno Eroldi e il figlio Leo di un anno e mezzo. Inizialmente debilitata, \u00e8 stata ricoverata per un sospetto Covid che si \u00e8 aggravato in miocardite. Nonostante il trasferimento d&#8217;urgenza a Tirana, Alessia \u00e8 deceduta. La sua famiglia, i genitori Elga e Roberto, la sorella Veronica e il compagno, sono distrutti. Alessia era una persona riservata e gentile, amata da tutti. L&#8217;ultimo saluto si terr\u00e0 domani a Sedico, \u00a0alle 15 nella casa del commiato Caldart in via Cappellari. Da qui la salma proseguir\u00e0 per il cimitero di Prade. \u2014.<\/p>\n<p>&nbsp;<\/p>\n<p><span style=\"color: #ff0000;\">FOTO CORRIERE DELLE ALPI<\/span><\/p>\n<p>&nbsp;<\/p>\n<p>&nbsp;<\/p>\n<hr \/>\n<p>&nbsp;<\/p>\n<h1><span style=\"color: #ff0000;\">IL WEEKEND DEL SOCCORSO ALPINO<\/span><\/h1>\n<blockquote>\n<h3>DISPERSO DA 24 ORE, RITROVATO SUL MONTE PEORNA<\/h3>\n<\/blockquote>\n<p><strong>BELLUNO<\/strong> I genitori di un 24enne di Vedelago (TV) hanno allertato il 118 dopo 24 ore senza contatti con il figlio, che stava percorrendo l&#8217;Alta Via degli Eroi tra Setteville e Seren del Grappa. L&#8217;ultimo contatto risaliva al giorno precedente, quando il giovane aveva comunicato di trovarsi vicino alla cresta della Valle di Schievenin, dove avrebbe trascorso la notte in tenda. Dopo che il cellulare \u00e8 diventato irraggiungibile, sono stati avviati i soccorsi. Un elicottero ha sorvolato l&#8217;area e sbarcato i soccorritori a Malga Dumela per riprendere a piedi l&#8217;itinerario, mentre altre squadre perlustravano la zona. Un elicottero della Guardia di Finanza ha rilevato un segnale telefonico, attivando ulteriori forze di supporto. Durante la ricerca, il ragazzo ha risposto alle chiamate dei soccorritori, spiegando di essere scivolato e di aver trascorso la notte ferito e impossibilitato a muoversi. Raggiunto dai soccorritori, \u00e8 stato stabilizzato e trasportato in elicottero all&#8217;ospedale di Treviso con contusioni diffuse e un possibile trauma alla colonna vertebrale. Nella caduta, aveva perso conoscenza e si era trascinato nel vallone per recuperare lo zaino e bere acqua.<\/p>\n\n\t\t\t<style type='text\/css'>\n\t\t\t\t#gallery-2 {\n\t\t\t\t\tmargin: auto;\n\t\t\t\t}\n\t\t\t\t#gallery-2 .gallery-item {\n\t\t\t\t\tfloat: left;\n\t\t\t\t\tmargin-top: 10px;\n\t\t\t\t\ttext-align: center;\n\t\t\t\t\twidth: 50%;\n\t\t\t\t}\n\t\t\t\t#gallery-2 img {\n\t\t\t\t\tborder: 2px solid #cfcfcf;\n\t\t\t\t}\n\t\t\t\t#gallery-2 .gallery-caption {\n\t\t\t\t\tmargin-left: 0;\n\t\t\t\t}\n\t\t\t\t\/* see gallery_shortcode() in wp-includes\/media.php *\/\n\t\t\t<\/style>\n\t\t<div id='gallery-2' class='dt-gallery-container gallery galleryid-406651 gallery-columns-2 gallery-size-medium'><dl class='gallery-item'>\n\t\t\t\t<dt class='gallery-icon portrait'>\n\t\t\t\t\t<a class=\"rollover rollover-zoom dt-pswp-item\" title=\"Watermark_20240824_080635_107\" data-dt-img-description=\"\" data-large_image_width=\"1773\" data-large_image_height=\"2364\"href='https:\/\/www.radiopiu.net\/wordpress\/wp-content\/uploads\/2024\/08\/Watermark_20240824_080635_107.jpg'><img loading=\"lazy\" decoding=\"async\" width=\"225\" height=\"300\" src=\"https:\/\/www.radiopiu.net\/wordpress\/wp-content\/uploads\/2024\/08\/Watermark_20240824_080635_107-225x300.jpg\" class=\"attachment-medium size-medium\" alt=\"\" srcset=\"https:\/\/www.radiopiu.net\/wordpress\/wp-content\/uploads\/2024\/08\/Watermark_20240824_080635_107-225x300.jpg 225w, https:\/\/www.radiopiu.net\/wordpress\/wp-content\/uploads\/2024\/08\/Watermark_20240824_080635_107-768x1024.jpg 768w, https:\/\/www.radiopiu.net\/wordpress\/wp-content\/uploads\/2024\/08\/Watermark_20240824_080635_107-1152x1536.jpg 1152w, https:\/\/www.radiopiu.net\/wordpress\/wp-content\/uploads\/2024\/08\/Watermark_20240824_080635_107-1536x2048.jpg 1536w, https:\/\/www.radiopiu.net\/wordpress\/wp-content\/uploads\/2024\/08\/Watermark_20240824_080635_107.jpg 1773w\" sizes=\"auto, (max-width: 225px) 100vw, 225px\" \/><\/a>\n\t\t\t\t<\/dt><\/dl><dl class='gallery-item'>\n\t\t\t\t<dt class='gallery-icon portrait'>\n\t\t\t\t\t<a class=\"rollover rollover-zoom dt-pswp-item\" title=\"Watermark_20240824_080752_317\" data-dt-img-description=\"\" data-large_image_width=\"1773\" data-large_image_height=\"2364\"href='https:\/\/www.radiopiu.net\/wordpress\/wp-content\/uploads\/2024\/08\/Watermark_20240824_080752_317.jpg'><img loading=\"lazy\" decoding=\"async\" width=\"225\" height=\"300\" src=\"https:\/\/www.radiopiu.net\/wordpress\/wp-content\/uploads\/2024\/08\/Watermark_20240824_080752_317-225x300.jpg\" class=\"attachment-medium size-medium\" alt=\"\" srcset=\"https:\/\/www.radiopiu.net\/wordpress\/wp-content\/uploads\/2024\/08\/Watermark_20240824_080752_317-225x300.jpg 225w, https:\/\/www.radiopiu.net\/wordpress\/wp-content\/uploads\/2024\/08\/Watermark_20240824_080752_317-768x1024.jpg 768w, https:\/\/www.radiopiu.net\/wordpress\/wp-content\/uploads\/2024\/08\/Watermark_20240824_080752_317-1152x1536.jpg 1152w, https:\/\/www.radiopiu.net\/wordpress\/wp-content\/uploads\/2024\/08\/Watermark_20240824_080752_317-1536x2048.jpg 1536w, https:\/\/www.radiopiu.net\/wordpress\/wp-content\/uploads\/2024\/08\/Watermark_20240824_080752_317.jpg 1773w\" sizes=\"auto, (max-width: 225px) 100vw, 225px\" \/><\/a>\n\t\t\t\t<\/dt><\/dl><br style=\"clear: both\" \/>\n\t\t\t<\/div>\n\n<p>&nbsp;<\/p>\n<blockquote>\n<h3>ALPINISTA COLPITA DA UN SASSO SULLA MANO<\/h3>\n<\/blockquote>\n<p><strong><a class=\"dt-pswp-item\" href=\"https:\/\/www.radiopiu.net\/wordpress\/wp-content\/uploads\/2024\/08\/Watermark_20240824_165425_908.jpg\" data-dt-img-description=\"\" data-large_image_width=\"1773\" data-large_image_height=\"2364\"><img loading=\"lazy\" decoding=\"async\" class=\" wp-image-406714 alignleft\" src=\"https:\/\/www.radiopiu.net\/wordpress\/wp-content\/uploads\/2024\/08\/Watermark_20240824_165425_908-225x300.jpg\" alt=\"\" width=\"123\" height=\"164\" srcset=\"https:\/\/www.radiopiu.net\/wordpress\/wp-content\/uploads\/2024\/08\/Watermark_20240824_165425_908-225x300.jpg 225w, https:\/\/www.radiopiu.net\/wordpress\/wp-content\/uploads\/2024\/08\/Watermark_20240824_165425_908-768x1024.jpg 768w, https:\/\/www.radiopiu.net\/wordpress\/wp-content\/uploads\/2024\/08\/Watermark_20240824_165425_908-1152x1536.jpg 1152w, https:\/\/www.radiopiu.net\/wordpress\/wp-content\/uploads\/2024\/08\/Watermark_20240824_165425_908-1536x2048.jpg 1536w, https:\/\/www.radiopiu.net\/wordpress\/wp-content\/uploads\/2024\/08\/Watermark_20240824_165425_908.jpg 1773w\" sizes=\"auto, (max-width: 123px) 100vw, 123px\" \/><\/a> <\/strong><\/p>\n<p><strong>\u00a0<\/strong><\/p>\n<p><strong>SAN VITO DI CADORE<\/strong> Mentre stava scalando assieme al compagno il quinto tiro della Via Super tegolina, sulla parete ovest dei Lastoni di Formin, una alpinista tedesca di 31 anni \u00e8 stata colpita da un sasso sulla mano, riportando una grave ferita. Avvicinatosi alla parete, l&#8217;elicottero del Suem di Pieve di Cadore ha effettuato il recupero della scalatrice, calando il tecnico di elisoccorso con un verricello di 75 metri. Issata a bordo e accompagnata in ospedale, l&#8217;infortunata \u00e8 stata trasferita a Pordenone. Il compagno ha effettuato in autonomia le doppie di discesa con altri due alpinisti che si trovavano in parete.<\/p>\n<p>&nbsp;<\/p>\n<p>&nbsp;<\/p>\n<blockquote>\n<h3>PRECIPITA CON IL PARAPENDIO SOPRA PIAN FORMOSA<\/h3>\n<\/blockquote>\n<p><strong><a class=\"dt-pswp-item\" href=\"https:\/\/www.radiopiu.net\/wordpress\/wp-content\/uploads\/2024\/08\/Watermark_20240824_182622_606.jpg\" data-dt-img-description=\"\" data-large_image_width=\"2364\" data-large_image_height=\"1773\"><img loading=\"lazy\" decoding=\"async\" class=\" wp-image-406726 alignleft\" src=\"https:\/\/www.radiopiu.net\/wordpress\/wp-content\/uploads\/2024\/08\/Watermark_20240824_182622_606-300x225.jpg\" alt=\"\" width=\"177\" height=\"133\" srcset=\"https:\/\/www.radiopiu.net\/wordpress\/wp-content\/uploads\/2024\/08\/Watermark_20240824_182622_606-300x225.jpg 300w, https:\/\/www.radiopiu.net\/wordpress\/wp-content\/uploads\/2024\/08\/Watermark_20240824_182622_606-1024x768.jpg 1024w, https:\/\/www.radiopiu.net\/wordpress\/wp-content\/uploads\/2024\/08\/Watermark_20240824_182622_606-768x576.jpg 768w, https:\/\/www.radiopiu.net\/wordpress\/wp-content\/uploads\/2024\/08\/Watermark_20240824_182622_606-1536x1152.jpg 1536w, https:\/\/www.radiopiu.net\/wordpress\/wp-content\/uploads\/2024\/08\/Watermark_20240824_182622_606-2048x1536.jpg 2048w\" sizes=\"auto, (max-width: 177px) 100vw, 177px\" \/><\/a>CHIES D&#8217;ALPAGO<\/strong> Attorno alle 15.20 di sabato la Centrale del 118 \u00e8 stata attivata da un testimone che aveva visto precipitare un parapendio sopra Pian Formosa. Ottenute le informazioni relative al punto, l&#8217;elicottero del Suem di Pieve di Cadore \u00e8 volato in Val di Antander dove, a met\u00e0 della salita tra Pian Formosa e il Bivacco Toffolon, perso il controllo della vela, era caduto il pilota, un 36enne di Finale Emilia (MO), che aveva riportato un sospetto trauma al bacino. Sbarcati in hovering, personale medico e tecnico del Soccorso alpino si sono presi cura dell&#8217;infortunato, che \u00e8 stato imbarellato e recuperato poi con il verricello. L&#8217;eliambulanza \u00e8 volata all&#8217;ospedale di Treviso.<\/p>\n<p>&nbsp;<\/p>\n<blockquote>\n<h3 class=\"entry-title\">SCIVOLA SUL SENTIERO E SI FRATTURA UNA CAVIGLIA<\/h3>\n<\/blockquote>\n<p><strong>COMELICO<\/strong>\u00a0Una squadra del Soccorso alpino della Val Comelico, assieme a due soccorritori della Guardia di finanza, \u00e8 intervenuta sul sentiero che scende dal Rifugio Berti, per una escursionista che, messo male il piede, aveva riportato la sospetta frattura della caviglia. La 29enne di Dolo (VE), che si trovava con il compagno e una coppia di amici, \u00e8 stata raggiunta e medicata. Caricata in barella \u00e8 stata poi trasportata al Rifugio Lunelli per essere trasferita nell\u2019ambulanza, partita in direzione dell\u2019ospedale di Pieve di Cadore.<\/p>\n<p>&nbsp;<\/p>\n<blockquote>\n<h3 class=\"entry-title\">RECUPERATA COPPIA SULLA FORCELLA MARCUOIRA<\/h3>\n<\/blockquote>\n<p>CORTINA L\u2019elicottero del Suem di Pieve di Cadore ha recuperato una coppia di turisti olandesi, sfiniti dopo aver raggiunto Forcella Marcuoira, nel Gruppo del Sorapis. I due ventenni non erano pi\u00f9 in grado di proseguire e lei era impaurita. Imbarcati dal tecnico di elisoccorso con due verricelli da 10 metri, i ragazzi sono stati lasciati al Passo Tre Croci<\/p>\n<p>&nbsp;<\/p>\n<blockquote>\n<h3>TRE INFORTUNI TRA CORTINA ED AURONZO<\/h3>\n<\/blockquote>\n<p>A Cortina, un turista tedesco di 33 anni si \u00e8 infortunato a una caviglia sulla Tofana di Rozes ed \u00e8 stato soccorso grazie alla segnalazione di un altro escursionista, venendo trasportato in ospedale con l&#8217;elicottero del Suem. Ad Auronzo, poco prima di mezzogiorno, un&#8217;escursionista austriaca di 65 anni \u00e8 stata soccorsa al Rifugio Fonda Savio dopo una caduta che le ha causato la probabile frattura di un polso, e anche lei \u00e8 stata trasportata in ospedale. A Cortina, il Soccorso Alpino ha recuperato una turista americana ferita a un piede sul sentiero verso il Sennes, allertati dal compagno che ha camminato per cercare segnale.<\/p>\n<p>&nbsp;<\/p>\n<p>&nbsp;<\/p>\n<p>&nbsp;<\/p>\n<hr \/>\n<p>&nbsp;<\/p>\n<blockquote>\n<h3>TAMPONAMENTO SULLA 203 AGORDINA DI FRONTE ALLE MINIERE DI VALLE IMPERINA<\/h3>\n<\/blockquote>\n<p><strong>LA VALLE<\/strong> Il sabato da bollino rosso sulle strade dell&#8217;Agordino inizia con un tamponamento a catena sulla SR 203 Agordina con relativo traffico congestionato. Poco dopo le 10:20, i Vigili del Fuoco permanenti di Agordo sono intervenuti in localit\u00e0 Le Campe, nel comune di La Valle Agordina, per un incidente stradale che ha coinvolto tre auto. I feriti, che hanno riportato solo lesioni lievi, sono stati trasportati al pronto soccorso di Agordo. Si tratta di un minore, una donna di 73 anni e tre uomini di 77, 61 e 29 anni. Sul posto sono intervenuti anche i Carabinieri e il personale del Suem 118. Le operazioni di soccorso si sono concluse alle ore 11:15.<\/p>\n\n\t\t\t<style type='text\/css'>\n\t\t\t\t#gallery-3 {\n\t\t\t\t\tmargin: auto;\n\t\t\t\t}\n\t\t\t\t#gallery-3 .gallery-item {\n\t\t\t\t\tfloat: left;\n\t\t\t\t\tmargin-top: 10px;\n\t\t\t\t\ttext-align: center;\n\t\t\t\t\twidth: 50%;\n\t\t\t\t}\n\t\t\t\t#gallery-3 img {\n\t\t\t\t\tborder: 2px solid #cfcfcf;\n\t\t\t\t}\n\t\t\t\t#gallery-3 .gallery-caption {\n\t\t\t\t\tmargin-left: 0;\n\t\t\t\t}\n\t\t\t\t\/* see gallery_shortcode() in wp-includes\/media.php *\/\n\t\t\t<\/style>\n\t\t<div id='gallery-3' class='dt-gallery-container gallery galleryid-406651 gallery-columns-2 gallery-size-medium'><dl class='gallery-item'>\n\t\t\t\t<dt class='gallery-icon landscape'>\n\t\t\t\t\t<a class=\"rollover rollover-zoom dt-pswp-item\" title=\"5531b540-9d21-4b52-8f15-cdc2673f78c1\" data-dt-img-description=\"\" data-large_image_width=\"2000\" data-large_image_height=\"934\"href='https:\/\/www.radiopiu.net\/wordpress\/wp-content\/uploads\/2024\/08\/5531b540-9d21-4b52-8f15-cdc2673f78c1.jpg'><img loading=\"lazy\" decoding=\"async\" width=\"300\" height=\"140\" src=\"https:\/\/www.radiopiu.net\/wordpress\/wp-content\/uploads\/2024\/08\/5531b540-9d21-4b52-8f15-cdc2673f78c1-300x140.jpg\" class=\"attachment-medium size-medium\" alt=\"\" srcset=\"https:\/\/www.radiopiu.net\/wordpress\/wp-content\/uploads\/2024\/08\/5531b540-9d21-4b52-8f15-cdc2673f78c1-300x140.jpg 300w, https:\/\/www.radiopiu.net\/wordpress\/wp-content\/uploads\/2024\/08\/5531b540-9d21-4b52-8f15-cdc2673f78c1-1024x478.jpg 1024w, https:\/\/www.radiopiu.net\/wordpress\/wp-content\/uploads\/2024\/08\/5531b540-9d21-4b52-8f15-cdc2673f78c1-768x359.jpg 768w, https:\/\/www.radiopiu.net\/wordpress\/wp-content\/uploads\/2024\/08\/5531b540-9d21-4b52-8f15-cdc2673f78c1-1536x717.jpg 1536w, https:\/\/www.radiopiu.net\/wordpress\/wp-content\/uploads\/2024\/08\/5531b540-9d21-4b52-8f15-cdc2673f78c1.jpg 2000w\" sizes=\"auto, (max-width: 300px) 100vw, 300px\" \/><\/a>\n\t\t\t\t<\/dt><\/dl><dl class='gallery-item'>\n\t\t\t\t<dt class='gallery-icon landscape'>\n\t\t\t\t\t<a class=\"rollover rollover-zoom dt-pswp-item\" title=\"c6ac3608-5f2e-4332-9d1b-c1b2bb614ba8\" data-dt-img-description=\"\" data-large_image_width=\"2000\" data-large_image_height=\"934\"href='https:\/\/www.radiopiu.net\/wordpress\/wp-content\/uploads\/2024\/08\/c6ac3608-5f2e-4332-9d1b-c1b2bb614ba8.jpg'><img loading=\"lazy\" decoding=\"async\" width=\"300\" height=\"140\" src=\"https:\/\/www.radiopiu.net\/wordpress\/wp-content\/uploads\/2024\/08\/c6ac3608-5f2e-4332-9d1b-c1b2bb614ba8-300x140.jpg\" class=\"attachment-medium size-medium\" alt=\"\" srcset=\"https:\/\/www.radiopiu.net\/wordpress\/wp-content\/uploads\/2024\/08\/c6ac3608-5f2e-4332-9d1b-c1b2bb614ba8-300x140.jpg 300w, https:\/\/www.radiopiu.net\/wordpress\/wp-content\/uploads\/2024\/08\/c6ac3608-5f2e-4332-9d1b-c1b2bb614ba8-1024x478.jpg 1024w, https:\/\/www.radiopiu.net\/wordpress\/wp-content\/uploads\/2024\/08\/c6ac3608-5f2e-4332-9d1b-c1b2bb614ba8-768x359.jpg 768w, https:\/\/www.radiopiu.net\/wordpress\/wp-content\/uploads\/2024\/08\/c6ac3608-5f2e-4332-9d1b-c1b2bb614ba8-1536x717.jpg 1536w, https:\/\/www.radiopiu.net\/wordpress\/wp-content\/uploads\/2024\/08\/c6ac3608-5f2e-4332-9d1b-c1b2bb614ba8.jpg 2000w\" sizes=\"auto, (max-width: 300px) 100vw, 300px\" \/><\/a>\n\t\t\t\t<\/dt><\/dl><br style=\"clear: both\" \/>\n\t\t\t<\/div>\n\n<p>&nbsp;<\/p>\n<hr \/>\n<p>&nbsp;<\/p>\n<blockquote>\n<h3>ANZIANO INVESTITO AD AURONZO<\/h3>\n<\/blockquote>\n<p><strong>REDAZIONE<\/strong> Una mattinata, quella di sabato, senza attimi di pausa per il personale del Suem 118 che ha lavorato incessantemente su tutta la provincia. Oltre al tamponamento alle porte di Agordo, poco prima delle 9 la centrale \u00e8 stata allertata per un incidente a Busche. Soccorse due donne, di 19 e 66 anni, che sono state portate all&#8217;ospedale di Feltre con ferite di media gravit\u00e0. Ad Auronzo un 71enne originario di Venezia \u00e8 stato investito. Prontamente assistito dal personale dell&#8217;ambulanza di Santo Stefano, l&#8217;uomo \u00e8 stato portato al nosocomio di Pieve di Cadore. Sempre ad Auronzo un uomo di 69 anni \u00e8 stato preso in cura per un malore ed elitrasportato a Belluno.<\/p>\n<blockquote>\n<h1>Scontro tra due moto<\/h1>\n<\/blockquote>\n<p><strong>LIMANA\u00a0<\/strong> \u00a0due moto si sono scontrate all&#8217;altezza di La Cal\u00a0 causando tre feriti lievi, trasportati all&#8217;ospedale Belluno. Sul posto sono intervenuti i Vigili del fuoco. D. F, 40enne di Fonzaso, insieme ad una donna 34enne, stava viaggiando sulla strada che da Feltre porta a Belluno. Arrivati in localit\u00e0 La Cal, il violento impatto: una bikers 50enne stava uscendo dal distributore di benzina: la donna avrebbe tagliato la strada per entrare nella carreggiata in direzione opposta ed \u00e8 in quel momento che \u00e8 avvenuto lo scontro .<\/p>\n<p>&nbsp;<\/p>\n<p>&nbsp;<\/p>\n<hr \/>\n<p>&nbsp;<\/p>\n<blockquote>\n<h3>MADONNA DEL COL MENADOR. ZAIA: IN MONTAGNA SI RISPETTI LA SPIRITUALITA&#8217;<\/h3>\n<\/blockquote>\n<p><a class=\"dt-pswp-item\" href=\"https:\/\/www.radiopiu.net\/wordpress\/wp-content\/uploads\/2024\/08\/Senza-nome-88.png\" data-dt-img-description=\"PRIMA DEL 5 AGOSTO\" data-large_image_width=\"486\" data-large_image_height=\"399\"><img loading=\"lazy\" decoding=\"async\" class=\"wp-image-406484 alignleft\" src=\"https:\/\/www.radiopiu.net\/wordpress\/wp-content\/uploads\/2024\/08\/Senza-nome-88-300x246.png\" alt=\"\" width=\"143\" height=\"117\" srcset=\"https:\/\/www.radiopiu.net\/wordpress\/wp-content\/uploads\/2024\/08\/Senza-nome-88-300x246.png 300w, https:\/\/www.radiopiu.net\/wordpress\/wp-content\/uploads\/2024\/08\/Senza-nome-88.png 486w\" sizes=\"auto, (max-width: 143px) 100vw, 143px\" \/><\/a><strong>VENEZIA <\/strong>Il Presidente del Veneto, Luca Zaia, ha condannato fermamente l&#8217;atto vandalico contro la statua della Madonnina sul Col Menador, definendolo un&#8217;offesa ai sentimenti religiosi e un gesto irrispettoso verso la storia e le tradizioni culturali delle comunit\u00e0 montane venete. Zaia ha sottolineato l&#8217;importanza del rispetto reciproco e ha dichiarato che le montagne, luoghi di incontro e spiritualit\u00e0, non sono deturpate da simboli religiosi, ma dai gesti provocatori che ne violano la sacralit\u00e0. Ha quindi fatto appello alla tolleranza e alla coesione sociale, chiedendo un&#8217;indagine per individuare i responsabili.<\/p>\n<p>&nbsp;<\/p>\n<p>&nbsp;<\/p>\n<hr \/>\n<p>&nbsp;<\/p>\n<blockquote>\n<h3>Chiusura della Linea Belluno-Castelfranco: To\u00ecgo (Uil Veneto) Chiede Soluzioni Immediate<\/h3>\n<\/blockquote>\n<p><strong><a class=\"dt-pswp-item\" href=\"https:\/\/www.radiopiu.net\/wordpress\/wp-content\/uploads\/2022\/11\/stazione-belluno.jpg\" data-dt-img-description=\"\" data-large_image_width=\"720\" data-large_image_height=\"540\"><img loading=\"lazy\" decoding=\"async\" class=\" wp-image-305978 alignleft\" src=\"https:\/\/www.radiopiu.net\/wordpress\/wp-content\/uploads\/2022\/11\/stazione-belluno-300x225.jpg\" alt=\"\" width=\"175\" height=\"131\" srcset=\"https:\/\/www.radiopiu.net\/wordpress\/wp-content\/uploads\/2022\/11\/stazione-belluno-300x225.jpg 300w, https:\/\/www.radiopiu.net\/wordpress\/wp-content\/uploads\/2022\/11\/stazione-belluno.jpg 720w\" sizes=\"auto, (max-width: 175px) 100vw, 175px\" \/><\/a>BELLUNO<\/strong> La chiusura della linea ferroviaria Belluno-Castelfranco fino al 7 settembre, con ulteriori interruzioni fino al 2025, sta causando forti disagi nella provincia di Belluno, che ospiter\u00e0 le Olimpiadi invernali tra meno di due anni. Roberto To\u00ecgo, segretario generale di Uil Veneto, critica la mancanza di una programmazione adeguata dei lavori, sottolineando l&#8217;impatto negativo sui pendolari e sulla viabilit\u00e0. I lavori di elettrificazione e sicurezza sono necessari, ma i ritardi e l&#8217;assenza di soluzioni alternative rendono la situazione insostenibile. To\u00ecgo sollecita un intervento urgente da parte delle autorit\u00e0 locali e regionali.<\/p>\n<p>&nbsp;<\/p>\n<p>&nbsp;<\/p>\n<hr \/>\n<p>&nbsp;<\/p>\n<blockquote>\n<h3>I MILITARI DI AVIANO FANNO VISITA A BELLUNO<\/h3>\n<\/blockquote>\n<p><strong>BELLUNO<\/strong> Il sindaco di Belluno, Oscar De Pellegrin, ha commentato con entusiasmo la visita di una delegazione della base militare di Aviano, avvenuta sabato mattina, sottolineando l&#8217;importanza di favorire la pace e costruire ponti tra comunit\u00e0 e istituzioni. Dopo l&#8217;accoglienza ricevuta lo scorso anno ad Aviano, il Sindaco ha voluto ricambiare organizzando un tour tra le piazze e le vie del centro storico di Belluno, culminato con i saluti finali al Museo Ricci di Palazzo Fulcis. Durante la visita, la delegazione, guidata dal Brig. Generale Tad Clark e dal Tenente Colonnello Riccardo Isoli, \u00e8 stata accolta in Sala Consiglio, visitando poi il centro storico e il Palazzo dei Rettori. De Pellegrin ha definito la giornata &#8220;storica&#8221;, impegnandosi a coltivare ulteriormente il dialogo instaurato con la base di Aviano.<\/p>\n\n\t\t\t<style type='text\/css'>\n\t\t\t\t#gallery-4 {\n\t\t\t\t\tmargin: auto;\n\t\t\t\t}\n\t\t\t\t#gallery-4 .gallery-item {\n\t\t\t\t\tfloat: left;\n\t\t\t\t\tmargin-top: 10px;\n\t\t\t\t\ttext-align: center;\n\t\t\t\t\twidth: 50%;\n\t\t\t\t}\n\t\t\t\t#gallery-4 img {\n\t\t\t\t\tborder: 2px solid #cfcfcf;\n\t\t\t\t}\n\t\t\t\t#gallery-4 .gallery-caption {\n\t\t\t\t\tmargin-left: 0;\n\t\t\t\t}\n\t\t\t\t\/* see gallery_shortcode() in wp-includes\/media.php *\/\n\t\t\t<\/style>\n\t\t<div id='gallery-4' class='dt-gallery-container gallery galleryid-406651 gallery-columns-2 gallery-size-medium'><dl class='gallery-item'>\n\t\t\t\t<dt class='gallery-icon landscape'>\n\t\t\t\t\t<a class=\"rollover rollover-zoom dt-pswp-item\" title=\"Screenshot\" data-dt-img-description=\"\" data-large_image_width=\"2556\" data-large_image_height=\"1922\"href='https:\/\/www.radiopiu.net\/wordpress\/wp-content\/uploads\/2024\/08\/SCR-20240824-owom.jpeg'><img loading=\"lazy\" decoding=\"async\" width=\"300\" height=\"226\" src=\"https:\/\/www.radiopiu.net\/wordpress\/wp-content\/uploads\/2024\/08\/SCR-20240824-owom-300x226.jpeg\" class=\"attachment-medium size-medium\" alt=\"\" srcset=\"https:\/\/www.radiopiu.net\/wordpress\/wp-content\/uploads\/2024\/08\/SCR-20240824-owom-300x226.jpeg 300w, https:\/\/www.radiopiu.net\/wordpress\/wp-content\/uploads\/2024\/08\/SCR-20240824-owom-1024x770.jpeg 1024w, https:\/\/www.radiopiu.net\/wordpress\/wp-content\/uploads\/2024\/08\/SCR-20240824-owom-768x578.jpeg 768w, https:\/\/www.radiopiu.net\/wordpress\/wp-content\/uploads\/2024\/08\/SCR-20240824-owom-1536x1155.jpeg 1536w, https:\/\/www.radiopiu.net\/wordpress\/wp-content\/uploads\/2024\/08\/SCR-20240824-owom-2048x1540.jpeg 2048w\" sizes=\"auto, (max-width: 300px) 100vw, 300px\" \/><\/a>\n\t\t\t\t<\/dt><\/dl><dl class='gallery-item'>\n\t\t\t\t<dt class='gallery-icon landscape'>\n\t\t\t\t\t<a class=\"rollover rollover-zoom dt-pswp-item\" title=\"Screenshot\" data-dt-img-description=\"\" data-large_image_width=\"2556\" data-large_image_height=\"1912\"href='https:\/\/www.radiopiu.net\/wordpress\/wp-content\/uploads\/2024\/08\/SCR-20240824-owrh.jpeg'><img loading=\"lazy\" decoding=\"async\" width=\"300\" height=\"224\" src=\"https:\/\/www.radiopiu.net\/wordpress\/wp-content\/uploads\/2024\/08\/SCR-20240824-owrh-300x224.jpeg\" class=\"attachment-medium size-medium\" alt=\"\" srcset=\"https:\/\/www.radiopiu.net\/wordpress\/wp-content\/uploads\/2024\/08\/SCR-20240824-owrh-300x224.jpeg 300w, https:\/\/www.radiopiu.net\/wordpress\/wp-content\/uploads\/2024\/08\/SCR-20240824-owrh-1024x766.jpeg 1024w, https:\/\/www.radiopiu.net\/wordpress\/wp-content\/uploads\/2024\/08\/SCR-20240824-owrh-768x574.jpeg 768w, https:\/\/www.radiopiu.net\/wordpress\/wp-content\/uploads\/2024\/08\/SCR-20240824-owrh-1536x1149.jpeg 1536w, https:\/\/www.radiopiu.net\/wordpress\/wp-content\/uploads\/2024\/08\/SCR-20240824-owrh-2048x1532.jpeg 2048w\" sizes=\"auto, (max-width: 300px) 100vw, 300px\" \/><\/a>\n\t\t\t\t<\/dt><\/dl><br style=\"clear: both\" \/>\n\t\t\t<\/div>\n\n<p>&nbsp;<\/p>\n<hr \/>\n<p>&nbsp;<\/p>\n<blockquote>\n<h1>Ritrovamento in Marmolada: Misteri e Verit\u00e0 Storiche sui Resti della Grande Guerra<\/h1>\n<\/blockquote>\n<p><strong>DI MIRKO MEZZACASA\u00a0<\/strong><\/p>\n<blockquote><p><em>Dopo il ritrovamento dei resti in Marmolada, sono emerse diverse ipotesi. Per fare chiarezza, abbiamo consultato Santo De Dorigo, esperto e appassionato ricercatore della Grande Guerra, che ha condiviso la sua opinione basata su fatti storici e documenti.<\/em><\/p><\/blockquote>\n<p><strong><a class=\"dt-pswp-item\" href=\"https:\/\/www.radiopiu.net\/wordpress\/wp-content\/uploads\/2024\/08\/3ec86a2c-410b-4886-9a0a-fd3d8c107f69.jpg\" data-dt-img-description=\"\" data-large_image_width=\"1204\" data-large_image_height=\"1600\"><img loading=\"lazy\" decoding=\"async\" class=\"size-medium wp-image-406823 alignleft\" src=\"https:\/\/www.radiopiu.net\/wordpress\/wp-content\/uploads\/2024\/08\/3ec86a2c-410b-4886-9a0a-fd3d8c107f69-226x300.jpg\" alt=\"\" width=\"226\" height=\"300\" srcset=\"https:\/\/www.radiopiu.net\/wordpress\/wp-content\/uploads\/2024\/08\/3ec86a2c-410b-4886-9a0a-fd3d8c107f69-226x300.jpg 226w, https:\/\/www.radiopiu.net\/wordpress\/wp-content\/uploads\/2024\/08\/3ec86a2c-410b-4886-9a0a-fd3d8c107f69-771x1024.jpg 771w, https:\/\/www.radiopiu.net\/wordpress\/wp-content\/uploads\/2024\/08\/3ec86a2c-410b-4886-9a0a-fd3d8c107f69-768x1021.jpg 768w, https:\/\/www.radiopiu.net\/wordpress\/wp-content\/uploads\/2024\/08\/3ec86a2c-410b-4886-9a0a-fd3d8c107f69-1156x1536.jpg 1156w, https:\/\/www.radiopiu.net\/wordpress\/wp-content\/uploads\/2024\/08\/3ec86a2c-410b-4886-9a0a-fd3d8c107f69.jpg 1204w\" sizes=\"auto, (max-width: 226px) 100vw, 226px\" \/><\/a>ROCCA PIETORE <\/strong>Dopo il ritrovamento dei giorni scorsi in Marmolada, abbiamo letto e ascoltato molte versioni. Diverse opinioni sono state espresse, anche sui social. Per fare un po&#8217; di ordine, abbiamo pensato di sentire un parere importante: quello di Santo De Dorigo, addetto al Museo della Marmolada a oltre 3000 metri di quota. Appassionato da sempre e ricercatore delle vicende della Grande Guerra da oltre vent&#8217;anni, \u00e8 anche socio della Societ\u00e0 Storica per la Guerra Bianca. <em>&#8220;Per fare ordine,&#8221; dice Santo, &#8220;ma anche per rispetto dei Caduti, per preservare la memoria della Guerra in Marmolada.&#8221; <\/em>Parlare con Santo \u00e8 sempre un piacere: si respira la sua passione e la sua conoscenza, basata su fatti, dati storici e soprattutto fonti note. Nei giorni del recupero dei resti in Marmolada, Santo De Dorigo non era presente, quindi non entra nel merito dell&#8217;operazione, ma presenta delle tesi importanti. Gli abbiamo chiesto cosa pensa delle ipotesi degli ultimi giorni riguardo alla Brigata Como e ad altre unit\u00e0. <em>&#8220;Mi sento di affermare che la Brigata Como non sia mai stata in Marmolada, nemmeno con unit\u00e0 piccole. N\u00e9 in Marmolada, n\u00e9 sul Col di Lana o sul Sief. Non vi \u00e8 alcun documento in merito.&#8221; (FOTO , tratta da Ghiaccio Rovente, archivio Schiavoni Pellegrinon)<\/em><\/p>\n<div class=\"flex max-w-full flex-col flex-grow\">\n<div class=\"min-h-[20px] text-message flex w-full flex-col items-end gap-2 whitespace-pre-wrap break-words [.text-message+&amp;]:mt-5 overflow-x-auto\" dir=\"auto\" data-message-author-role=\"assistant\" data-message-id=\"8e95cebe-1693-42d6-8231-13fde02d34f6\">\n<div class=\"flex w-full flex-col gap-1 empty:hidden first:pt-[3px]\">\n<div class=\"markdown prose w-full break-words dark:prose-invert dark\">\n<p><strong>Come si spiega allora il colore blu della mostrina?<\/strong><\/p>\n<p><em>&#8220;Potrebbe essere imputabile a qualche fante che, dalla Brigata Como, nel settembre del 1917, sia entrato a far parte del 6\u00b0 reparto d&#8217;assalto appena costituito a Caprile di Alleghe. Forse qualche piccola aliquota di arditi potrebbe essere arrivata in Marmolada a Forcella V, ma nulla di questo \u00e8 documentato. Mi sembra comunque strano che manchi la fiamma nera, elemento distintivo del reparto d&#8217;assalto; sembra impossibile che abbiano mantenuto il colore blu della mostrina senza la fiamma nera, elemento, come detto, distintivo.&#8221;<\/em><\/p>\n<p><strong>Riguardo al colore blu delle mostrine o bianco, cosa pensa dell&#8217;ipotesi fatta sui social della Brigata Marche della divisione di Fanteria? La decima divisione di fanteria, di cui faceva parte la Marche, era presente a Monte Piana, dove ha combattuto valorosamente.<\/strong><\/p>\n<p><em>&#8220;Escludo nel modo pi\u00f9 assoluto che fossero in Marmolada nei primi mesi di guerra e che ci siano stati scontri con morti o feriti. Non risulta da alcuna documentazione. Nessuna traccia, quindi, della presenza della Brigata Marche, che si trasfer\u00ec gi\u00e0 ad ottobre 1915 sul fronte isontino.&#8221;<\/em><\/p>\n<p><strong>E in merito alla Brigata Parma?<\/strong><\/p>\n<p><em>&#8220;S\u00ec, ho sentito che si \u00e8 accennato anche a questa. Forse qualche elemento \u00e8 stato inviato, ma sul Passo Ombrettola, quando la prima divisione di Fanteria (brigate Parma e Basilicata) era sul Col di Lana e in Val del Biois nell&#8217;autunno 1915. \u00c8 un arrampicarsi sugli specchi pensare ad elementi della Parma. In quel periodo, chi pattugliava il ghiacciaio in maniera alpinistica e con grandi capacit\u00e0 tecniche era piuttosto il Plotone Autonomo del Settimo Alpini.&#8221;<\/em><\/p>\n<p><strong>Con Santo De Dorigo proviamo a tornare di nuovo sul tema delle mostrine.<\/strong><\/p>\n<p><em>&#8220;Dalle foto che ho visto anche sui social, mi sono fatto un&#8217;opinione: quel colore blu copre solo parte della mostrina, non tutta, invade altre aree di tessuto e copre la stelletta modello 1902 da truppa. Sono quindi dell&#8217;idea che quella sia una semplice macchia; sono passati pi\u00f9 di 100 anni da allora. Potrebbe essere stata una matita copiativa che si \u00e8 sciolta, producendo le macchie, una delle tante ipotesi.&#8221;<\/em><\/p>\n<p><strong><a class=\"dt-pswp-item\" href=\"https:\/\/www.radiopiu.net\/wordpress\/wp-content\/uploads\/2024\/08\/file.jpg\" data-dt-img-description=\"\" data-large_image_width=\"640\" data-large_image_height=\"640\"><img loading=\"lazy\" decoding=\"async\" class=\"size-medium wp-image-406825 alignright\" src=\"https:\/\/www.radiopiu.net\/wordpress\/wp-content\/uploads\/2024\/08\/file-300x300.jpg\" alt=\"\" width=\"300\" height=\"300\" srcset=\"https:\/\/www.radiopiu.net\/wordpress\/wp-content\/uploads\/2024\/08\/file-300x300.jpg 300w, https:\/\/www.radiopiu.net\/wordpress\/wp-content\/uploads\/2024\/08\/file-150x150.jpg 150w, https:\/\/www.radiopiu.net\/wordpress\/wp-content\/uploads\/2024\/08\/file.jpg 640w\" sizes=\"auto, (max-width: 300px) 100vw, 300px\" \/><\/a>Cosa bisogna guardare, quindi?<\/strong><\/p>\n<p><em>&#8220;Quello che c&#8217;\u00e8 sotto il blu. Per quanto sbiadito, si vede il verde: quello della Brigata Alpi, protagonista con i suoi fanti, con i suoi soldati, di tutte le vicende di guerra in Marmolada e sul Col di Lana, soprattutto sul ghiacciaio. Quindi, per me, le mostrine sono verdi&#8230; macchiate di blu. In ogni modo, mi risulta siano state ritrovate le mostrine di un fante, non di due. A rigore, possiamo parlare di un Caduto appartenente a quella Brigata.&#8221;<\/em><\/p>\n<p><strong>Ammesso quindi che fosse un fante (se non due), anche in riferimento alla documentazione bibliografica, ai diari storici e ai testi sulla guerra in Marmolada, cominciamo a ragionare sulla Brigata Alpi.<\/strong><\/p>\n<p><em>&#8220;Il sito del ritrovamento \u00e8 in fondo alla lingua di ghiaccio, ma non \u00e8 il sito di morte. I corpi sono scesi con la colata di ghiaccio, uno spostamento di almeno un chilometro. Escludo che il sito di ritrovamento fosse quello della morte. Gli scontri sono infatti avvenuti attorno a Forcella V. La Brigata Alpi non ha contato molti morti, alcune decine non di pi\u00f9; non si parla di luoghi con migliaia di caduti come il Col di Lana. Con una ricerca sugli archivi, incrociata con il controllo degli elenchi dei soldati sepolti ai Sacrari di Pocol, di Pian di Salesei e di Trento, \u00e8 possibile impostare un database con una griglia di nomi di caduti non recuperati, utile in caso di ritrovamento. Tra questi, quello del Tenente Rosso, dei suoi fanti scomparsi a seguito della mina del 26 settembre 1917 e alcune decine di caduti tra giugno e luglio 1916.&#8221; <\/em>(FOTO SANTO DE DORIGO)<\/p>\n<p><strong>Ribadisce quindi la tesi che i resti possano appartenere a quei fanti?<\/strong><\/p>\n<p><em>&#8220;La mia tesi ribadisce questo: che i due soldati siano fanti della Brigata Alpi, caduti nella notte tra il 17 e 18 giugno 1916 durante l&#8217;attacco alla Forcella a Vu e durante le azioni di inizio luglio nella stessa zona, episodi ben descritti nei testi noti.&#8221;<\/em><\/p>\n<p><strong><a class=\"dt-pswp-item\" href=\"https:\/\/www.radiopiu.net\/wordpress\/wp-content\/uploads\/2024\/08\/21742232-d5c8-4395-99fd-0d5bdbe840f7.jpg\" data-dt-img-description=\"\" data-large_image_width=\"1204\" data-large_image_height=\"1600\"><img loading=\"lazy\" decoding=\"async\" class=\"size-medium wp-image-406822 alignleft\" src=\"https:\/\/www.radiopiu.net\/wordpress\/wp-content\/uploads\/2024\/08\/21742232-d5c8-4395-99fd-0d5bdbe840f7-226x300.jpg\" alt=\"\" width=\"226\" height=\"300\" srcset=\"https:\/\/www.radiopiu.net\/wordpress\/wp-content\/uploads\/2024\/08\/21742232-d5c8-4395-99fd-0d5bdbe840f7-226x300.jpg 226w, https:\/\/www.radiopiu.net\/wordpress\/wp-content\/uploads\/2024\/08\/21742232-d5c8-4395-99fd-0d5bdbe840f7-771x1024.jpg 771w, https:\/\/www.radiopiu.net\/wordpress\/wp-content\/uploads\/2024\/08\/21742232-d5c8-4395-99fd-0d5bdbe840f7-768x1021.jpg 768w, https:\/\/www.radiopiu.net\/wordpress\/wp-content\/uploads\/2024\/08\/21742232-d5c8-4395-99fd-0d5bdbe840f7-1156x1536.jpg 1156w, https:\/\/www.radiopiu.net\/wordpress\/wp-content\/uploads\/2024\/08\/21742232-d5c8-4395-99fd-0d5bdbe840f7.jpg 1204w\" sizes=\"auto, (max-width: 226px) 100vw, 226px\" \/><\/a>Ha accennato a un database, di cosa si tratta?<\/strong><\/p>\n<p><em>&#8220;Ho creato un elenco con dati anagrafici dei caduti, paese d&#8217;origine, reparto, cause della morte, luogo di sepoltura, eventuali decorazioni e altre note. Le fonti sono tutte le pubblicazioni della Grande Guerra nel settore Marmolada, gli Albi d&#8217;Oro, gli atti di morte e i ruoli matricolari con dati fisici (torace, altezza, dentatura). Dati importanti per una successiva identificazione.&#8221;<\/em><\/p>\n<p><strong>Tornando alle azioni del giugno-luglio 1916, cosa riporta il database?<\/strong><\/p>\n<p><em>&#8220;Dal 18 giugno al 4 luglio 1916 figurano una decina di fanti non recuperati, due ufficiali, un sergente medaglia d&#8217;argento e due alpini. Essi possono essere stati recuperati e sepolti come caduti ignoti, anche dagli austriaci, ma potrebbero essere ancora nel ghiacciaio.&#8221;<\/em><\/p>\n<p><em>Come definisce questo ritrovamento?<\/em><\/p>\n<p><em>&#8220;Assolutamente straordinario. Il sogno rimane quello di poter affiancare un nome a queste salme. Sarebbe un risultato di alto valore che darebbe lustro alla Marmolada, al territorio e soprattutto al valore dei soldati, che erano uomini dai 20 ai 30 anni, confrontatisi con coraggio e valore, spesso senza aver mai visto prima un ghiacciaio o le Dolomiti. Per parte mia, sono a completa disposizione per collaborare nelle ricerche per tentare l&#8217;identificazione dei Caduti&#8221;. <\/em><\/p>\n<p>(FOTO, Legenda: 1 Forcella a Vu 2 crepacci terminali 3 Forcella Serauta , cerchio rosso possibile zona morte soldati trattini verdi linea austriaca( la trincea camminamento si intravede sopra i tratti verdi , frecce blu direttrice attacchi italiani ; freccia gialla ipotetica linea trascinamento dei corpi per il movimento del ghiacciaio<\/p>\n<\/div>\n<\/div>\n<\/div>\n<\/div>\n<div class=\"mt-1 flex gap-3 empty:hidden -ml-2\">\n<div class=\"items-center justify-start rounded-xl p-1 flex\">\n<div class=\"flex items-center\"><\/div>\n<\/div>\n<\/div>\n<p>&nbsp;<\/p>\n<hr \/>\n<p>&nbsp;<\/p>\n<h2><span style=\"color: #ff0000;\">CONSIGLI COMUNALI IN AGORDINO<\/span><\/h2>\n<p><strong>SAN TOMASO<\/strong> Consiglio comunale convocato per mercoled\u00ec alle 20. Oltre alla lettura e approvazione dei verbali della seduta precedente, si discuter\u00e0 una variazione urgente al bilancio 2024\/26.<\/p>\n<p>&nbsp;<\/p>\n<p>&nbsp;<\/p>\n<hr \/>\n<p>&nbsp;<\/p>\n<blockquote>\n<h2>EMOZIONI E AVVENTURE IN VALLE IMPERINA, IL SINDACO &#8220;MOLTO BENE, UNA GRANDE PRESENZA&#8221;<\/h2>\n<\/blockquote>\n<p>&nbsp;<\/p>\n<p><strong>di MARINA DONA&#8217;<\/strong><\/p>\n<audio class=\"wp-audio-shortcode\" id=\"audio-406651-6\" preload=\"none\" style=\"width: 100%;\" controls=\"controls\"><source type=\"audio\/mpeg\" src=\"https:\/\/www.radiopiu.net\/wordpress\/wp-content\/uploads\/2024\/08\/SERVIZIO-VALLE-IMPERINA-UNA-MINIERA-DDI-EMOZIONI-24-25-AGOSTO-24-INTERVISTE.mp3?_=6\" \/><a href=\"https:\/\/www.radiopiu.net\/wordpress\/wp-content\/uploads\/2024\/08\/SERVIZIO-VALLE-IMPERINA-UNA-MINIERA-DDI-EMOZIONI-24-25-AGOSTO-24-INTERVISTE.mp3\">https:\/\/www.radiopiu.net\/wordpress\/wp-content\/uploads\/2024\/08\/SERVIZIO-VALLE-IMPERINA-UNA-MINIERA-DDI-EMOZIONI-24-25-AGOSTO-24-INTERVISTE.mp3<\/a><\/audio>\n<p>&nbsp;<\/p>\n<p>&nbsp;<\/p>\n<blockquote>\n<h3>LA RINASCITA DI VALLE IMPERINA&#8230;LA DUE GIORNI DI FESTA!<\/h3>\n<\/blockquote>\n<p><strong>Sabato sera in Valle Imperina&#8230; con i TIRATAIE<\/strong><\/p>\n\n\t\t\t<style type='text\/css'>\n\t\t\t\t#gallery-5 {\n\t\t\t\t\tmargin: auto;\n\t\t\t\t}\n\t\t\t\t#gallery-5 .gallery-item {\n\t\t\t\t\tfloat: left;\n\t\t\t\t\tmargin-top: 10px;\n\t\t\t\t\ttext-align: center;\n\t\t\t\t\twidth: 33%;\n\t\t\t\t}\n\t\t\t\t#gallery-5 img {\n\t\t\t\t\tborder: 2px solid #cfcfcf;\n\t\t\t\t}\n\t\t\t\t#gallery-5 .gallery-caption {\n\t\t\t\t\tmargin-left: 0;\n\t\t\t\t}\n\t\t\t\t\/* see gallery_shortcode() in wp-includes\/media.php *\/\n\t\t\t<\/style>\n\t\t<div id='gallery-5' class='dt-gallery-container gallery galleryid-406651 gallery-columns-3 gallery-size-thumbnail'><dl class='gallery-item'>\n\t\t\t\t<dt class='gallery-icon landscape'>\n\t\t\t\t\t<a class=\"rollover rollover-zoom dt-pswp-item\" title=\"6baf73f6-c681-4dbb-89f3-c1f5857e8fbd\" data-dt-img-description=\"\" data-large_image_width=\"1600\" data-large_image_height=\"1200\"href='https:\/\/www.radiopiu.net\/wordpress\/wp-content\/uploads\/2024\/08\/6baf73f6-c681-4dbb-89f3-c1f5857e8fbd.jpg'><img loading=\"lazy\" decoding=\"async\" width=\"150\" height=\"150\" src=\"https:\/\/www.radiopiu.net\/wordpress\/wp-content\/uploads\/2024\/08\/6baf73f6-c681-4dbb-89f3-c1f5857e8fbd-150x150.jpg\" class=\"attachment-thumbnail size-thumbnail\" alt=\"\" \/><\/a>\n\t\t\t\t<\/dt><\/dl><dl class='gallery-item'>\n\t\t\t\t<dt class='gallery-icon landscape'>\n\t\t\t\t\t<a class=\"rollover rollover-zoom dt-pswp-item\" title=\"8560191c-9ae0-45e1-a4bb-fc4663b46713\" data-dt-img-description=\"\" data-large_image_width=\"1600\" data-large_image_height=\"1200\"href='https:\/\/www.radiopiu.net\/wordpress\/wp-content\/uploads\/2024\/08\/8560191c-9ae0-45e1-a4bb-fc4663b46713.jpg'><img loading=\"lazy\" decoding=\"async\" width=\"150\" height=\"150\" src=\"https:\/\/www.radiopiu.net\/wordpress\/wp-content\/uploads\/2024\/08\/8560191c-9ae0-45e1-a4bb-fc4663b46713-150x150.jpg\" class=\"attachment-thumbnail size-thumbnail\" alt=\"\" \/><\/a>\n\t\t\t\t<\/dt><\/dl><dl class='gallery-item'>\n\t\t\t\t<dt class='gallery-icon landscape'>\n\t\t\t\t\t<a class=\"rollover rollover-zoom dt-pswp-item\" title=\"5b94f634-d80c-45b8-ab70-53a7fecf7f5d\" data-dt-img-description=\"\" data-large_image_width=\"1600\" data-large_image_height=\"1200\"href='https:\/\/www.radiopiu.net\/wordpress\/wp-content\/uploads\/2024\/08\/5b94f634-d80c-45b8-ab70-53a7fecf7f5d.jpg'><img loading=\"lazy\" decoding=\"async\" width=\"150\" height=\"150\" src=\"https:\/\/www.radiopiu.net\/wordpress\/wp-content\/uploads\/2024\/08\/5b94f634-d80c-45b8-ab70-53a7fecf7f5d-150x150.jpg\" class=\"attachment-thumbnail size-thumbnail\" alt=\"\" \/><\/a>\n\t\t\t\t<\/dt><\/dl><br style=\"clear: both\" \/>\n\t\t\t<\/div>\n\n<p>&nbsp;<\/p>\n<p><strong>RIVAMONTE<\/strong> Secondo giorno di festa in Valle Imperina, visite guidate, la mostra delle radio RISUONA (con ingresso gratuito e libero a tutti), riscoprendo la storia, e tradizioni. Una miniera di Emozioni, ci siamo! Il fascino del passato con una visita al\u00a0 Centro Minerario\u00a0 \u00a0visite guidate in Miniera**\u00a0 Laboratori bambini** **Panini** con pastim, w\u00fcrstel e cotoletta e gustose specialit\u00e0 locali. **Mercatini** con prodotti artigianali e tipici,\u00a0 **Cavalli** Battesimo della della e giri cavallo per bambini Un\u2019occasione unica per grandi e piccini di immergersi nella storia e vivere un\u2019esperienza indimenticabile!<\/p>\n<div class=\"x11i5rnm xat24cr x1mh8g0r x1vvkbs xtlvy1s x126k92a\">\n<div dir=\"auto\"><\/div>\n<\/div>\n\n\t\t\t<style type='text\/css'>\n\t\t\t\t#gallery-6 {\n\t\t\t\t\tmargin: auto;\n\t\t\t\t}\n\t\t\t\t#gallery-6 .gallery-item {\n\t\t\t\t\tfloat: left;\n\t\t\t\t\tmargin-top: 10px;\n\t\t\t\t\ttext-align: center;\n\t\t\t\t\twidth: 25%;\n\t\t\t\t}\n\t\t\t\t#gallery-6 img {\n\t\t\t\t\tborder: 2px solid #cfcfcf;\n\t\t\t\t}\n\t\t\t\t#gallery-6 .gallery-caption {\n\t\t\t\t\tmargin-left: 0;\n\t\t\t\t}\n\t\t\t\t\/* see gallery_shortcode() in wp-includes\/media.php *\/\n\t\t\t<\/style>\n\t\t<div id='gallery-6' class='dt-gallery-container gallery galleryid-406651 gallery-columns-4 gallery-size-thumbnail'><dl class='gallery-item'>\n\t\t\t\t<dt class='gallery-icon portrait'>\n\t\t\t\t\t<a class=\"rollover rollover-zoom dt-pswp-item\" title=\"456861161_122134580558305403_3557581782901480967_n\" data-dt-img-description=\"\" data-large_image_width=\"480\" data-large_image_height=\"600\"href='https:\/\/www.radiopiu.net\/wordpress\/wp-content\/uploads\/2024\/08\/456861161_122134580558305403_3557581782901480967_n.jpg'><img loading=\"lazy\" decoding=\"async\" width=\"150\" height=\"150\" src=\"https:\/\/www.radiopiu.net\/wordpress\/wp-content\/uploads\/2024\/08\/456861161_122134580558305403_3557581782901480967_n-150x150.jpg\" class=\"attachment-thumbnail size-thumbnail\" alt=\"\" \/><\/a>\n\t\t\t\t<\/dt><\/dl><dl class='gallery-item'>\n\t\t\t\t<dt class='gallery-icon portrait'>\n\t\t\t\t\t<a class=\"rollover rollover-zoom dt-pswp-item\" title=\"456614396_122134580552305403_2277588378154121149_n\" data-dt-img-description=\"\" data-large_image_width=\"480\" data-large_image_height=\"600\"href='https:\/\/www.radiopiu.net\/wordpress\/wp-content\/uploads\/2024\/08\/456614396_122134580552305403_2277588378154121149_n.jpg'><img loading=\"lazy\" decoding=\"async\" width=\"150\" height=\"150\" src=\"https:\/\/www.radiopiu.net\/wordpress\/wp-content\/uploads\/2024\/08\/456614396_122134580552305403_2277588378154121149_n-150x150.jpg\" class=\"attachment-thumbnail size-thumbnail\" alt=\"\" \/><\/a>\n\t\t\t\t<\/dt><\/dl><dl class='gallery-item'>\n\t\t\t\t<dt class='gallery-icon portrait'>\n\t\t\t\t\t<a class=\"rollover rollover-zoom dt-pswp-item\" title=\"456909485_122134580504305403_5510058755018533114_n\" data-dt-img-description=\"\" data-large_image_width=\"480\" data-large_image_height=\"600\"href='https:\/\/www.radiopiu.net\/wordpress\/wp-content\/uploads\/2024\/08\/456909485_122134580504305403_5510058755018533114_n.jpg'><img loading=\"lazy\" decoding=\"async\" width=\"150\" height=\"150\" src=\"https:\/\/www.radiopiu.net\/wordpress\/wp-content\/uploads\/2024\/08\/456909485_122134580504305403_5510058755018533114_n-150x150.jpg\" class=\"attachment-thumbnail size-thumbnail\" alt=\"\" \/><\/a>\n\t\t\t\t<\/dt><\/dl><dl class='gallery-item'>\n\t\t\t\t<dt class='gallery-icon portrait'>\n\t\t\t\t\t<a class=\"rollover rollover-zoom dt-pswp-item\" title=\"456969961_122134580510305403_7498941124896202124_n\" data-dt-img-description=\"\" data-large_image_width=\"480\" data-large_image_height=\"600\"href='https:\/\/www.radiopiu.net\/wordpress\/wp-content\/uploads\/2024\/08\/456969961_122134580510305403_7498941124896202124_n.jpg'><img loading=\"lazy\" decoding=\"async\" width=\"150\" height=\"150\" src=\"https:\/\/www.radiopiu.net\/wordpress\/wp-content\/uploads\/2024\/08\/456969961_122134580510305403_7498941124896202124_n-150x150.jpg\" class=\"attachment-thumbnail size-thumbnail\" alt=\"\" \/><\/a>\n\t\t\t\t<\/dt><\/dl><br style=\"clear: both\" \/>\n\t\t\t<\/div>\n\n<p>&nbsp;<\/p>\n<hr \/>\n<p>&nbsp;<\/p>\n<blockquote>\n<h3>AUGURI GIUSTINA&#8230;.MOLTIPLICATI PER 103<\/h3>\n<\/blockquote>\n<p><strong><a class=\"dt-pswp-item\" href=\"https:\/\/www.radiopiu.net\/wordpress\/wp-content\/uploads\/2022\/08\/8deac097-d52d-4d2c-b0c5-40177ae2aebc.jpg\" data-dt-img-description=\"\" data-large_image_width=\"591\" data-large_image_height=\"1024\"><img loading=\"lazy\" decoding=\"async\" class=\"wp-image-294533 alignleft\" src=\"https:\/\/www.radiopiu.net\/wordpress\/wp-content\/uploads\/2022\/08\/8deac097-d52d-4d2c-b0c5-40177ae2aebc.jpg\" alt=\"\" width=\"181\" height=\"313\" srcset=\"https:\/\/www.radiopiu.net\/wordpress\/wp-content\/uploads\/2022\/08\/8deac097-d52d-4d2c-b0c5-40177ae2aebc.jpg 591w, https:\/\/www.radiopiu.net\/wordpress\/wp-content\/uploads\/2022\/08\/8deac097-d52d-4d2c-b0c5-40177ae2aebc-173x300.jpg 173w\" sizes=\"auto, (max-width: 181px) 100vw, 181px\" \/><\/a><\/strong><\/p>\n<p>&nbsp;<\/p>\n<p>&nbsp;<\/p>\n<p><strong>ALLEGHE<\/strong>\u00a0 A Sala di Alleghe oggi la torta di compleanno \u00e8 di quelle gustose, 103 anni d&#8217;amore. Cara Giustina, tanti auguri di cuore da una vallata intera. Tanti auguri Pi\u00f9 a\u00a0 Giustina Salamon, dalle figlie Nerina e Alba, dai nipoti Igor, Amos, Massimiliano e Stefano, dai\u00a0 pronipoti Genny, Alberto, Natasha, Alan, Justin, Julian, Desir\u00e9e, Mery, Alessandro, Sara, Letizia, Lavinia, Leonie, e\u00a0 dai bis-bis nipote Ethan, Ilay.<\/p>\n<p>&nbsp;<\/p>\n<p>&nbsp;<\/p>\n<p>&nbsp;<\/p>\n<p>&nbsp;<\/p>\n<p><strong>GLI AUGURI ALLA RADIO 2024 E DEL SINDACO DANILO DE TONI<\/strong><\/p>\n<audio class=\"wp-audio-shortcode\" id=\"audio-406651-7\" preload=\"none\" style=\"width: 100%;\" controls=\"controls\"><source type=\"audio\/mpeg\" src=\"https:\/\/www.radiopiu.net\/wordpress\/wp-content\/uploads\/2024\/08\/AUGURI-GIUSTINA.mp3?_=7\" \/><a href=\"https:\/\/www.radiopiu.net\/wordpress\/wp-content\/uploads\/2024\/08\/AUGURI-GIUSTINA.mp3\">https:\/\/www.radiopiu.net\/wordpress\/wp-content\/uploads\/2024\/08\/AUGURI-GIUSTINA.mp3<\/a><\/audio>\n<p>&nbsp;<\/p>\n<p><a class=\"dt-pswp-item\" href=\"https:\/\/www.radiopiu.net\/wordpress\/wp-content\/uploads\/2024\/08\/7ef761e4-81bc-4f10-9323-2b77b131d4d0.jpg\" data-dt-img-description=\"\" data-large_image_width=\"2000\" data-large_image_height=\"1128\"><img loading=\"lazy\" decoding=\"async\" class=\"alignnone wp-image-406765 size-large\" src=\"https:\/\/www.radiopiu.net\/wordpress\/wp-content\/uploads\/2024\/08\/7ef761e4-81bc-4f10-9323-2b77b131d4d0-1024x578.jpg\" alt=\"\" width=\"1024\" height=\"578\" srcset=\"https:\/\/www.radiopiu.net\/wordpress\/wp-content\/uploads\/2024\/08\/7ef761e4-81bc-4f10-9323-2b77b131d4d0-1024x578.jpg 1024w, https:\/\/www.radiopiu.net\/wordpress\/wp-content\/uploads\/2024\/08\/7ef761e4-81bc-4f10-9323-2b77b131d4d0-300x169.jpg 300w, https:\/\/www.radiopiu.net\/wordpress\/wp-content\/uploads\/2024\/08\/7ef761e4-81bc-4f10-9323-2b77b131d4d0-768x433.jpg 768w, https:\/\/www.radiopiu.net\/wordpress\/wp-content\/uploads\/2024\/08\/7ef761e4-81bc-4f10-9323-2b77b131d4d0-1536x866.jpg 1536w, https:\/\/www.radiopiu.net\/wordpress\/wp-content\/uploads\/2024\/08\/7ef761e4-81bc-4f10-9323-2b77b131d4d0.jpg 2000w\" sizes=\"auto, (max-width: 1024px) 100vw, 1024px\" \/><\/a><\/p>\n<p>&nbsp;<\/p>\n<p>&nbsp;<\/p>\n<hr \/>\n<p>&nbsp;<\/p>\n<p>&nbsp;<\/p>\n<blockquote>\n<h3>IL RITROVO DEI COSCRITTI DEL &#8217;52 DI LA VALLE<\/h3>\n<\/blockquote>\n<p><strong>LA VALLE<\/strong> Venerd\u00ec sera i coscritti del &#8217;52 di La Valle Agordina si sono ritrovati per il loro consueto incontro annuale presso la pizzeria Agordina. Tra una gustosa pizza e piacevoli conversazioni, hanno apprezzato la reciproca compagnia, condividendo ricordi di persone, aneddoti e momenti vissuti insieme. Purtroppo, alcuni non hanno potuto partecipare a causa di impegni personali. Al momento dei saluti, il gruppo si \u00e8 augurato di continuare a vivere una quotidianit\u00e0 serena e si \u00e8 dato appuntamento al prossimo anno, ringraziando le attente organizzatrici per il loro impegno.<\/p>\n<p><a class=\"dt-pswp-item\" href=\"https:\/\/www.radiopiu.net\/wordpress\/wp-content\/uploads\/2024\/08\/14c555ca-2551-4211-9a9e-91229d50a41e.jpg\" data-dt-img-description=\"\" data-large_image_width=\"1402\" data-large_image_height=\"688\"><img loading=\"lazy\" decoding=\"async\" class=\"alignnone wp-image-406641 size-large\" src=\"https:\/\/www.radiopiu.net\/wordpress\/wp-content\/uploads\/2024\/08\/14c555ca-2551-4211-9a9e-91229d50a41e-1024x503.jpg\" alt=\"\" width=\"1024\" height=\"503\" srcset=\"https:\/\/www.radiopiu.net\/wordpress\/wp-content\/uploads\/2024\/08\/14c555ca-2551-4211-9a9e-91229d50a41e-1024x503.jpg 1024w, https:\/\/www.radiopiu.net\/wordpress\/wp-content\/uploads\/2024\/08\/14c555ca-2551-4211-9a9e-91229d50a41e-300x147.jpg 300w, https:\/\/www.radiopiu.net\/wordpress\/wp-content\/uploads\/2024\/08\/14c555ca-2551-4211-9a9e-91229d50a41e-768x377.jpg 768w, https:\/\/www.radiopiu.net\/wordpress\/wp-content\/uploads\/2024\/08\/14c555ca-2551-4211-9a9e-91229d50a41e.jpg 1402w\" sizes=\"auto, (max-width: 1024px) 100vw, 1024px\" \/><\/a><\/p>\n<p>&nbsp;<\/p>\n<hr \/>\n<p>&nbsp;<\/p>\n<blockquote>\n<h3>LA SANTA MESSA A CANALE D&#8217;AGORDO PER IL 46ESIMO ANNIVERSARIO DELL&#8217;ELEZIONE A PONTEFICE DI PAPA LUCIANI<\/h3>\n<\/blockquote>\n<p><strong><a class=\"dt-pswp-item\" href=\"https:\/\/www.radiopiu.net\/wordpress\/wp-content\/uploads\/2024\/08\/Canale-dAgordo-scaled.jpg\" data-dt-img-description=\"\" data-large_image_width=\"2560\" data-large_image_height=\"1707\"><img loading=\"lazy\" decoding=\"async\" class=\" wp-image-406763 alignleft\" src=\"https:\/\/www.radiopiu.net\/wordpress\/wp-content\/uploads\/2024\/08\/Canale-dAgordo-300x200.jpg\" alt=\"\" width=\"186\" height=\"124\" srcset=\"https:\/\/www.radiopiu.net\/wordpress\/wp-content\/uploads\/2024\/08\/Canale-dAgordo-300x200.jpg 300w, https:\/\/www.radiopiu.net\/wordpress\/wp-content\/uploads\/2024\/08\/Canale-dAgordo-1024x683.jpg 1024w, https:\/\/www.radiopiu.net\/wordpress\/wp-content\/uploads\/2024\/08\/Canale-dAgordo-768x512.jpg 768w, https:\/\/www.radiopiu.net\/wordpress\/wp-content\/uploads\/2024\/08\/Canale-dAgordo-1536x1024.jpg 1536w, https:\/\/www.radiopiu.net\/wordpress\/wp-content\/uploads\/2024\/08\/Canale-dAgordo-2048x1366.jpg 2048w\" sizes=\"auto, (max-width: 186px) 100vw, 186px\" \/><\/a>CANALE D&#8217;AGORDO<\/strong> Il 26 agosto \u00e8 dedicato al ricordo di Albino Luciani, eletto Papa Giovanni Paolo I, con una messa a Canale d&#8217;Agordo per il 46\u00b0 anniversario della sua elezione. La celebrazione, presieduta dal Vescovo Renato Marangoni, sar\u00e0 accompagnata dal Coro Diocesano e si terr\u00e0 in piazza Papa Luciani oggi alle 16:30. Marangoni ha sottolineato l&#8217;umilt\u00e0 che ha caratterizzato la vita di Luciani. Lo stesso giorno ricorre il 45\u00b0 anniversario della visita di Papa Giovanni Paolo II a Canale d\u2019Agordo e alla Marmolada. Sar\u00e0 celebrata una messa alla Grotta della Madonna sempre oggi ma alle 10:30.<\/p>\n<p>&nbsp;<\/p>\n<blockquote>\n<h3>OGGI LA SANTA MESSA A CANALE D&#8217;AGORDO<\/h3>\n<\/blockquote>\n<p><strong>CANALE D&#8217;AGORDO<\/strong> Oggi si terr\u00e0 a Canale d\u2019Agordo una cerimonia per il 46\u00b0 anniversario dell&#8217;elezione a Pontefice di Papa Luciani, con una S. Messa in piazza. Per garantire sicurezza e ordine pubblico, sar\u00e0 vietato il transito e il parcheggio in alcune zone dalle 16:00 alle 18:00 e sar\u00e0 sospesa la circolazione in tutto il centro abitato. Il divieto di parcheggio sar\u00e0 in vigore dalle 13:00 alle 19:00 nelle piazze Papa Luciani e S. Serafini.<\/p>\n<p>&nbsp;<\/p>\n<p>&nbsp;<\/p>\n<hr \/>\n<p>&nbsp;<\/p>\n<blockquote>\n<h3>VENETO: PAGHIAMO ANCORA PIU\u2019 STIPENDI CHE PENSIONI. MA IL SORPASSO SI AVVICINA<\/h3>\n<\/blockquote>\n<p><a class=\"dt-pswp-item\" href=\"https:\/\/www.radiopiu.net\/wordpress\/wp-content\/uploads\/2024\/08\/Schermata-2024-08-24-alle-08.24.14.png\" data-dt-img-description=\"\" data-large_image_width=\"850\" data-large_image_height=\"1518\"><img loading=\"lazy\" decoding=\"async\" class=\"size-medium wp-image-406635 alignleft\" src=\"https:\/\/www.radiopiu.net\/wordpress\/wp-content\/uploads\/2024\/08\/Schermata-2024-08-24-alle-08.24.14-168x300.png\" alt=\"\" width=\"168\" height=\"300\" srcset=\"https:\/\/www.radiopiu.net\/wordpress\/wp-content\/uploads\/2024\/08\/Schermata-2024-08-24-alle-08.24.14-168x300.png 168w, https:\/\/www.radiopiu.net\/wordpress\/wp-content\/uploads\/2024\/08\/Schermata-2024-08-24-alle-08.24.14-573x1024.png 573w, https:\/\/www.radiopiu.net\/wordpress\/wp-content\/uploads\/2024\/08\/Schermata-2024-08-24-alle-08.24.14-768x1372.png 768w, https:\/\/www.radiopiu.net\/wordpress\/wp-content\/uploads\/2024\/08\/Schermata-2024-08-24-alle-08.24.14.png 850w\" sizes=\"auto, (max-width: 168px) 100vw, 168px\" \/><\/a>Nel Mezzogiorno si pagano pi\u00f9 pensioni che stipendi, ma nel giro di qualche anno il sorpasso \u00e8 destinato a compiersi anche nel resto del Paese; Veneto compreso. Secondo alcune previsioni, infatti, entro il 2028 nella nostra regione sono destinati a uscire dal mercato del lavoro per raggiunti limiti di et\u00e0 272.400 addetti.<\/p>\n<p>E\u2019 evidente, visto la grave crisi demografica in atto, che difficilmente riusciremo a rimpiazzare tutti questi lavoratori che non saranno pi\u00f9 tenuti a timbrare il cartellino ogni giorno. Insomma, nel giro di pochi anni i trattamenti pensionistici erogati dall\u2019Inps in Veneto sono destinati a superare le buste paga degli operai e degli impiegati presenti nelle nostre fabbriche e nei nostri uffici.<\/p>\n<p>Gli ultimi dati disponibili che ci consentono di effettuare un confronto tra il numero degli occupati e quello delle pensioni erogate sono riferiti al 2022. Ebbene, se allora il numero dei lavoratori dipendenti e degli autonomi in Veneto era di 2,1 milioni, gli assegni corrisposti ai pensionati erano 1,8 milioni (saldo pari a +342mila) (vedi Tab. 1). A livello regionale solo la Lombardia, con un saldo pari a +733mila unit\u00e0, registra un risultato migliore del nostro.<\/p>\n<p>Qualcuno potrebbe legittimamente osservare che rispetto al 2022 le cifre sono cambiate, in particolare quella riferita agli occupati. Obiezione pi\u00f9 che condivisibile; infatti, il numero degli addetti anche in Veneto \u00e8 aumentato (di quasi 150mila persone) e in attesa che l\u2019Inps aggiorni le proprie statistiche, \u00e8 altrettanto ragionevole ritenere che anche il numero delle pensioni corrisposte in questo ultimo anno e mezzo sia cresciuto, addirittura in misura superiore all\u2019incremento dei lavoratori attivi.<\/p>\n<p>Questa analisi \u00e8 stata realizzata dall\u2019Ufficio studi della CGIA che ha elaborato i dati dell\u2019Inps e dell\u2019Istat.<\/p>\n<p><strong>Verona, Padova e Vicenza le realt\u00e0 pi\u00f9 virtuose<\/strong><br \/>\nDall\u2019analisi del saldo tra il numero di occupati e le pensioni erogate nel 2022, la provincia veneta pi\u00f9 virtuosa \u00e8 Verona che registra un risultato pari a +86mila. Seguono Padova con +74mila, +Vicenza con +67mila, Venezia con +63mila e Treviso con 61mila. Le situazioni pi\u00f9 critiche, invece, riguardano Belluno e Rovigo. Se nella provincia dolomitica il numero delle pensioni ha raggiunto quello dei lavoratori attivi, a Rovigo il sorpasso \u00e8 gi\u00e0 avvenuto. Il saldo, infatti, \u00e8 pari a -9mila (vedi Tab. 2).<br \/>\nAncorch\u00e8 il Veneto presenti un risultato positivo, il trend \u00e8 destinato a peggiorare, a causa della interazione di tre fenomeni strettamente correlati fra di loro: la denatalit\u00e0, il progressivo invecchiamento della popolazione e un tasso di occupazione che rimane inferiore alla media delle aree pi\u00f9 sviluppate d\u2019Europa. La combinazione di questi fattori ha ridotto progressivamente il numero dei contribuenti attivi e, conseguentemente, ingrossato la platea dei percettori di welfare. Un problema che non riguarda solo l\u2019Italia; purtroppo, attanaglia tutti i principali paesi del mondo occidentale.<\/p>\n<p><strong><a class=\"dt-pswp-item\" href=\"https:\/\/www.radiopiu.net\/wordpress\/wp-content\/uploads\/2024\/08\/Schermata-2024-08-24-alle-08.24.30.png\" data-dt-img-description=\"\" data-large_image_width=\"1006\" data-large_image_height=\"882\"><img loading=\"lazy\" decoding=\"async\" class=\"size-medium wp-image-406634 alignleft\" src=\"https:\/\/www.radiopiu.net\/wordpress\/wp-content\/uploads\/2024\/08\/Schermata-2024-08-24-alle-08.24.30-300x263.png\" alt=\"\" width=\"300\" height=\"263\" srcset=\"https:\/\/www.radiopiu.net\/wordpress\/wp-content\/uploads\/2024\/08\/Schermata-2024-08-24-alle-08.24.30-300x263.png 300w, https:\/\/www.radiopiu.net\/wordpress\/wp-content\/uploads\/2024\/08\/Schermata-2024-08-24-alle-08.24.30-768x673.png 768w, https:\/\/www.radiopiu.net\/wordpress\/wp-content\/uploads\/2024\/08\/Schermata-2024-08-24-alle-08.24.30.png 1006w\" sizes=\"auto, (max-width: 300px) 100vw, 300px\" \/><\/a>Cosa fare ?<\/strong><br \/>\nCon sempre meno giovani e sempre pi\u00f9 pensionati il trend pu\u00f2 essere invertito in tempi medio-lunghi solo allargando la base occupazionale. Come? Innanzitutto portando a galla una buona parte dei lavoratori in \u201cnero\u201d presenti nel Paese. Stiamo parlando di coloro che svolgono un\u2019attivit\u00e0 lavorativa irregolare che, secondo l\u2019Istat, ammontano in Veneto a oltre 185mila persone che ogni giorno si recano nei campi, nei cantieri, nelle fabbriche o nelle abitazioni a svolgere la propria attivit\u00e0 lavorativa senza rispettare le norme fiscali, contributive, assicurative, contrattuali, etc. E\u2019 altres\u00ec necessario incentivare ulteriormente l\u2019ingresso delle donne nel mercato del lavoro, visto che in Italia siamo fanalino di coda in Europa per il tasso di occupazione femminile (pari al 50 per cento circa). Inoltre, bisogna rafforzare le politiche che incentivano la crescita demografica (aiuti alle giovani mamme, alle famiglie, ai minori, etc.) e allungare la vita lavorativa delle persone (almeno di quelle che svolgono un\u2019attivit\u00e0 impiegatizia o intellettuale). Se non faremo tutto ci\u00f2 in tempi relativamente brevi, fra qualche decennio i bilanci della nostra sanit\u00e0 e della previdenza rischiano di implodere.<\/p>\n<p><strong>Con pi\u00f9 anziani vantaggi solo per le banche<\/strong><br \/>\nUn Paese che registra una popolazione sempre pi\u00f9 anziana potrebbe avere nei prossimi decenni seri problemi a far quadrare i conti pubblici e a mantenere i livelli di ricchezza sin qui raggiunti; in particolar modo a causa dell\u2019aumento della spesa sanitaria, pensionistica, farmaceutica e di assistenza alle persone. Va altres\u00ec segnalato che con una presenza di over 65 molto diffusa, alcuni importanti settori economici potrebbero subire dei contraccolpi negativi. Con una propensione alla spesa molto pi\u00f9 contenuta della popolazione giovane, una societ\u00e0 costituita prevalentemente da anziani rischia di ridimensionare il giro d\u2019affari del mercato immobiliare, dei trasporti, della moda e del settore ricettivo (HoReCa). Per contro, invece, le banche potrebbero contare su alcuni effetti positivi; con una maggiore predisposizione al risparmio, le persone pi\u00f9 anziane dovrebbero aumentare la dimensione economica dei propri depositi, suscitando la contentezza di molti istituti di credito.<\/p>\n<p>&nbsp;<\/p>\n<p>&nbsp;<\/p>\n<hr \/>\n<p>&nbsp;<\/p>\n<blockquote>\n<h3><a class=\"dt-pswp-item\" href=\"https:\/\/www.radiopiu.net\/wordpress\/wp-content\/uploads\/2024\/08\/Marta-Sammartini-scultrice.jpg\" data-dt-img-description=\"\" data-large_image_width=\"1414\" data-large_image_height=\"2000\"><img loading=\"lazy\" decoding=\"async\" class=\" wp-image-406704 alignleft\" src=\"https:\/\/www.radiopiu.net\/wordpress\/wp-content\/uploads\/2024\/08\/Marta-Sammartini-scultrice-212x300.jpg\" alt=\"\" width=\"114\" height=\"161\" srcset=\"https:\/\/www.radiopiu.net\/wordpress\/wp-content\/uploads\/2024\/08\/Marta-Sammartini-scultrice-212x300.jpg 212w, https:\/\/www.radiopiu.net\/wordpress\/wp-content\/uploads\/2024\/08\/Marta-Sammartini-scultrice-724x1024.jpg 724w, https:\/\/www.radiopiu.net\/wordpress\/wp-content\/uploads\/2024\/08\/Marta-Sammartini-scultrice-768x1086.jpg 768w, https:\/\/www.radiopiu.net\/wordpress\/wp-content\/uploads\/2024\/08\/Marta-Sammartini-scultrice-1086x1536.jpg 1086w, https:\/\/www.radiopiu.net\/wordpress\/wp-content\/uploads\/2024\/08\/Marta-Sammartini-scultrice.jpg 1414w\" sizes=\"auto, (max-width: 114px) 100vw, 114px\" \/><\/a>DOMANI A PALAZZO FULCIS<\/h3>\n<\/blockquote>\n<p><strong>BELLUNO<\/strong> Marted\u00ec 27 agosto alle 18, presso il Museo civico di Palazzo Fulcis, si terr\u00e0 una conferenza dedicata alla scultrice bellunese Marta Sammartini. Lo storico dell&#8217;arte Gianluca Tormen, docente all&#8217;Istituto Catullo di Belluno, approfondir\u00e0 la vita e l&#8217;opera dell&#8217;artista, sottolineando il suo ruolo nel panorama artistico del Novecento. Sammartini, una figura interessante ma poco conosciuta, ha affrontato le difficolt\u00e0 di essere una donna scultrice in un&#8217;epoca dominata dagli uomini. L&#8217;evento si collega alla recente donazione della sua opera &#8220;Madre profuga&#8221;, esposta al museo fino alla fine del mese. Ingresso libero su prenotazione, fino a esaurimento posti.<\/p>\n<p>&nbsp;<\/p>\n<p>&nbsp;<\/p>\n<hr \/>\n<p>&nbsp;<\/p>\n<blockquote>\n<h3>&#8220;RISUONA&#8221;, IN VALLE IMPERINA UN&#8217;ESTATE RADIO&#8230;SA<\/h3>\n<\/blockquote>\n<p><strong><a class=\"dt-pswp-item\" href=\"https:\/\/www.radiopiu.net\/wordpress\/wp-content\/uploads\/2024\/08\/WhatsApp-Image-2024-08-02-at-15.14.11-4.jpeg\" data-dt-img-description=\"\" data-large_image_width=\"1600\" data-large_image_height=\"1047\"><img loading=\"lazy\" decoding=\"async\" class=\"size-medium wp-image-403007 alignleft\" src=\"https:\/\/www.radiopiu.net\/wordpress\/wp-content\/uploads\/2024\/08\/WhatsApp-Image-2024-08-02-at-15.14.11-4-300x196.jpeg\" alt=\"\" width=\"300\" height=\"196\" srcset=\"https:\/\/www.radiopiu.net\/wordpress\/wp-content\/uploads\/2024\/08\/WhatsApp-Image-2024-08-02-at-15.14.11-4-300x196.jpeg 300w, https:\/\/www.radiopiu.net\/wordpress\/wp-content\/uploads\/2024\/08\/WhatsApp-Image-2024-08-02-at-15.14.11-4-1024x670.jpeg 1024w, https:\/\/www.radiopiu.net\/wordpress\/wp-content\/uploads\/2024\/08\/WhatsApp-Image-2024-08-02-at-15.14.11-4-768x503.jpeg 768w, https:\/\/www.radiopiu.net\/wordpress\/wp-content\/uploads\/2024\/08\/WhatsApp-Image-2024-08-02-at-15.14.11-4-1536x1005.jpeg 1536w, https:\/\/www.radiopiu.net\/wordpress\/wp-content\/uploads\/2024\/08\/WhatsApp-Image-2024-08-02-at-15.14.11-4.jpeg 1600w\" sizes=\"auto, (max-width: 300px) 100vw, 300px\" \/><\/a>Cent&#8217;anni di Radio in Mostra a Valle Imperina<\/strong><\/p>\n<p>Dal 1923, anno della prima trasmissione dell\u2019EIAR, sono passati oltre cento anni dalla nascita della radio, un mezzo che ha profondamente influenzato la comunicazione globale. Adattandosi ai cambiamenti tecnologici e sociali, la radio ha evoluto il suo panorama, da EIAR e Rai a radio web moderne. Per celebrare questo secolo di innovazioni, Botol Group e Radio Pi\u00f9 hanno organizzato una mostra dedicata nella suggestiva Valle Imperina, vicino ad Agordo.<\/p>\n<p><strong>&#8220;Risuona&#8221; &#8211; La Mostra<\/strong><\/p>\n<p>Offre un viaggio attraverso l\u2019evoluzione della radio, dai primi apparecchi a valvole ai moderni dispositivi digitali. Oltre alla tecnologia, si esplora l&#8217;impatto sociale e culturale della radio tramite immagini, documenti d\u2019epoca e testimonianze.<\/p>\n<p><strong><a class=\"dt-pswp-item\" href=\"https:\/\/www.radiopiu.net\/wordpress\/wp-content\/uploads\/2024\/08\/WhatsApp-Image-2024-08-02-at-15.14.11-1.jpeg\" data-dt-img-description=\"\" data-large_image_width=\"1600\" data-large_image_height=\"966\"><img loading=\"lazy\" decoding=\"async\" class=\"size-medium wp-image-403004 alignright\" src=\"https:\/\/www.radiopiu.net\/wordpress\/wp-content\/uploads\/2024\/08\/WhatsApp-Image-2024-08-02-at-15.14.11-1-300x181.jpeg\" alt=\"\" width=\"300\" height=\"181\" srcset=\"https:\/\/www.radiopiu.net\/wordpress\/wp-content\/uploads\/2024\/08\/WhatsApp-Image-2024-08-02-at-15.14.11-1-300x181.jpeg 300w, https:\/\/www.radiopiu.net\/wordpress\/wp-content\/uploads\/2024\/08\/WhatsApp-Image-2024-08-02-at-15.14.11-1-1024x618.jpeg 1024w, https:\/\/www.radiopiu.net\/wordpress\/wp-content\/uploads\/2024\/08\/WhatsApp-Image-2024-08-02-at-15.14.11-1-768x464.jpeg 768w, https:\/\/www.radiopiu.net\/wordpress\/wp-content\/uploads\/2024\/08\/WhatsApp-Image-2024-08-02-at-15.14.11-1-1536x927.jpeg 1536w, https:\/\/www.radiopiu.net\/wordpress\/wp-content\/uploads\/2024\/08\/WhatsApp-Image-2024-08-02-at-15.14.11-1.jpeg 1600w\" sizes=\"auto, (max-width: 300px) 100vw, 300px\" \/><\/a>Gli Espositori<\/strong><\/p>\n<p><strong>Franco Ben<\/strong>, fin da giovane, ha sviluppato una passione per la radio smontando e collezionando apparecchi, oggi esposti in Valle Imperina. <strong>Ivano Benvegn\u00f9<\/strong> arricchisce la mostra con la sua vasta collezione di radio d\u2019epoca anche acquistate nei mercatini.<strong> Mirko Mezzacasa<\/strong> ha trasformato la sede di Radio Pi\u00f9 in un museo, ora parzialmente trasferito ai locali del Gruppo Botol, rendendo la sua passione per la radio un impegno di vita.<\/p>\n<p><strong>Il Sito: 600 Anni di Storia e Umanit\u00e0<\/strong><\/p>\n<p>La Miniera di Valle Imperina, nel cuore delle Dolomiti Bellunesi, \u00e8 un importante sito storico industriale. Un tempo fulcro dell\u2019industria mineraria del rame, ora, grazie al Gruppo Botol, sta vivendo una nuova vita come attrazione turistica culturale e mineraria. Questo progetto non solo promuove il turismo, ma preserva anche il patrimonio culturale e umano della Valle, rispondendo all\u2019interesse crescente per i siti industriali storici.<\/p>\n<div class=\"flex flex-grow flex-col max-w-full\">\n<div class=\"min-h-[20px] text-message flex w-full flex-col items-end gap-2 whitespace-pre-wrap break-words [.text-message+&amp;]:mt-5 overflow-x-auto\" dir=\"auto\" data-message-author-role=\"assistant\" data-message-id=\"1c257bd9-274a-478a-a1ed-c080af743465\">\n<div class=\"flex w-full flex-col gap-1 empty:hidden first:pt-[3px]\">\n<div class=\"markdown prose w-full break-words dark:prose-invert dark\">\n<blockquote><p>&nbsp;<\/p><\/blockquote>\n<\/div>\n<\/div>\n<\/div>\n<\/div>\n<hr \/>\n<p>&nbsp;<\/p>\n<blockquote>\n<h3>DAGDA CELTIC FEST: Un Tuffo nel Passato Celtico<\/h3>\n<\/blockquote>\n<p><strong><a class=\"dt-pswp-item\" href=\"https:\/\/www.radiopiu.net\/wordpress\/wp-content\/uploads\/2024\/07\/ee0e70bf-b574-49f2-beb9-4ad574e937e0-1.jpg\" data-dt-img-description=\"BOCCIODROMO AD AGORDO... L'ESTATE CONTINUA\" data-large_image_width=\"1592\" data-large_image_height=\"2048\"><img loading=\"lazy\" decoding=\"async\" class=\" wp-image-402362 alignleft\" src=\"https:\/\/www.radiopiu.net\/wordpress\/wp-content\/uploads\/2024\/07\/ee0e70bf-b574-49f2-beb9-4ad574e937e0-1-233x300.jpg\" alt=\"\" width=\"135\" height=\"174\" srcset=\"https:\/\/www.radiopiu.net\/wordpress\/wp-content\/uploads\/2024\/07\/ee0e70bf-b574-49f2-beb9-4ad574e937e0-1-233x300.jpg 233w, https:\/\/www.radiopiu.net\/wordpress\/wp-content\/uploads\/2024\/07\/ee0e70bf-b574-49f2-beb9-4ad574e937e0-1-796x1024.jpg 796w, https:\/\/www.radiopiu.net\/wordpress\/wp-content\/uploads\/2024\/07\/ee0e70bf-b574-49f2-beb9-4ad574e937e0-1-768x988.jpg 768w, https:\/\/www.radiopiu.net\/wordpress\/wp-content\/uploads\/2024\/07\/ee0e70bf-b574-49f2-beb9-4ad574e937e0-1-1194x1536.jpg 1194w, https:\/\/www.radiopiu.net\/wordpress\/wp-content\/uploads\/2024\/07\/ee0e70bf-b574-49f2-beb9-4ad574e937e0-1.jpg 1592w\" sizes=\"auto, (max-width: 135px) 100vw, 135px\" \/><\/a>AGORDO<\/strong> I grandi eventi al Parco Giochi e bar al bocciodromo di via Paganini ad Agordo<\/p>\n<p><em>30\/31 agosto \/ 1 settembre \u2013 2024 Il <strong>DAGDA CELTIC FEST<\/strong>, Anno 0, \u00e8 pronto a trasportare i visitatori indietro nel tempo, in un viaggio immersivo nella vita degli antichi Celti. Organizzato dal <strong>Clan Trumusio<\/strong>, il festival offrir\u00e0 tre giorni di giochi, didattica e curiosit\u00e0 nel suggestivo campo storico, dando vita a un\u2019esperienza indimenticabile. Il <strong>DAGDA CELTIC FEST<\/strong> \u00e8 un\u2019occasione unica per immergersi nella cultura e nelle tradizioni celtiche, grazie alla ricca programmazione e alla partecipazione di esperti. Con attivit\u00e0 per tutte le et\u00e0 e gusti, l&#8217;evento promette di essere un\u2019esperienza memorabile per chiunque desideri esplorare il mondo dei Celti. Non mancate a questo viaggio nel tempo, dove la storia prende vita attraverso musica, giochi, artigianato e riti antichi.\u00a0<\/em><\/p>\n<p>&nbsp;<\/p>\n<p>&nbsp;<\/p>\n<hr \/>\n<p>&nbsp;<\/p>\n<blockquote>\n<h3>LA SETTIMANA MUSICALE AL TEATRO DINO BUZZATI DI BELLUNO<\/h3>\n<\/blockquote>\n<p><strong><a class=\"dt-pswp-item\" href=\"https:\/\/www.radiopiu.net\/wordpress\/wp-content\/uploads\/2021\/05\/foto-comunale.jpg\" data-dt-img-description=\"\" data-large_image_width=\"1600\" data-large_image_height=\"1237\"><img loading=\"lazy\" decoding=\"async\" class=\" wp-image-210486 alignleft\" src=\"https:\/\/www.radiopiu.net\/wordpress\/wp-content\/uploads\/2021\/05\/foto-comunale-300x232.jpg\" alt=\"\" width=\"203\" height=\"157\" srcset=\"https:\/\/www.radiopiu.net\/wordpress\/wp-content\/uploads\/2021\/05\/foto-comunale-300x232.jpg 300w, https:\/\/www.radiopiu.net\/wordpress\/wp-content\/uploads\/2021\/05\/foto-comunale-1024x792.jpg 1024w, https:\/\/www.radiopiu.net\/wordpress\/wp-content\/uploads\/2021\/05\/foto-comunale-768x594.jpg 768w, https:\/\/www.radiopiu.net\/wordpress\/wp-content\/uploads\/2021\/05\/foto-comunale-1536x1188.jpg 1536w, https:\/\/www.radiopiu.net\/wordpress\/wp-content\/uploads\/2021\/05\/foto-comunale.jpg 1600w\" sizes=\"auto, (max-width: 203px) 100vw, 203px\" \/><\/a>BELLUNO<\/strong> Dal 1 all&#8217;8 settembre 2024, il Teatro \u201cDino Buzzati\u201d di Belluno ospiter\u00e0 la seconda edizione della &#8220;Settimana Musicale&#8221;, un evento dedicato alla musica classica con concerti e masterclass tenuti da musicisti di fama internazionale. L&#8217;evento inaugurer\u00e0 il 1 settembre alle 18 con un concerto che vedr\u00e0 esibirsi i violinisti Kyoko Takezawa e Giovanni Radivo, accompagnati da altri musicisti di spicco, con un programma che include il trio op. 8 di Brahms e il quintetto op. 44 di Schumann. Il ricavato sar\u00e0 devoluto a \u201cCasa tua Due\u201d. Durante la settimana, si terranno masterclass con allievi internazionali e altri concerti, tra cui uno gratuito della pianista Anisa Dazhaeva il 4 settembre. Il 7 settembre, gli allievi delle masterclass si esibiranno in un concerto-maratona, mentre l&#8217;8 settembre il ciclo si concluder\u00e0 con un concerto di Kyoko Takezawa e Edoardo Maria Strabbioli. L&#8217;iniziativa \u00e8 organizzata in collaborazione con diverse istituzioni locali.<\/p>\n<p>&nbsp;<\/p>\n<p>&nbsp;<\/p>\n<hr \/>\n<p>&nbsp;<\/p>\n<blockquote>\n<h3><a class=\"dt-pswp-item\" href=\"https:\/\/www.radiopiu.net\/wordpress\/wp-content\/uploads\/2024\/08\/POST-CRISANTI-5-9.jpg\" data-dt-img-description=\"\" data-large_image_width=\"1414\" data-large_image_height=\"2000\"><img loading=\"lazy\" decoding=\"async\" class=\" wp-image-406583 alignleft\" src=\"https:\/\/www.radiopiu.net\/wordpress\/wp-content\/uploads\/2024\/08\/POST-CRISANTI-5-9-212x300.jpg\" alt=\"\" width=\"134\" height=\"190\" srcset=\"https:\/\/www.radiopiu.net\/wordpress\/wp-content\/uploads\/2024\/08\/POST-CRISANTI-5-9-212x300.jpg 212w, https:\/\/www.radiopiu.net\/wordpress\/wp-content\/uploads\/2024\/08\/POST-CRISANTI-5-9-724x1024.jpg 724w, https:\/\/www.radiopiu.net\/wordpress\/wp-content\/uploads\/2024\/08\/POST-CRISANTI-5-9-768x1086.jpg 768w, https:\/\/www.radiopiu.net\/wordpress\/wp-content\/uploads\/2024\/08\/POST-CRISANTI-5-9-1086x1536.jpg 1086w, https:\/\/www.radiopiu.net\/wordpress\/wp-content\/uploads\/2024\/08\/POST-CRISANTI-5-9.jpg 1414w\" sizes=\"auto, (max-width: 134px) 100vw, 134px\" \/><\/a>UN INCONTRO A FELTRE PER PARLARE DI SANITA&#8217; PUBBLICA<\/h3>\n<\/blockquote>\n<p><strong>FELTRE<\/strong> La Sanit\u00e0 Pubblica Italiana sta affrontando una fase critica, con il rapporto della spesa sanitaria rispetto al PIL che si prevede rimarr\u00e0 al di sotto della media UE e OCSE (7,1%) nei prossimi anni. Dal 1990, con la seconda riforma del sistema sanitario, la sanit\u00e0 \u00e8 stata sempre pi\u00f9 orientata al mercato, con un focus sull&#8217;efficienza economica piuttosto che sulla dimensione collettiva e democratica. Questo ha favorito la crescita della sanit\u00e0 privata, che prioritizza il profitto a scapito della cura, causando difficolt\u00e0 di accesso ai servizi pubblici e rinunce alle cure per molti italiani. Un incontro con esperti discuter\u00e0 queste tematiche, inclusa la carenza di medici di base e le risposte delle comunit\u00e0 locali. L&#8217;appuntamento il 5 settembre in sala Ocri alle 20:15<\/p>\n<p>&nbsp;<\/p>\n<p>&nbsp;<\/p>\n<hr \/>\n<p>&nbsp;<\/p>\n<h3>\u00a0VISITE GUIDATE<\/h3>\n<p>Due appuntamenti con CammiNaturAmbiente di Anacleto Boranga. Sabato 31 Agre ed antico ospizio all&#8217;imbocco della Val Pegolera. Info 0437 948093<\/p>\n\n\t\t\t<style type='text\/css'>\n\t\t\t\t#gallery-7 {\n\t\t\t\t\tmargin: auto;\n\t\t\t\t}\n\t\t\t\t#gallery-7 .gallery-item {\n\t\t\t\t\tfloat: left;\n\t\t\t\t\tmargin-top: 10px;\n\t\t\t\t\ttext-align: center;\n\t\t\t\t\twidth: 33%;\n\t\t\t\t}\n\t\t\t\t#gallery-7 img {\n\t\t\t\t\tborder: 2px solid #cfcfcf;\n\t\t\t\t}\n\t\t\t\t#gallery-7 .gallery-caption {\n\t\t\t\t\tmargin-left: 0;\n\t\t\t\t}\n\t\t\t\t\/* see gallery_shortcode() in wp-includes\/media.php *\/\n\t\t\t<\/style>\n\t\t<div id='gallery-7' class='dt-gallery-container gallery galleryid-406651 gallery-columns-3 gallery-size-thumbnail'><dl class='gallery-item'>\n\t\t\t\t<dt class='gallery-icon portrait'>\n\t\t\t\t\t<a class=\"rollover rollover-zoom dt-pswp-item\" title=\"volantino\" data-dt-img-description=\"\" data-large_image_width=\"1328\" data-large_image_height=\"1903\"href='https:\/\/www.radiopiu.net\/wordpress\/wp-content\/uploads\/2024\/08\/volantino.jpg'><img loading=\"lazy\" decoding=\"async\" width=\"150\" height=\"150\" src=\"https:\/\/www.radiopiu.net\/wordpress\/wp-content\/uploads\/2024\/08\/volantino-150x150.jpg\" class=\"attachment-thumbnail size-thumbnail\" alt=\"\" \/><\/a>\n\t\t\t\t<\/dt><\/dl><dl class='gallery-item'>\n\t\t\t\t<dt class='gallery-icon landscape'>\n\t\t\t\t\t<a class=\"rollover rollover-zoom dt-pswp-item\" title=\"Caglieron selez\" data-dt-img-description=\"\" data-large_image_width=\"1264\" data-large_image_height=\"948\"href='https:\/\/www.radiopiu.net\/wordpress\/wp-content\/uploads\/2024\/08\/Caglieron-selez.jpg'><img loading=\"lazy\" decoding=\"async\" width=\"150\" height=\"150\" src=\"https:\/\/www.radiopiu.net\/wordpress\/wp-content\/uploads\/2024\/08\/Caglieron-selez-150x150.jpg\" class=\"attachment-thumbnail size-thumbnail\" alt=\"\" \/><\/a>\n\t\t\t\t<\/dt><\/dl><dl class='gallery-item'>\n\t\t\t\t<dt class='gallery-icon landscape'>\n\t\t\t\t\t<a class=\"rollover rollover-zoom dt-pswp-item\" title=\"Acero camp - Agre (3)\" data-dt-img-description=\"\" data-large_image_width=\"848\" data-large_image_height=\"636\"href='https:\/\/www.radiopiu.net\/wordpress\/wp-content\/uploads\/2024\/08\/Acero-camp-Agre-3.jpg'><img loading=\"lazy\" decoding=\"async\" width=\"150\" height=\"150\" src=\"https:\/\/www.radiopiu.net\/wordpress\/wp-content\/uploads\/2024\/08\/Acero-camp-Agre-3-150x150.jpg\" class=\"attachment-thumbnail size-thumbnail\" alt=\"\" \/><\/a>\n\t\t\t\t<\/dt><\/dl><br style=\"clear: both\" \/>\n\t\t\t<\/div>\n\n<p>&nbsp;<\/p>\n<hr \/>\n<p>&nbsp;<\/p>\n<h2><span style=\"color: #ff6600;\">ALLA RADIO\u00a0<\/span><\/h2>\n<h2><span style=\"color: #008080;\">LA RASSEGNA STAMPA DA L&#8217;AMICO DEL POPOLO<\/span><\/h2>\n<p><strong><a class=\"dt-pswp-item\" href=\"https:\/\/www.radiopiu.net\/wordpress\/wp-content\/uploads\/2021\/05\/agordo-2.jpg\" data-dt-img-description=\"\" data-large_image_width=\"960\" data-large_image_height=\"720\"><img loading=\"lazy\" decoding=\"async\" class=\" wp-image-212853 alignleft\" src=\"https:\/\/www.radiopiu.net\/wordpress\/wp-content\/uploads\/2021\/05\/agordo-2-300x225.jpg\" alt=\"\" width=\"167\" height=\"125\" srcset=\"https:\/\/www.radiopiu.net\/wordpress\/wp-content\/uploads\/2021\/05\/agordo-2-300x225.jpg 300w, https:\/\/www.radiopiu.net\/wordpress\/wp-content\/uploads\/2021\/05\/agordo-2-768x576.jpg 768w, https:\/\/www.radiopiu.net\/wordpress\/wp-content\/uploads\/2021\/05\/agordo-2.jpg 960w\" sizes=\"auto, (max-width: 167px) 100vw, 167px\" \/><\/a>DI GIANNI SANTOMASO<\/strong><\/p>\n<p>OSPITE: Stefania Troian<\/p>\n<audio class=\"wp-audio-shortcode\" id=\"audio-406651-8\" preload=\"none\" style=\"width: 100%;\" controls=\"controls\"><source type=\"audio\/mpeg\" src=\"https:\/\/www.radiopiu.net\/wordpress\/wp-content\/uploads\/2024\/08\/RASSEGNA-GIANNI-SITO.mp3?_=8\" \/><a href=\"https:\/\/www.radiopiu.net\/wordpress\/wp-content\/uploads\/2024\/08\/RASSEGNA-GIANNI-SITO.mp3\">https:\/\/www.radiopiu.net\/wordpress\/wp-content\/uploads\/2024\/08\/RASSEGNA-GIANNI-SITO.mp3<\/a><\/audio>\n<p>&nbsp;<\/p>\n<h2><span style=\"color: #800080;\">DUE MINUTI PER TE<\/span><\/h2>\n<p><strong><a class=\"dt-pswp-item\" href=\"https:\/\/www.radiopiu.net\/wordpress\/wp-content\/uploads\/2020\/12\/DON-GIORGIO-LISE.jpg\" data-dt-img-description=\"\" data-large_image_width=\"1600\" data-large_image_height=\"901\"><img loading=\"lazy\" decoding=\"async\" class=\" wp-image-177420 alignleft\" src=\"https:\/\/www.radiopiu.net\/wordpress\/wp-content\/uploads\/2020\/12\/DON-GIORGIO-LISE-300x169.jpg\" alt=\"\" width=\"170\" height=\"96\" srcset=\"https:\/\/www.radiopiu.net\/wordpress\/wp-content\/uploads\/2020\/12\/DON-GIORGIO-LISE-300x169.jpg 300w, https:\/\/www.radiopiu.net\/wordpress\/wp-content\/uploads\/2020\/12\/DON-GIORGIO-LISE-1024x577.jpg 1024w, https:\/\/www.radiopiu.net\/wordpress\/wp-content\/uploads\/2020\/12\/DON-GIORGIO-LISE-768x432.jpg 768w, https:\/\/www.radiopiu.net\/wordpress\/wp-content\/uploads\/2020\/12\/DON-GIORGIO-LISE-1536x865.jpg 1536w, https:\/\/www.radiopiu.net\/wordpress\/wp-content\/uploads\/2020\/12\/DON-GIORGIO-LISE.jpg 1600w\" sizes=\"auto, (max-width: 170px) 100vw, 170px\" \/><\/a>APPUNTAMENTO DOMENICALE CON IL PENSIERO DI MONSIGNOR GIORGIO LISE<\/strong><\/p>\n<audio class=\"wp-audio-shortcode\" id=\"audio-406651-9\" preload=\"none\" style=\"width: 100%;\" controls=\"controls\"><source type=\"audio\/mpeg\" src=\"https:\/\/www.radiopiu.net\/wordpress\/wp-content\/uploads\/2024\/08\/DON-GIORGIO-3.mp3?_=9\" \/><a href=\"https:\/\/www.radiopiu.net\/wordpress\/wp-content\/uploads\/2024\/08\/DON-GIORGIO-3.mp3\">https:\/\/www.radiopiu.net\/wordpress\/wp-content\/uploads\/2024\/08\/DON-GIORGIO-3.mp3<\/a><\/audio>\n<p>&nbsp;<\/p>\n<p>&nbsp;<\/p>\n<hr \/>\n<p>&nbsp;<\/p>\n<p>&nbsp;<\/p>\n<blockquote class=\"wp-embedded-content\" data-secret=\"ES5NfyPXxJ\"><p><a href=\"https:\/\/www.radiopiu.net\/wordpress\/pirole-de-lenga-la-parola-del-giorno-a-cura-del-musla-raccolta-completa\/\">PIROLE DE LENGA&#8230; LA PAROLA DEL GIORNO A CURA DEL MUSLA -raccolta completa &#8211;<\/a><\/p><\/blockquote>\n<p><iframe loading=\"lazy\" class=\"wp-embedded-content\" sandbox=\"allow-scripts\" security=\"restricted\" style=\"position: absolute; visibility: hidden;\" title=\"&#8220;PIROLE DE LENGA&#8230; LA PAROLA DEL GIORNO A CURA DEL MUSLA -raccolta completa &#8211;&#8221; &#8212; Radio Pi\u00f9\" src=\"https:\/\/www.radiopiu.net\/wordpress\/pirole-de-lenga-la-parola-del-giorno-a-cura-del-musla-raccolta-completa\/embed\/#?secret=xO2cCZRoqz#?secret=ES5NfyPXxJ\" data-secret=\"ES5NfyPXxJ\" width=\"600\" height=\"338\" frameborder=\"0\" marginwidth=\"0\" marginheight=\"0\" scrolling=\"no\"><\/iframe><\/p>\n<p>&nbsp;<\/p>\n<p>&nbsp;<\/p>\n<hr \/>\n<p>&nbsp;<\/p>\n<blockquote class=\"wp-embedded-content\" data-secret=\"1eEPinwkTG\"><p><a href=\"https:\/\/www.radiopiu.net\/wordpress\/i-racconti-di-paolo-soppelsa-in-video-la-raccolta\/\">I RACCONTI DI PAOLO SOPPELSA IN VIDEO &#8211; LA RACCOLTA<\/a><\/p><\/blockquote>\n<p><iframe loading=\"lazy\" class=\"wp-embedded-content\" sandbox=\"allow-scripts\" security=\"restricted\" style=\"position: absolute; visibility: hidden;\" title=\"&#8220;I RACCONTI DI PAOLO SOPPELSA IN VIDEO &#8211; LA RACCOLTA&#8221; &#8212; Radio Pi\u00f9\" src=\"https:\/\/www.radiopiu.net\/wordpress\/i-racconti-di-paolo-soppelsa-in-video-la-raccolta\/embed\/#?secret=OJpUQOyJXj#?secret=1eEPinwkTG\" data-secret=\"1eEPinwkTG\" width=\"600\" height=\"338\" frameborder=\"0\" marginwidth=\"0\" marginheight=\"0\" scrolling=\"no\"><\/iframe><\/p>\n<p>&nbsp;<\/p>\n<hr \/>\n<p>&nbsp;<\/p>\n<h2><span style=\"color: #ff0000;\"><a class=\"dt-pswp-item\" href=\"https:\/\/www.radiopiu.net\/wordpress\/wp-content\/uploads\/2018\/09\/appuntamenti.jpeg\" data-dt-img-description=\"\" data-large_image_width=\"800\" data-large_image_height=\"100\"><img loading=\"lazy\" decoding=\"async\" class=\"wp-image-61958 size-full aligncenter\" src=\"https:\/\/www.radiopiu.net\/wordpress\/wp-content\/uploads\/2018\/09\/appuntamenti.jpeg\" alt=\"\" width=\"800\" height=\"100\" srcset=\"https:\/\/www.radiopiu.net\/wordpress\/wp-content\/uploads\/2018\/09\/appuntamenti.jpeg 800w, https:\/\/www.radiopiu.net\/wordpress\/wp-content\/uploads\/2018\/09\/appuntamenti-300x38.jpeg 300w, https:\/\/www.radiopiu.net\/wordpress\/wp-content\/uploads\/2018\/09\/appuntamenti-768x96.jpeg 768w\" sizes=\"auto, (max-width: 800px) 100vw, 800px\" \/><\/a><\/span><\/h2>\n<div>\n<div class=\"\" dir=\"auto\">\n<div id=\":r9h:\" class=\"x1iorvi4 x1pi30zi x1l90r2v x1swvt13\" data-ad-comet-preview=\"message\" data-ad-preview=\"message\">\n\n\t\t\t<style type='text\/css'>\n\t\t\t\t#gallery-8 {\n\t\t\t\t\tmargin: auto;\n\t\t\t\t}\n\t\t\t\t#gallery-8 .gallery-item {\n\t\t\t\t\tfloat: left;\n\t\t\t\t\tmargin-top: 10px;\n\t\t\t\t\ttext-align: center;\n\t\t\t\t\twidth: 25%;\n\t\t\t\t}\n\t\t\t\t#gallery-8 img {\n\t\t\t\t\tborder: 2px solid #cfcfcf;\n\t\t\t\t}\n\t\t\t\t#gallery-8 .gallery-caption {\n\t\t\t\t\tmargin-left: 0;\n\t\t\t\t}\n\t\t\t\t\/* see gallery_shortcode() in wp-includes\/media.php *\/\n\t\t\t<\/style>\n\t\t<div id='gallery-8' class='dt-gallery-container gallery galleryid-406651 gallery-columns-4 gallery-size-thumbnail'><dl class='gallery-item'>\n\t\t\t\t<dt class='gallery-icon portrait'>\n\t\t\t\t\t<a class=\"rollover rollover-zoom dt-pswp-item\" title=\"a2fe8ef0-b734-47c8-be38-ab8205a88b00\" data-dt-img-description=\"\" data-large_image_width=\"1131\" data-large_image_height=\"1600\"href='https:\/\/www.radiopiu.net\/wordpress\/wp-content\/uploads\/2024\/07\/a2fe8ef0-b734-47c8-be38-ab8205a88b00.jpg'><img loading=\"lazy\" decoding=\"async\" width=\"150\" height=\"150\" src=\"https:\/\/www.radiopiu.net\/wordpress\/wp-content\/uploads\/2024\/07\/a2fe8ef0-b734-47c8-be38-ab8205a88b00-150x150.jpg\" class=\"attachment-thumbnail size-thumbnail\" alt=\"\" aria-describedby=\"gallery-8-402154\" \/><\/a>\n\t\t\t\t<\/dt>\n\t\t\t\t\t<dd class='wp-caption-text gallery-caption' id='gallery-8-402154'>\n\t\t\t\t\tDAL 9 AL 31 AGOSTO VOLTAGO E CULTURA\n\t\t\t\t\t<\/dd><\/dl><dl class='gallery-item'>\n\t\t\t\t<dt class='gallery-icon portrait'>\n\t\t\t\t\t<a class=\"rollover rollover-zoom dt-pswp-item\" title=\"concorso-copia_compressed\" data-dt-img-description=\"\" data-large_image_width=\"1240\" data-large_image_height=\"1754\"href='https:\/\/www.radiopiu.net\/wordpress\/wp-content\/uploads\/2024\/07\/concorso-copia_compressed.jpg'><img loading=\"lazy\" decoding=\"async\" width=\"150\" height=\"150\" src=\"https:\/\/www.radiopiu.net\/wordpress\/wp-content\/uploads\/2024\/07\/concorso-copia_compressed-150x150.jpg\" class=\"attachment-thumbnail size-thumbnail\" alt=\"\" aria-describedby=\"gallery-8-401805\" \/><\/a>\n\t\t\t\t<\/dt>\n\t\t\t\t\t<dd class='wp-caption-text gallery-caption' id='gallery-8-401805'>\n\t\t\t\t\tIL CONCORSO FOTOGRAFICO\n\t\t\t\t\t<\/dd><\/dl><dl class='gallery-item'>\n\t\t\t\t<dt class='gallery-icon portrait'>\n\t\t\t\t\t<a class=\"rollover rollover-zoom dt-pswp-item\" title=\"6aaaad58-800e-4990-a3b1-996dabdbe745\" data-dt-img-description=\"\" data-large_image_width=\"1131\" data-large_image_height=\"1600\"href='https:\/\/www.radiopiu.net\/wordpress\/wp-content\/uploads\/2024\/07\/6aaaad58-800e-4990-a3b1-996dabdbe745.jpg'><img loading=\"lazy\" decoding=\"async\" width=\"150\" height=\"150\" src=\"https:\/\/www.radiopiu.net\/wordpress\/wp-content\/uploads\/2024\/07\/6aaaad58-800e-4990-a3b1-996dabdbe745-150x150.jpg\" class=\"attachment-thumbnail size-thumbnail\" alt=\"\" aria-describedby=\"gallery-8-397565\" \/><\/a>\n\t\t\t\t<\/dt>\n\t\t\t\t\t<dd class='wp-caption-text gallery-caption' id='gallery-8-397565'>\n\t\t\t\t\tDAL 20 LUGLIO A VOLTAGO\n\t\t\t\t\t<\/dd><\/dl><dl class='gallery-item'>\n\t\t\t\t<dt class='gallery-icon portrait'>\n\t\t\t\t\t<a class=\"rollover rollover-zoom dt-pswp-item\" title=\"f84567d6-a1d2-47de-9596-ef8505986952\" data-dt-img-description=\"\" data-large_image_width=\"745\" data-large_image_height=\"1073\"href='https:\/\/www.radiopiu.net\/wordpress\/wp-content\/uploads\/2024\/06\/f84567d6-a1d2-47de-9596-ef8505986952.jpg'><img loading=\"lazy\" decoding=\"async\" width=\"150\" height=\"150\" src=\"https:\/\/www.radiopiu.net\/wordpress\/wp-content\/uploads\/2024\/06\/f84567d6-a1d2-47de-9596-ef8505986952-150x150.jpg\" class=\"attachment-thumbnail size-thumbnail\" alt=\"\" aria-describedby=\"gallery-8-396466\" \/><\/a>\n\t\t\t\t<\/dt>\n\t\t\t\t\t<dd class='wp-caption-text gallery-caption' id='gallery-8-396466'>\n\t\t\t\t\tSUMMER GREEN VOLLEY AGORDINO\n\t\t\t\t\t<\/dd><\/dl><br style=\"clear: both\" \/><dl class='gallery-item'>\n\t\t\t\t<dt class='gallery-icon portrait'>\n\t\t\t\t\t<a class=\"rollover rollover-zoom dt-pswp-item\" title=\"b984cf06-49e8-4958-bc23-c0d66e45f366\" data-dt-img-description=\"\" data-large_image_width=\"900\" data-large_image_height=\"1600\"href='https:\/\/www.radiopiu.net\/wordpress\/wp-content\/uploads\/2024\/07\/b984cf06-49e8-4958-bc23-c0d66e45f366.jpg'><img loading=\"lazy\" decoding=\"async\" width=\"150\" height=\"150\" src=\"https:\/\/www.radiopiu.net\/wordpress\/wp-content\/uploads\/2024\/07\/b984cf06-49e8-4958-bc23-c0d66e45f366-150x150.jpg\" class=\"attachment-thumbnail size-thumbnail\" alt=\"\" aria-describedby=\"gallery-8-400399\" \/><\/a>\n\t\t\t\t<\/dt>\n\t\t\t\t\t<dd class='wp-caption-text gallery-caption' id='gallery-8-400399'>\n\t\t\t\t\tALL&#8217;HOTEL VILLA IMPERINA DI AGORDO\n\t\t\t\t\t<\/dd><\/dl><dl class='gallery-item'>\n\t\t\t\t<dt class='gallery-icon portrait'>\n\t\t\t\t\t<a class=\"rollover rollover-zoom dt-pswp-item\" title=\"ee0e70bf-b574-49f2-beb9-4ad574e937e0\" data-dt-img-description=\"\" data-large_image_width=\"1592\" data-large_image_height=\"2048\"href='https:\/\/www.radiopiu.net\/wordpress\/wp-content\/uploads\/2024\/07\/ee0e70bf-b574-49f2-beb9-4ad574e937e0-1.jpg'><img loading=\"lazy\" decoding=\"async\" width=\"150\" height=\"150\" src=\"https:\/\/www.radiopiu.net\/wordpress\/wp-content\/uploads\/2024\/07\/ee0e70bf-b574-49f2-beb9-4ad574e937e0-1-150x150.jpg\" class=\"attachment-thumbnail size-thumbnail\" alt=\"\" aria-describedby=\"gallery-8-402362\" \/><\/a>\n\t\t\t\t<\/dt>\n\t\t\t\t\t<dd class='wp-caption-text gallery-caption' id='gallery-8-402362'>\n\t\t\t\t\tBOCCIODROMO AD AGORDO&#8230; L&#8217;ESTATE CONTINUA\n\t\t\t\t\t<\/dd><\/dl><dl class='gallery-item'>\n\t\t\t\t<dt class='gallery-icon portrait'>\n\t\t\t\t\t<a class=\"rollover rollover-zoom dt-pswp-item\" title=\"453435279_122166255218160070_5477559706341740291_n\" data-dt-img-description=\"\" data-large_image_width=\"526\" data-large_image_height=\"1052\"href='https:\/\/www.radiopiu.net\/wordpress\/wp-content\/uploads\/2024\/08\/453435279_122166255218160070_5477559706341740291_n.jpg'><img loading=\"lazy\" decoding=\"async\" width=\"150\" height=\"150\" src=\"https:\/\/www.radiopiu.net\/wordpress\/wp-content\/uploads\/2024\/08\/453435279_122166255218160070_5477559706341740291_n-150x150.jpg\" class=\"attachment-thumbnail size-thumbnail\" alt=\"\" aria-describedby=\"gallery-8-402925\" \/><\/a>\n\t\t\t\t<\/dt>\n\t\t\t\t\t<dd class='wp-caption-text gallery-caption' id='gallery-8-402925'>\n\t\t\t\t\tL&#8217;ESTATE AL CINEMA DOLOMITI DI FALCADE\n\t\t\t\t\t<\/dd><\/dl><dl class='gallery-item'>\n\t\t\t\t<dt class='gallery-icon portrait'>\n\t\t\t\t\t<a class=\"rollover rollover-zoom dt-pswp-item\" title=\"LOC_A3_MOSTRA-RADIO_CMVI\" data-dt-img-description=\"\" data-large_image_width=\"1816\" data-large_image_height=\"2560\"href='https:\/\/www.radiopiu.net\/wordpress\/wp-content\/uploads\/2024\/08\/LOC_A3_MOSTRA-RADIO_CMVI-scaled.jpg'><img loading=\"lazy\" decoding=\"async\" width=\"150\" height=\"150\" src=\"https:\/\/www.radiopiu.net\/wordpress\/wp-content\/uploads\/2024\/08\/LOC_A3_MOSTRA-RADIO_CMVI-150x150.jpg\" class=\"attachment-thumbnail size-thumbnail\" alt=\"\" aria-describedby=\"gallery-8-403450\" \/><\/a>\n\t\t\t\t<\/dt>\n\t\t\t\t\t<dd class='wp-caption-text gallery-caption' id='gallery-8-403450'>\n\t\t\t\t\tLA MOSTRA DELLE RADIO IN VALLE IMPERINA\n\t\t\t\t\t<\/dd><\/dl><br style=\"clear: both\" \/><dl class='gallery-item'>\n\t\t\t\t<dt class='gallery-icon portrait'>\n\t\t\t\t\t<a class=\"rollover rollover-zoom dt-pswp-item\" title=\"ARSON CORSO\" data-dt-img-description=\"\" data-large_image_width=\"671\" data-large_image_height=\"756\"href='https:\/\/www.radiopiu.net\/wordpress\/wp-content\/uploads\/2024\/08\/ARSON-CORSO.png'><img loading=\"lazy\" decoding=\"async\" width=\"150\" height=\"150\" src=\"https:\/\/www.radiopiu.net\/wordpress\/wp-content\/uploads\/2024\/08\/ARSON-CORSO-150x150.png\" class=\"attachment-thumbnail size-thumbnail\" alt=\"\" aria-describedby=\"gallery-8-403730\" \/><\/a>\n\t\t\t\t<\/dt>\n\t\t\t\t\t<dd class='wp-caption-text gallery-caption' id='gallery-8-403730'>\n\t\t\t\t\tCORSO DI FOTOGRAFIA A FELTRE\n\t\t\t\t\t<\/dd><\/dl><dl class='gallery-item'>\n\t\t\t\t<dt class='gallery-icon portrait'>\n\t\t\t\t\t<a class=\"rollover rollover-zoom dt-pswp-item\" title=\"c442104f-357c-4a86-a34f-8fbcba79b7ec\" data-dt-img-description=\"\" data-large_image_width=\"650\" data-large_image_height=\"800\"href='https:\/\/www.radiopiu.net\/wordpress\/wp-content\/uploads\/2024\/08\/c442104f-357c-4a86-a34f-8fbcba79b7ec.jpg'><img loading=\"lazy\" decoding=\"async\" width=\"150\" height=\"150\" src=\"https:\/\/www.radiopiu.net\/wordpress\/wp-content\/uploads\/2024\/08\/c442104f-357c-4a86-a34f-8fbcba79b7ec-150x150.jpg\" class=\"attachment-thumbnail size-thumbnail\" alt=\"\" aria-describedby=\"gallery-8-404802\" \/><\/a>\n\t\t\t\t<\/dt>\n\t\t\t\t\t<dd class='wp-caption-text gallery-caption' id='gallery-8-404802'>\n\t\t\t\t\tLE SPECIALITA&#8217; DEL RISTOBAR GHEGI\n\t\t\t\t\t<\/dd><\/dl><dl class='gallery-item'>\n\t\t\t\t<dt class='gallery-icon portrait'>\n\t\t\t\t\t<a class=\"rollover rollover-zoom dt-pswp-item\" title=\"download\" data-dt-img-description=\"\" data-large_image_width=\"600\" data-large_image_height=\"849\"href='https:\/\/www.radiopiu.net\/wordpress\/wp-content\/uploads\/2024\/08\/download.jpg'><img loading=\"lazy\" decoding=\"async\" width=\"150\" height=\"150\" src=\"https:\/\/www.radiopiu.net\/wordpress\/wp-content\/uploads\/2024\/08\/download-150x150.jpg\" class=\"attachment-thumbnail size-thumbnail\" alt=\"\" aria-describedby=\"gallery-8-404972\" \/><\/a>\n\t\t\t\t<\/dt>\n\t\t\t\t\t<dd class='wp-caption-text gallery-caption' id='gallery-8-404972'>\n\t\t\t\t\tPROLOCO SEDICO\n\t\t\t\t\t<\/dd><\/dl><dl class='gallery-item'>\n\t\t\t\t<dt class='gallery-icon landscape'>\n\t\t\t\t\t<a class=\"rollover rollover-zoom dt-pswp-item\" title=\"b46872fc-6ed8-4cb8-ab0d-ce6542b9bbc5\" data-dt-img-description=\"\" data-large_image_width=\"1518\" data-large_image_height=\"1142\"href='https:\/\/www.radiopiu.net\/wordpress\/wp-content\/uploads\/2024\/08\/b46872fc-6ed8-4cb8-ab0d-ce6542b9bbc5.jpg'><img loading=\"lazy\" decoding=\"async\" width=\"150\" height=\"150\" src=\"https:\/\/www.radiopiu.net\/wordpress\/wp-content\/uploads\/2024\/08\/b46872fc-6ed8-4cb8-ab0d-ce6542b9bbc5-150x150.jpg\" class=\"attachment-thumbnail size-thumbnail\" alt=\"\" aria-describedby=\"gallery-8-404968\" \/><\/a>\n\t\t\t\t<\/dt>\n\t\t\t\t\t<dd class='wp-caption-text gallery-caption' id='gallery-8-404968'>\n\t\t\t\t\tCORRI POI.. ULTIMA TAPPA\n\t\t\t\t\t<\/dd><\/dl><br style=\"clear: both\" \/><dl class='gallery-item'>\n\t\t\t\t<dt class='gallery-icon portrait'>\n\t\t\t\t\t<a class=\"rollover rollover-zoom dt-pswp-item\" title=\"c4009_Tour_Forestale_PEFC_Tappa_Col_di_Lana\" data-dt-img-description=\"\" data-large_image_width=\"1020\" data-large_image_height=\"1446\"href='https:\/\/www.radiopiu.net\/wordpress\/wp-content\/uploads\/2024\/08\/c4009_Tour_Forestale_PEFC_Tappa_Col_di_Lana.png'><img loading=\"lazy\" decoding=\"async\" width=\"150\" height=\"150\" src=\"https:\/\/www.radiopiu.net\/wordpress\/wp-content\/uploads\/2024\/08\/c4009_Tour_Forestale_PEFC_Tappa_Col_di_Lana-150x150.png\" class=\"attachment-thumbnail size-thumbnail\" alt=\"\" aria-describedby=\"gallery-8-405046\" \/><\/a>\n\t\t\t\t<\/dt>\n\t\t\t\t\t<dd class='wp-caption-text gallery-caption' id='gallery-8-405046'>\n\t\t\t\t\tCON UNCEM A LIVINALLONGO\n\t\t\t\t\t<\/dd><\/dl><dl class='gallery-item'>\n\t\t\t\t<dt class='gallery-icon portrait'>\n\t\t\t\t\t<a class=\"rollover rollover-zoom dt-pswp-item\" title=\"Scrivere di alberi 2024 (1)\" data-dt-img-description=\"\" data-large_image_width=\"1414\" data-large_image_height=\"2000\"href='https:\/\/www.radiopiu.net\/wordpress\/wp-content\/uploads\/2024\/08\/Scrivere-di-alberi-2024-1.png'><img loading=\"lazy\" decoding=\"async\" width=\"150\" height=\"150\" src=\"https:\/\/www.radiopiu.net\/wordpress\/wp-content\/uploads\/2024\/08\/Scrivere-di-alberi-2024-1-150x150.png\" class=\"attachment-thumbnail size-thumbnail\" alt=\"\" aria-describedby=\"gallery-8-406125\" \/><\/a>\n\t\t\t\t<\/dt>\n\t\t\t\t\t<dd class='wp-caption-text gallery-caption' id='gallery-8-406125'>\n\t\t\t\t\tSCRIVERE DI ALBERI\n\t\t\t\t\t<\/dd><\/dl>\n\t\t\t\t<br style='clear: both' \/>\n\t\t\t<\/div>\n\n<p><b>OGGI DOMANI E MERCOLEDI&#8217; AL CINEMA DOLOMITI DI FALCADE IL FILM D&#8217;AZIONE TWISTERS. SPETTACOLI ALLE 21:15<\/b><\/p>\n<\/div>\n<\/div>\n<\/div>\n<p><strong>BELLUNO<\/strong> Il &#8220;Dall\u2019Ardo alla Piave Festival&#8221; si terr\u00e0 il 9 e 30 agosto e si concluder\u00e0 il 6 settembre a Borgo Piave. Il 9 agosto alle 20:30, il gruppo folk Rudem\u00e0 si esibir\u00e0 con un concerto di musica tradizionale veneta e del Nord Italia. Il 30 agosto, alla stessa ora, Sonia Vazza presenter\u00e0 la lettura scenica &#8220;La Cotogna di Istanbul&#8221; con accompagnamento musicale di Paolo Forte, un omaggio al libro di Paolo Rumiz. Il festival \u00e8 organizzato dall\u2019associazione Borgo Piave ETC aps con il supporto di varie associazioni e gruppi locali.<\/p>\n<h2><\/h2>\n<p>&nbsp;<\/p>\n<div><\/div>\n<p>&nbsp;<\/p>\n<hr \/>\n<p>&nbsp;<\/p>\n<p><a class=\"dt-pswp-item\" href=\"https:\/\/www.radiopiu.net\/wordpress\/wp-content\/uploads\/2018\/09\/viabilita.jpeg\" data-dt-img-description=\"\" data-large_image_width=\"800\" data-large_image_height=\"100\"><img loading=\"lazy\" decoding=\"async\" class=\"aligncenter wp-image-61954 size-full\" src=\"https:\/\/www.radiopiu.net\/wordpress\/wp-content\/uploads\/2018\/09\/viabilita.jpeg\" alt=\"\" width=\"800\" height=\"100\" srcset=\"https:\/\/www.radiopiu.net\/wordpress\/wp-content\/uploads\/2018\/09\/viabilita.jpeg 800w, https:\/\/www.radiopiu.net\/wordpress\/wp-content\/uploads\/2018\/09\/viabilita-300x38.jpeg 300w, https:\/\/www.radiopiu.net\/wordpress\/wp-content\/uploads\/2018\/09\/viabilita-768x96.jpeg 768w\" sizes=\"auto, (max-width: 800px) 100vw, 800px\" \/><\/a><\/p>\n<p>&nbsp;<\/p>\n<p><a class=\"dt-pswp-item\" href=\"https:\/\/www.radiopiu.net\/wordpress\/wp-content\/uploads\/2023\/12\/botol-car-service.jpg\" data-dt-img-description=\"\" data-large_image_width=\"600\" data-large_image_height=\"600\"><img loading=\"lazy\" decoding=\"async\" class=\"size-medium wp-image-367044 aligncenter\" src=\"https:\/\/www.radiopiu.net\/wordpress\/wp-content\/uploads\/2023\/12\/botol-car-service-300x300.jpg\" alt=\"\" width=\"300\" height=\"300\" srcset=\"https:\/\/www.radiopiu.net\/wordpress\/wp-content\/uploads\/2023\/12\/botol-car-service-300x300.jpg 300w, https:\/\/www.radiopiu.net\/wordpress\/wp-content\/uploads\/2023\/12\/botol-car-service-150x150.jpg 150w, https:\/\/www.radiopiu.net\/wordpress\/wp-content\/uploads\/2023\/12\/botol-car-service.jpg 600w\" sizes=\"auto, (max-width: 300px) 100vw, 300px\" \/><\/a><\/p>\n<p>&nbsp;<\/p>\n<p>&nbsp;<\/p>\n<h1>BOLLETTINO QUOTIDIANO, CLICCA QUI<\/h1>\n<blockquote class=\"wp-embedded-content\" data-secret=\"U8rovHDzn9\"><p><a href=\"https:\/\/www.radiopiu.net\/wordpress\/viabilita-2\/\">viabilita<\/a><\/p><\/blockquote>\n<p><iframe loading=\"lazy\" class=\"wp-embedded-content\" sandbox=\"allow-scripts\" security=\"restricted\" style=\"position: absolute; visibility: hidden;\" title=\"&#8220;viabilita&#8221; &#8212; Radio Pi\u00f9\" src=\"https:\/\/www.radiopiu.net\/wordpress\/viabilita-2\/embed\/#?secret=8A6jQrHgoy#?secret=U8rovHDzn9\" data-secret=\"U8rovHDzn9\" width=\"600\" height=\"338\" frameborder=\"0\" marginwidth=\"0\" marginheight=\"0\" scrolling=\"no\"><\/iframe><\/p>\n<p>&nbsp;<\/p>\n<p>&nbsp;<\/p>\n<hr \/>\n<p>&nbsp;<\/p>\n<p><a class=\"dt-pswp-item\" href=\"https:\/\/www.radiopiu.net\/wordpress\/wp-content\/uploads\/2018\/09\/WhatsApp-Image-2018-09-20-at-16.04.06.jpeg\" data-dt-img-description=\"\" data-large_image_width=\"800\" data-large_image_height=\"100\"><img loading=\"lazy\" decoding=\"async\" class=\"wp-image-61378 size-full aligncenter\" src=\"https:\/\/www.radiopiu.net\/wordpress\/wp-content\/uploads\/2018\/09\/WhatsApp-Image-2018-09-20-at-16.04.06.jpeg\" alt=\"\" width=\"800\" height=\"100\" srcset=\"https:\/\/www.radiopiu.net\/wordpress\/wp-content\/uploads\/2018\/09\/WhatsApp-Image-2018-09-20-at-16.04.06.jpeg 800w, https:\/\/www.radiopiu.net\/wordpress\/wp-content\/uploads\/2018\/09\/WhatsApp-Image-2018-09-20-at-16.04.06-300x38.jpeg 300w, https:\/\/www.radiopiu.net\/wordpress\/wp-content\/uploads\/2018\/09\/WhatsApp-Image-2018-09-20-at-16.04.06-768x96.jpeg 768w\" sizes=\"auto, (max-width: 800px) 100vw, 800px\" \/><\/a><\/p>\n<p><center><\/center><center><\/center><center><\/center><center><\/center><center><\/center><center><\/center>&nbsp;<\/p>\n<p><center><\/center><center><b>OGGI<\/b><\/center>Tempo da variabile a tratti un p\u00f2 instabile con nuvolosit\u00e0 irregolare a tratti estesa alternata a schiarite anche ampie.<br \/>\n<b>Precipitazioni: <\/b>Probabilit\u00e0 media di rovesci e temporali isolati o al pi\u00f9 sparsi, possibili a tratti durante tutta la giornata e gi\u00e0 in nottata su Prealpi, mentre su Dolomiti saranno maggiormente probabili durante le ore centrali e nel pomeriggio\/sera. Non sono esclusi locali temporali di forte intensit\u00e0.<br \/>\n<b>Temperature: <\/b>Temperature in generale diminuzione specie le massime, mentre le minime nelle valli saranno stazionarie o in lieve aumento.<\/p>\n<hr \/>\n<p><center><b>DOMANI<\/b><\/center>Meno instabile rispetto a luned\u00ec. Nuvolosit\u00e0 variabile meno presente con pi\u00f9 schiarite specie al mattino su Dolomiti, mentre su Prealpi il cielo sar\u00e0 irregolarmente nuvoloso. Nel pomeriggio irregolare nuvolosit\u00e0 cumuliforme moderata.<br \/>\n<b>Precipitazioni: <\/b>Al mattino qualche isolato rovescio\/temporale su Prealpi poco probabile su Dolomiti. Nel pomeriggio probabilit\u00e0 medio-bassa di isolati e brevi rovesci\/temporali<br \/>\n<b>Temperature: <\/b>Temperature pressoch\u00e8 stazionarie o al pi\u00f9 in lieve calo le minime a fondovalle e lieve aumento le massime.<\/p>\n<hr \/>\n<p><center><b>MERCOLEDI<\/b><\/center>Cielo generalmente poco nuvoloso al mattino con possibili nubi basse fino al primo mattino in alcune valli e consueta nuvolosit\u00e0 cumuliforme al pomeriggio, generalmente modesta o al pi\u00f9 localmente moderata su Prealpi. Seppur molto bassa non \u00e8 nulla la probabilit\u00e0 di un rovescio\/temporale nel pomeriggio. Temperature pressoch\u00e8 stazionarie o in lieve aumento le massime.<\/p>\n<hr \/>\n<p><center><b>GIOVEDI<\/b><\/center>Sereno o poco nuvoloso al mattino con qualche nube bassa nelle valli fino all&#8217;alba. Nel pomeriggio modesta nuvolosit\u00e0 cumuliforme e non del tutto escluso un rovescio\/temporale su Prealpi. Temperature stazionarie.<\/p>\n<p>&nbsp;<\/p>\n<hr \/>\n<p>&nbsp;<\/p>\n<p><a class=\"dt-pswp-item\" href=\"https:\/\/www.radiopiu.net\/wordpress\/wp-content\/uploads\/2018\/09\/sport.jpg\" data-dt-img-description=\"\" data-large_image_width=\"800\" data-large_image_height=\"100\"><img loading=\"lazy\" decoding=\"async\" class=\"aligncenter wp-image-60761 size-full\" src=\"https:\/\/www.radiopiu.net\/wordpress\/wp-content\/uploads\/2018\/09\/sport.jpg\" alt=\"\" width=\"800\" height=\"100\" srcset=\"https:\/\/www.radiopiu.net\/wordpress\/wp-content\/uploads\/2018\/09\/sport.jpg 800w, https:\/\/www.radiopiu.net\/wordpress\/wp-content\/uploads\/2018\/09\/sport-300x38.jpg 300w, https:\/\/www.radiopiu.net\/wordpress\/wp-content\/uploads\/2018\/09\/sport-768x96.jpg 768w\" sizes=\"auto, (max-width: 800px) 100vw, 800px\" \/><\/a><\/p>\n<p>&nbsp;<\/p>\n<p><span style=\"color: #0000ff;\"><strong>HOCKEY SU GHIACCIO<\/strong><\/span><\/p>\n<blockquote>\n<h3>SOEL COSTANTIN DI NUOVO IN BIANCOROSSO<\/h3>\n<\/blockquote>\n<p><strong><a class=\"dt-pswp-item\" href=\"https:\/\/www.radiopiu.net\/wordpress\/wp-content\/uploads\/2024\/08\/52387847-8813-415e-aa0c-0ae227b3f81e.jpg\" data-dt-img-description=\"\" data-large_image_width=\"822\" data-large_image_height=\"492\"><img loading=\"lazy\" decoding=\"async\" class=\" wp-image-406710 alignleft\" src=\"https:\/\/www.radiopiu.net\/wordpress\/wp-content\/uploads\/2024\/08\/52387847-8813-415e-aa0c-0ae227b3f81e-300x180.jpg\" alt=\"\" width=\"213\" height=\"128\" srcset=\"https:\/\/www.radiopiu.net\/wordpress\/wp-content\/uploads\/2024\/08\/52387847-8813-415e-aa0c-0ae227b3f81e-300x180.jpg 300w, https:\/\/www.radiopiu.net\/wordpress\/wp-content\/uploads\/2024\/08\/52387847-8813-415e-aa0c-0ae227b3f81e-768x460.jpg 768w, https:\/\/www.radiopiu.net\/wordpress\/wp-content\/uploads\/2024\/08\/52387847-8813-415e-aa0c-0ae227b3f81e.jpg 822w\" sizes=\"auto, (max-width: 213px) 100vw, 213px\" \/><\/a>DI ROBERTO MIANA, PORTAVOCE DELL&#8217;ALLEGHE HOCKEY<\/strong><\/p>\n<p>La Societ\u00e0 Alleghe Hockey \u00e8 lieta di annunciare il ritorno in biancorosso di Soel Costantin. Il difensore trentenne (classe 1994) originario della Valle di Zoldo, di 180 cm per 80 kg, arriva ad Alleghe in prestito dal Fassa. Cresciuto nelle giovanili alleghesi ha esordito in serie A con le Civette nella stagione 2011\/2012 e dopo una parentesi nelle Under 20 di Fassa e Cortina ha giocare 11 stagioni nella prima squadra Fassana tra serie A e Alps Hockey League. Soel \u00e8 un innesto molto importante nello scacchiere del neo coach finlandese Vesa Surenkin, che va a rinforzare sia numericamente che con tecnica e prestanza fisica il reparto arretrato biancorosso. La dirigenza di via Lungolago \u00e8 felice di riabbracciare un giocatore che d\u00e0 sempre il 100% in ogni partita e uomo squadra sia sul ghiaccio che nello spogliatoio.<\/p>\n<p>&nbsp;<\/p>\n<p><span style=\"color: #0000ff;\"><strong>CORSA IN MONTAGNA<\/strong><\/span><\/p>\n<blockquote>\n<h3>HERMANN DE BORTOLIS E HEIDI DAPUNT SI AGGIUDICANO LA VERTICAL 107 2024<\/h3>\n<\/blockquote>\n<p><strong><a class=\"dt-pswp-item\" href=\"https:\/\/www.radiopiu.net\/wordpress\/wp-content\/uploads\/2024\/08\/c95268d1-baac-4b25-83fc-4a4f9be3ce33.jpg\" data-dt-img-description=\"\" data-large_image_width=\"1200\" data-large_image_height=\"600\"><img loading=\"lazy\" decoding=\"async\" class=\" wp-image-406793 alignleft\" src=\"https:\/\/www.radiopiu.net\/wordpress\/wp-content\/uploads\/2024\/08\/c95268d1-baac-4b25-83fc-4a4f9be3ce33-300x150.jpg\" alt=\"\" width=\"216\" height=\"108\" srcset=\"https:\/\/www.radiopiu.net\/wordpress\/wp-content\/uploads\/2024\/08\/c95268d1-baac-4b25-83fc-4a4f9be3ce33-300x150.jpg 300w, https:\/\/www.radiopiu.net\/wordpress\/wp-content\/uploads\/2024\/08\/c95268d1-baac-4b25-83fc-4a4f9be3ce33-1024x512.jpg 1024w, https:\/\/www.radiopiu.net\/wordpress\/wp-content\/uploads\/2024\/08\/c95268d1-baac-4b25-83fc-4a4f9be3ce33-768x384.jpg 768w, https:\/\/www.radiopiu.net\/wordpress\/wp-content\/uploads\/2024\/08\/c95268d1-baac-4b25-83fc-4a4f9be3ce33.jpg 1200w\" sizes=\"auto, (max-width: 216px) 100vw, 216px\" \/><\/a>FALCADE<\/strong> Si \u00e8 svolta tra le localit\u00e0 Molino e Le Buse a Falcade la Vertical 107, la gara di corsa estrema che ha visto i concorrenti affrontare i 107 scalini che collegano le due zone falcadine. Quest&#8217;anno la competizione era in memoria di Rachele Costa, storica gestrice del Rifugio Le Buse che a causa di un malore \u00e8 morta lo scorso gennaio. Sulla lunghezza di 1900 metri ed un dislivello di 670 metri si sono sfidati oltre 160 concorrenti e ad avere la meglio \u00e8 stato Hermann De Bortolis che ha chiuso in 25&#8217;43&#8221;. Secondo Leonardo Vincenzo Taufer e terza posizione per Daniele Barchetti. In ambito femminile Heidi Dapunt si aggiudica la gara in 36&#8217;38&#8221;, al secondo posto Daniela Miatello e terza Graziella Fortuna.<\/p>\n<p>&nbsp;<\/p>\n\n\t\t\t<style type='text\/css'>\n\t\t\t\t#gallery-9 {\n\t\t\t\t\tmargin: auto;\n\t\t\t\t}\n\t\t\t\t#gallery-9 .gallery-item {\n\t\t\t\t\tfloat: left;\n\t\t\t\t\tmargin-top: 10px;\n\t\t\t\t\ttext-align: center;\n\t\t\t\t\twidth: 25%;\n\t\t\t\t}\n\t\t\t\t#gallery-9 img {\n\t\t\t\t\tborder: 2px solid #cfcfcf;\n\t\t\t\t}\n\t\t\t\t#gallery-9 .gallery-caption {\n\t\t\t\t\tmargin-left: 0;\n\t\t\t\t}\n\t\t\t\t\/* see gallery_shortcode() in wp-includes\/media.php *\/\n\t\t\t<\/style>\n\t\t<div id='gallery-9' class='dt-gallery-container gallery galleryid-406651 gallery-columns-4 gallery-size-thumbnail'><dl class='gallery-item'>\n\t\t\t\t<dt class='gallery-icon portrait'>\n\t\t\t\t\t<a class=\"rollover rollover-zoom dt-pswp-item\" title=\"8eba4697-2ea7-415d-bbb1-9b1393eeb93e\" data-dt-img-description=\"\" data-large_image_width=\"1200\" data-large_image_height=\"1600\"href='https:\/\/www.radiopiu.net\/wordpress\/wp-content\/uploads\/2024\/08\/8eba4697-2ea7-415d-bbb1-9b1393eeb93e.jpg'><img loading=\"lazy\" decoding=\"async\" width=\"150\" height=\"150\" src=\"https:\/\/www.radiopiu.net\/wordpress\/wp-content\/uploads\/2024\/08\/8eba4697-2ea7-415d-bbb1-9b1393eeb93e-150x150.jpg\" class=\"attachment-thumbnail size-thumbnail\" alt=\"\" \/><\/a>\n\t\t\t\t<\/dt><\/dl><dl class='gallery-item'>\n\t\t\t\t<dt class='gallery-icon portrait'>\n\t\t\t\t\t<a class=\"rollover rollover-zoom dt-pswp-item\" title=\"87d57b25-5560-4b8b-8591-d9caa05ade27\" data-dt-img-description=\"\" data-large_image_width=\"1200\" data-large_image_height=\"1600\"href='https:\/\/www.radiopiu.net\/wordpress\/wp-content\/uploads\/2024\/08\/87d57b25-5560-4b8b-8591-d9caa05ade27.jpg'><img loading=\"lazy\" decoding=\"async\" width=\"150\" height=\"150\" src=\"https:\/\/www.radiopiu.net\/wordpress\/wp-content\/uploads\/2024\/08\/87d57b25-5560-4b8b-8591-d9caa05ade27-150x150.jpg\" class=\"attachment-thumbnail size-thumbnail\" alt=\"\" \/><\/a>\n\t\t\t\t<\/dt><\/dl><dl class='gallery-item'>\n\t\t\t\t<dt class='gallery-icon portrait'>\n\t\t\t\t\t<a class=\"rollover rollover-zoom dt-pswp-item\" title=\"abe6d3f0-1e6a-4467-bac7-a96a3eeb5799\" data-dt-img-description=\"\" data-large_image_width=\"1200\" data-large_image_height=\"1600\"href='https:\/\/www.radiopiu.net\/wordpress\/wp-content\/uploads\/2024\/08\/abe6d3f0-1e6a-4467-bac7-a96a3eeb5799.jpg'><img loading=\"lazy\" decoding=\"async\" width=\"150\" height=\"150\" src=\"https:\/\/www.radiopiu.net\/wordpress\/wp-content\/uploads\/2024\/08\/abe6d3f0-1e6a-4467-bac7-a96a3eeb5799-150x150.jpg\" class=\"attachment-thumbnail size-thumbnail\" alt=\"\" \/><\/a>\n\t\t\t\t<\/dt><\/dl><dl class='gallery-item'>\n\t\t\t\t<dt class='gallery-icon portrait'>\n\t\t\t\t\t<a class=\"rollover rollover-zoom dt-pswp-item\" title=\"5dc3c2fe-6a00-40b0-837b-4c735c6eaad7\" data-dt-img-description=\"\" data-large_image_width=\"1200\" data-large_image_height=\"1600\"href='https:\/\/www.radiopiu.net\/wordpress\/wp-content\/uploads\/2024\/08\/5dc3c2fe-6a00-40b0-837b-4c735c6eaad7.jpg'><img loading=\"lazy\" decoding=\"async\" width=\"150\" height=\"150\" src=\"https:\/\/www.radiopiu.net\/wordpress\/wp-content\/uploads\/2024\/08\/5dc3c2fe-6a00-40b0-837b-4c735c6eaad7-150x150.jpg\" class=\"attachment-thumbnail size-thumbnail\" alt=\"\" \/><\/a>\n\t\t\t\t<\/dt><\/dl><br style=\"clear: both\" \/>\n\t\t\t<\/div>\n\n<p><strong>PER CONSULTARE LE CLASSIFICHE <a href=\"https:\/\/www.dtiming.it\/wp-content\/glive\/g-live.html?f=\/wp-content\/glive-results\/vertical-107-2024\/Vertical%20107.clax\"><span style=\"color: #3366ff;\">CLICCA QUI<\/span><\/a><\/strong><\/p>\n<h2 style=\"text-align: center;\"><span style=\"color: #ff00ff;\">UN SORRISO&#8230;DI JOHN FRANCIS DELLA PIETRA<\/span><\/h2>\n<p><strong><a class=\"dt-pswp-item\" href=\"https:\/\/www.radiopiu.net\/wordpress\/wp-content\/uploads\/2024\/08\/bd73f50b-bf7f-4587-8288-e4fc23cef4be.jpg\" data-dt-img-description=\"\" data-large_image_width=\"1054\" data-large_image_height=\"593\"><img loading=\"lazy\" decoding=\"async\" class=\" wp-image-406755 alignleft\" src=\"https:\/\/www.radiopiu.net\/wordpress\/wp-content\/uploads\/2024\/08\/bd73f50b-bf7f-4587-8288-e4fc23cef4be-300x169.jpg\" alt=\"\" width=\"202\" height=\"114\" srcset=\"https:\/\/www.radiopiu.net\/wordpress\/wp-content\/uploads\/2024\/08\/bd73f50b-bf7f-4587-8288-e4fc23cef4be-300x169.jpg 300w, https:\/\/www.radiopiu.net\/wordpress\/wp-content\/uploads\/2024\/08\/bd73f50b-bf7f-4587-8288-e4fc23cef4be-1024x576.jpg 1024w, https:\/\/www.radiopiu.net\/wordpress\/wp-content\/uploads\/2024\/08\/bd73f50b-bf7f-4587-8288-e4fc23cef4be-768x432.jpg 768w, https:\/\/www.radiopiu.net\/wordpress\/wp-content\/uploads\/2024\/08\/bd73f50b-bf7f-4587-8288-e4fc23cef4be.jpg 1054w\" sizes=\"auto, (max-width: 202px) 100vw, 202px\" \/><\/a>UN SORRISO<\/strong><\/p>\n<p><strong>DI JOHN FRANCIS DELLA PIETRA<\/strong><\/p>\n<audio class=\"wp-audio-shortcode\" id=\"audio-406651-10\" preload=\"none\" style=\"width: 100%;\" controls=\"controls\"><source type=\"audio\/mpeg\" src=\"https:\/\/www.radiopiu.net\/wordpress\/wp-content\/uploads\/2024\/08\/JOHN-FRANCIS-UN-SORRISO.mp3?_=10\" \/><a href=\"https:\/\/www.radiopiu.net\/wordpress\/wp-content\/uploads\/2024\/08\/JOHN-FRANCIS-UN-SORRISO.mp3\">https:\/\/www.radiopiu.net\/wordpress\/wp-content\/uploads\/2024\/08\/JOHN-FRANCIS-UN-SORRISO.mp3<\/a><\/audio>\n<p><span style=\"color: #0000ff;\"><strong>BASKET<\/strong><\/span><\/p>\n<blockquote>\n<h3>L&#8217;UMANA REYER IN RITIRO A FALCADE<\/h3>\n<\/blockquote>\n<p><strong>FALCADE<\/strong> Inizia il ritiro dell&#8217;Umana Reyer venezia a Falcade. La squadra di Basket sar\u00e0 in Valle del Biois per una settimana dove preparer\u00e0 gli allenamenti in vista della prossima stagione di serie A. Intanto l&#8217;arrivo sotto al Focobon con l&#8217;aperitivo di benvenuto all&#8217;Hotel Cristal di Falcade.<\/p>\n<p><strong>LA DIRETTA RADIO PIU&#8217;<\/strong><\/p>\n<p><iframe loading=\"lazy\" title=\"Diretta Radio Piu\" width=\"1200\" height=\"900\" src=\"https:\/\/www.youtube.com\/embed\/SRTzswinXCQ?feature=oembed\" frameborder=\"0\" allow=\"accelerometer; autoplay; clipboard-write; encrypted-media; gyroscope; picture-in-picture; web-share\" referrerpolicy=\"strict-origin-when-cross-origin\" allowfullscreen><\/iframe><\/p>\n<p><span style=\"color: #0000ff;\"><strong>\u00a0\u00a0<\/strong><\/span><\/p>\n<hr \/>\n<p>&nbsp;<\/p>\n<p>&nbsp;<\/p>\n<p>&nbsp;<\/p>\n<p><span style=\"color: #0000ff;\"><strong> <a class=\"dt-pswp-item\" href=\"https:\/\/www.radiopiu.net\/wordpress\/wp-content\/uploads\/2024\/08\/Andrea-Fontana.jpg\" data-dt-img-description=\"\" data-large_image_width=\"2362\" data-large_image_height=\"1575\"><img loading=\"lazy\" decoding=\"async\" class=\"wp-image-406212 alignleft\" src=\"https:\/\/www.radiopiu.net\/wordpress\/wp-content\/uploads\/2024\/08\/Andrea-Fontana-300x200.jpg\" alt=\"\" width=\"182\" height=\"121\" srcset=\"https:\/\/www.radiopiu.net\/wordpress\/wp-content\/uploads\/2024\/08\/Andrea-Fontana-300x200.jpg 300w, https:\/\/www.radiopiu.net\/wordpress\/wp-content\/uploads\/2024\/08\/Andrea-Fontana-1024x683.jpg 1024w, https:\/\/www.radiopiu.net\/wordpress\/wp-content\/uploads\/2024\/08\/Andrea-Fontana-768x512.jpg 768w, https:\/\/www.radiopiu.net\/wordpress\/wp-content\/uploads\/2024\/08\/Andrea-Fontana-1536x1024.jpg 1536w, https:\/\/www.radiopiu.net\/wordpress\/wp-content\/uploads\/2024\/08\/Andrea-Fontana-2048x1366.jpg 2048w\" sizes=\"auto, (max-width: 182px) 100vw, 182px\" \/><\/a>MOTORI\u00a0<\/strong><\/span><\/p>\n<blockquote><p><strong>Gran Turismo: Fontana e Mainetti protagonisti al Mugello<\/strong><\/p><\/blockquote>\n<p>Nel terzo round della categoria Sprint del campionato italiano Gran Turismo al Mugello, Andrea Fontana e il nuovo compagno Alessandro Mainetti hanno ottenuto un quinto posto nelle prove. Dopo un ritiro in Gara 1, hanno tagliato per primi il traguardo in Gara 2, ma un errore strategico li ha relegati all&#8217;ottavo posto.<\/p>\n<div class=\"mt-1 flex gap-3 empty:hidden -ml-2\">\n<div class=\"items-center justify-start rounded-xl p-1 flex\">\n<div class=\"flex items-center\">\n<div class=\"flex\"><\/div>\n<\/div>\n<\/div>\n<\/div>\n<p>&nbsp;<\/p>\n<hr \/>\n<p>&nbsp;<\/p>\n<p><span style=\"color: #0000ff;\"><strong>TENNIS<\/strong><\/span><\/p>\n<blockquote>\n<h2>Falcade Dolomiti Slam: Un Successo per la 2\u00aa Edizione del Torneo di Tennis Amatoriale<\/h2>\n<\/blockquote>\n<div class=\"flex w-full flex-col gap-1 empty:hidden first:pt-[3px]\">\n<div class=\"markdown prose w-full break-words dark:prose-invert dark\">\n<blockquote><p>&nbsp;<\/p><\/blockquote>\n<p><a class=\"dt-pswp-item\" href=\"https:\/\/www.radiopiu.net\/wordpress\/wp-content\/uploads\/2024\/08\/3e5941c9-6f1d-4e68-942e-fd7397d73e77.jpg\" data-dt-img-description=\"\" data-large_image_width=\"1536\" data-large_image_height=\"2048\"><img loading=\"lazy\" decoding=\"async\" class=\"size-medium wp-image-406838 alignleft\" src=\"https:\/\/www.radiopiu.net\/wordpress\/wp-content\/uploads\/2024\/08\/3e5941c9-6f1d-4e68-942e-fd7397d73e77-225x300.jpg\" alt=\"\" width=\"225\" height=\"300\" srcset=\"https:\/\/www.radiopiu.net\/wordpress\/wp-content\/uploads\/2024\/08\/3e5941c9-6f1d-4e68-942e-fd7397d73e77-225x300.jpg 225w, https:\/\/www.radiopiu.net\/wordpress\/wp-content\/uploads\/2024\/08\/3e5941c9-6f1d-4e68-942e-fd7397d73e77-768x1024.jpg 768w, https:\/\/www.radiopiu.net\/wordpress\/wp-content\/uploads\/2024\/08\/3e5941c9-6f1d-4e68-942e-fd7397d73e77-1152x1536.jpg 1152w, https:\/\/www.radiopiu.net\/wordpress\/wp-content\/uploads\/2024\/08\/3e5941c9-6f1d-4e68-942e-fd7397d73e77.jpg 1536w\" sizes=\"auto, (max-width: 225px) 100vw, 225px\" \/><\/a>Il caldo estivo ha fatto da cornice alla 2\u00aa edizione del <strong>Falcade Dolomiti Slam<\/strong>, torneo di tennis amatoriale svoltosi tra sabato 24 e domenica 25 agosto sulla Piana di Falcade, presso il Chiosco del Parco. L&#8217;evento ha richiamato numerosi appassionati, coinvolgendo sia residenti sia turisti in un weekend all&#8217;insegna dello sport.<\/p>\n<p>&nbsp;<\/p>\n<p>Dopo intense fasi eliminatorie sabato, le finali si sono disputate domenica pomeriggio. Ecco i risultati finali:<\/p>\n<table>\n<thead>\n<tr>\n<th><strong>Podio Maschile<\/strong><\/th>\n<th><strong>Podio Femminile<\/strong><\/th>\n<\/tr>\n<\/thead>\n<tbody>\n<tr>\n<td>1\u00b0 Enrico Bertolo<\/td>\n<td>1\u00aa Nicol Zanon<\/td>\n<\/tr>\n<tr>\n<td>2\u00b0 Marco Mestriner<\/td>\n<td>2\u00aa Matilde Righetto<\/td>\n<\/tr>\n<tr>\n<td>3\u00b0 Fabio Piancastelli<\/td>\n<td>3\u00aa Flaminia Franchetti<\/td>\n<\/tr>\n<\/tbody>\n<\/table>\n<p>&nbsp;<\/p>\n<p>Il vincitore del torneo maschile, Enrico Bertolo, ha dichiarato: &#8220;Finale emozionante grazie al numeroso pubblico presente, anche se non era uno dei miei giorni migliori. \u00c8 importante soffrire e portare a casa il risultato, soprattutto contro un avversario che ha mantenuto un atteggiamento sempre propositivo.&#8221;<\/p>\n<p>Il torneo, organizzato in maniera impeccabile, ha offerto ai partecipanti numerosi premi, tra cui soggiorni presso strutture locali, skipass, cene nei rifugi e lezioni di sci, oltre ai gadget offerti dagli sponsor. Un&#8217;esperienza indimenticabile che molti sperano di poter ripetere nei prossimi anni.<\/p>\n<\/div>\n<\/div>\n<p>collaborazione Diego Costa.<\/p>\n<hr \/>\n<p>&nbsp;<\/p>\n<p>&nbsp;<\/p>\n<p>&nbsp;<\/p>\n<h2><span style=\"color: #ffcc00;\">GOODBYE BY BICICLE&#8230;UN VIAGGIO DALL&#8217;INDIA A SEREN DEL GRAPPA IN BICICLETTA<\/span><\/h2>\n<p><span style=\"color: #ff0000;\"><strong>PUNTATA 27 &#8211; IL TEMPO VOLA IN FRETTA IN SERBIA<\/strong><\/span><\/p>\n<audio class=\"wp-audio-shortcode\" id=\"audio-406651-11\" preload=\"none\" style=\"width: 100%;\" controls=\"controls\"><source type=\"audio\/mpeg\" src=\"https:\/\/www.radiopiu.net\/wordpress\/wp-content\/uploads\/2024\/08\/AIRE-INDIA-PUNTATA-27.mp3?_=11\" \/><a href=\"https:\/\/www.radiopiu.net\/wordpress\/wp-content\/uploads\/2024\/08\/AIRE-INDIA-PUNTATA-27.mp3\">https:\/\/www.radiopiu.net\/wordpress\/wp-content\/uploads\/2024\/08\/AIRE-INDIA-PUNTATA-27.mp3<\/a><\/audio>\n<p>&nbsp;<\/p>\n<p><strong>PER VISITARE I SITI DEI LUOGHI VISITATI, CLICCA SULLE SEGUENTI SCRITTE:\u00a0 <span style=\"color: #3366ff;\"><a href=\"https:\/\/danubecare.uns.ac.rs\/\">DANUBECARE PROJECT<\/a>\u00a0 \u00a0<a href=\"https:\/\/www.instagram.com\/uzbbgd?igsh=cXpkMWV4YnVoaXg4\">ULICE ZA BICIKLISTE<\/a>\u00a0 \u00a0<a href=\"https:\/\/zelenodoba.org\/\">ZELENO DOBA\u00a0<\/a> \u00a0<\/span><\/strong><\/p>\n<p>&nbsp;<\/p>\n\n\t\t\t<style type='text\/css'>\n\t\t\t\t#gallery-10 {\n\t\t\t\t\tmargin: auto;\n\t\t\t\t}\n\t\t\t\t#gallery-10 .gallery-item {\n\t\t\t\t\tfloat: left;\n\t\t\t\t\tmargin-top: 10px;\n\t\t\t\t\ttext-align: center;\n\t\t\t\t\twidth: 25%;\n\t\t\t\t}\n\t\t\t\t#gallery-10 img {\n\t\t\t\t\tborder: 2px solid #cfcfcf;\n\t\t\t\t}\n\t\t\t\t#gallery-10 .gallery-caption {\n\t\t\t\t\tmargin-left: 0;\n\t\t\t\t}\n\t\t\t\t\/* see gallery_shortcode() in wp-includes\/media.php *\/\n\t\t\t<\/style>\n\t\t<div id='gallery-10' class='dt-gallery-container gallery galleryid-406651 gallery-columns-4 gallery-size-thumbnail'><dl class='gallery-item'>\n\t\t\t\t<dt class='gallery-icon landscape'>\n\t\t\t\t\t<a class=\"rollover rollover-zoom dt-pswp-item\" title=\"7910fd97-6830-4949-92fe-12ad96a785fe\" data-dt-img-description=\"\" data-large_image_width=\"2048\" data-large_image_height=\"923\"href='https:\/\/www.radiopiu.net\/wordpress\/wp-content\/uploads\/2024\/08\/7910fd97-6830-4949-92fe-12ad96a785fe.jpg'><img loading=\"lazy\" decoding=\"async\" width=\"150\" height=\"150\" src=\"https:\/\/www.radiopiu.net\/wordpress\/wp-content\/uploads\/2024\/08\/7910fd97-6830-4949-92fe-12ad96a785fe-150x150.jpg\" class=\"attachment-thumbnail size-thumbnail\" alt=\"\" \/><\/a>\n\t\t\t\t<\/dt><\/dl><dl class='gallery-item'>\n\t\t\t\t<dt class='gallery-icon portrait'>\n\t\t\t\t\t<a class=\"rollover rollover-zoom dt-pswp-item\" title=\"8e2a7517-cf14-4a54-938b-ab0cca79355d\" data-dt-img-description=\"\" data-large_image_width=\"1200\" data-large_image_height=\"1600\"href='https:\/\/www.radiopiu.net\/wordpress\/wp-content\/uploads\/2024\/08\/8e2a7517-cf14-4a54-938b-ab0cca79355d.jpg'><img loading=\"lazy\" decoding=\"async\" width=\"150\" height=\"150\" src=\"https:\/\/www.radiopiu.net\/wordpress\/wp-content\/uploads\/2024\/08\/8e2a7517-cf14-4a54-938b-ab0cca79355d-150x150.jpg\" class=\"attachment-thumbnail size-thumbnail\" alt=\"\" \/><\/a>\n\t\t\t\t<\/dt><\/dl><dl class='gallery-item'>\n\t\t\t\t<dt class='gallery-icon landscape'>\n\t\t\t\t\t<a class=\"rollover rollover-zoom dt-pswp-item\" title=\"30bf4631-3670-453d-9477-15ed9d299778\" data-dt-img-description=\"\" data-large_image_width=\"1280\" data-large_image_height=\"960\"href='https:\/\/www.radiopiu.net\/wordpress\/wp-content\/uploads\/2024\/08\/30bf4631-3670-453d-9477-15ed9d299778.jpg'><img loading=\"lazy\" decoding=\"async\" width=\"150\" height=\"150\" src=\"https:\/\/www.radiopiu.net\/wordpress\/wp-content\/uploads\/2024\/08\/30bf4631-3670-453d-9477-15ed9d299778-150x150.jpg\" class=\"attachment-thumbnail size-thumbnail\" alt=\"\" \/><\/a>\n\t\t\t\t<\/dt><\/dl><dl class='gallery-item'>\n\t\t\t\t<dt class='gallery-icon landscape'>\n\t\t\t\t\t<a class=\"rollover rollover-zoom dt-pswp-item\" title=\"c4a4750a-757f-4f14-b9ea-ee6c85bc0a18\" data-dt-img-description=\"\" data-large_image_width=\"1600\" data-large_image_height=\"1200\"href='https:\/\/www.radiopiu.net\/wordpress\/wp-content\/uploads\/2024\/08\/c4a4750a-757f-4f14-b9ea-ee6c85bc0a18.jpg'><img loading=\"lazy\" decoding=\"async\" width=\"150\" height=\"150\" src=\"https:\/\/www.radiopiu.net\/wordpress\/wp-content\/uploads\/2024\/08\/c4a4750a-757f-4f14-b9ea-ee6c85bc0a18-150x150.jpg\" class=\"attachment-thumbnail size-thumbnail\" alt=\"\" \/><\/a>\n\t\t\t\t<\/dt><\/dl><br style=\"clear: both\" \/>\n\t\t\t<\/div>\n\n<p>&nbsp;<\/p>\n<h2>LA RACCOLTA COMPLETA <a href=\"https:\/\/www.radiopiu.net\/wordpress\/goodbye-by-bicicle-un-viaggio-dallindia-a-seren-del-grappa-in-bicicletta-27\/\"><span style=\"color: #3366ff;\">CLICCA QUI<\/span><\/a><\/h2>\n<p>&nbsp;<\/p>\n<p>&nbsp;<\/p>\n<p>&nbsp;<\/p>\n","protected":false},"excerpt":{"rendered":"<p>******* &nbsp; ATTENZIONE: LA NUOVA APP PER IOS-IPHONE di Nicola Vettorello https:\/\/apps.apple.com\/it\/app\/radio-pi%C3%B9-emittente-agordina\/id1515939845 ATTENZIONE: LA NUOVA APP RADIO\u00a0 PER ANDROID di Nicola Vettorello https:\/\/play.google.com\/store\/apps\/details?id=net.radiopiu.iniko\u00a0\u00a0\u00a0\u00a0\u00a0 &nbsp; a Eddy e alla famiglia Costa questo acquerello dipinto da Anna Marmolada&#8230; dalla 107 scalini_Falcade &nbsp; &nbsp; OGGI ALLA RADIO&#8230;. ALLE 4 E ALLE 6 LE NOTIZIE DALL&#8217;ITALIA E DAL MONDO&hellip;<\/p>\n","protected":false},"author":4,"featured_media":406726,"comment_status":"closed","ping_status":"closed","sticky":false,"template":"","format":"standard","meta":{"_monsterinsights_skip_tracking":false,"_monsterinsights_sitenote_active":false,"_monsterinsights_sitenote_note":"","_monsterinsights_sitenote_category":0,"footnotes":""},"categories":[51,86,49],"tags":[],"class_list":["post-406651","post","type-post","status-publish","format-standard","has-post-thumbnail","hentry","category-evidenza-top","category-gr","category-news-18","category-51","category-86","category-49","description-off"],"img_url":"https:\/\/www.radiopiu.net\/wordpress\/wp-content\/uploads\/2024\/08\/Watermark_20240824_182622_606.jpg","_links":{"self":[{"href":"https:\/\/www.radiopiu.net\/wordpress\/wp-json\/wp\/v2\/posts\/406651","targetHints":{"allow":["GET"]}}],"collection":[{"href":"https:\/\/www.radiopiu.net\/wordpress\/wp-json\/wp\/v2\/posts"}],"about":[{"href":"https:\/\/www.radiopiu.net\/wordpress\/wp-json\/wp\/v2\/types\/post"}],"author":[{"embeddable":true,"href":"https:\/\/www.radiopiu.net\/wordpress\/wp-json\/wp\/v2\/users\/4"}],"replies":[{"embeddable":true,"href":"https:\/\/www.radiopiu.net\/wordpress\/wp-json\/wp\/v2\/comments?post=406651"}],"version-history":[{"count":37,"href":"https:\/\/www.radiopiu.net\/wordpress\/wp-json\/wp\/v2\/posts\/406651\/revisions"}],"predecessor-version":[{"id":406842,"href":"https:\/\/www.radiopiu.net\/wordpress\/wp-json\/wp\/v2\/posts\/406651\/revisions\/406842"}],"wp:featuredmedia":[{"embeddable":true,"href":"https:\/\/www.radiopiu.net\/wordpress\/wp-json\/wp\/v2\/media\/406726"}],"wp:attachment":[{"href":"https:\/\/www.radiopiu.net\/wordpress\/wp-json\/wp\/v2\/media?parent=406651"}],"wp:term":[{"taxonomy":"category","embeddable":true,"href":"https:\/\/www.radiopiu.net\/wordpress\/wp-json\/wp\/v2\/categories?post=406651"},{"taxonomy":"post_tag","embeddable":true,"href":"https:\/\/www.radiopiu.net\/wordpress\/wp-json\/wp\/v2\/tags?post=406651"}],"curies":[{"name":"wp","href":"https:\/\/api.w.org\/{rel}","templated":true}]}}