{"id":406676,"date":"2024-08-24T11:28:00","date_gmt":"2024-08-24T09:28:00","guid":{"rendered":"https:\/\/www.radiopiu.net\/wordpress\/?p=406676"},"modified":"2024-08-24T11:28:00","modified_gmt":"2024-08-24T09:28:00","slug":"chiusura-della-linea-belluno-castelfranco-toigo-uil-veneto-chiede-soluzioni-immediate","status":"publish","type":"post","link":"https:\/\/www.radiopiu.net\/wordpress\/chiusura-della-linea-belluno-castelfranco-toigo-uil-veneto-chiede-soluzioni-immediate\/","title":{"rendered":"Chiusura della Linea Belluno-Castelfranco: To\u00ecgo (Uil Veneto) Chiede Soluzioni Immediate"},"content":{"rendered":"<p>******<\/p>\n<p>&nbsp;<\/p>\n<p><strong><a class=\"dt-pswp-item\" href=\"https:\/\/www.radiopiu.net\/wordpress\/wp-content\/uploads\/2023\/06\/uil-belluno.png\" data-dt-img-description=\"\" data-large_image_width=\"310\" data-large_image_height=\"317\"><img loading=\"lazy\" decoding=\"async\" class=\" wp-image-342349 alignleft\" src=\"https:\/\/www.radiopiu.net\/wordpress\/wp-content\/uploads\/2023\/06\/uil-belluno-293x300.png\" alt=\"\" width=\"171\" height=\"175\" srcset=\"https:\/\/www.radiopiu.net\/wordpress\/wp-content\/uploads\/2023\/06\/uil-belluno-293x300.png 293w, https:\/\/www.radiopiu.net\/wordpress\/wp-content\/uploads\/2023\/06\/uil-belluno.png 310w\" sizes=\"auto, (max-width: 171px) 100vw, 171px\" \/><\/a>BELLUNO <\/strong>\u201cLa linea Belluno-Castelfranco chiusa fino al 7 settembre. Nessun treno tra Belluno e Montebelluna fino al 26 ottobre e tra Calalzo e Ponte delle Alpi fino al 14 dicembre. Addirittura, nessun treno tra Belluno e Feltre fino al 14 giugno. Se in una provincia e in una Regione che tra meno di due anni dovranno ospitare le Olimpiadi invernali, questo \u00e8 l\u2019esempio della programmazione dei lavori, c\u2019\u00e8 da mettersi le mani nei capelli\u201d. Roberto To\u00ecgo, segretario generale di Uil Veneto e profondo conoscitore del territorio, essendo di Feltre, commenta cos\u00ec la notizia dell\u2019allungamento della chiusura della linea ferroviaria, in concomitanza con lavori dell\u2019Anas su un cavalcavia a Busche. \u201cBen vengano l\u2019elettrificazione, i lavori di messa in sicurezza, gli interventi del PNRR e quelli delle Olimpiadi, finalmente si mette mano ad una viabilit\u00e0 che nella parte montana della nostra regione \u00e8 storicamente sottodimensionata. Ma \u00e8 assurdo che manchi totalmente una programmazione complessiva, che tenga conto delle esigenze di chi lavora e studia, dei pendolari. Gli autobus sostitutivi andranno a intasare un traffico gi\u00e0 eccezionale. Sempre tra Feltre e Belluno, il passaggio di auto e autobus con il semaforo sar\u00e0 disastroso all&#8217;apertura delle scuole. E quando scopri che il cantiere del cavalcaferrovia doveva essere gi\u00e0 completato nel 2022, mentre adesso non \u00e8 certo che venga chiuso nel 2025, ti rendi conto che non si pu\u00f2 certo proseguire in questo modo. Non basta che gli enti preposti esprimano il proprio dispiacere\u201d. Per questo, To\u00ecgo chiede alla Provincia di Belluno e alla Regione Veneto di farsi parte attiva con Anas, Trenitalia e chiunque sia coinvolto \u201cperch\u00e9 vengano adottate soluzioni alternative urgenti ed efficaci, prevedendo di lavorare 24 ore su 24: non \u00e8 dignitoso, nel 2024, trattare cos\u00ec abitanti, lavoratori e studenti di questo territorio\u201d.<\/p>\n<p>&nbsp;<\/p>\n<p>&nbsp;<\/p>\n<p>*******<\/p>\n","protected":false},"excerpt":{"rendered":"<p>****** &nbsp; BELLUNO \u201cLa linea Belluno-Castelfranco chiusa fino al 7 settembre. Nessun treno tra Belluno e Montebelluna fino al 26 ottobre e tra Calalzo e Ponte delle Alpi fino al 14 dicembre. Addirittura, nessun treno tra Belluno e Feltre fino al 14 giugno. Se in una provincia e in una Regione che tra meno di&hellip;<\/p>\n","protected":false},"author":4,"featured_media":215350,"comment_status":"closed","ping_status":"closed","sticky":false,"template":"","format":"standard","meta":{"_monsterinsights_skip_tracking":false,"_monsterinsights_sitenote_active":false,"_monsterinsights_sitenote_note":"","_monsterinsights_sitenote_category":0,"footnotes":""},"categories":[49],"tags":[],"class_list":["post-406676","post","type-post","status-publish","format-standard","has-post-thumbnail","hentry","category-news-18","category-49","description-off"],"img_url":"https:\/\/www.radiopiu.net\/wordpress\/wp-content\/uploads\/2021\/06\/400px-Stazione_Belluno01.jpg","_links":{"self":[{"href":"https:\/\/www.radiopiu.net\/wordpress\/wp-json\/wp\/v2\/posts\/406676","targetHints":{"allow":["GET"]}}],"collection":[{"href":"https:\/\/www.radiopiu.net\/wordpress\/wp-json\/wp\/v2\/posts"}],"about":[{"href":"https:\/\/www.radiopiu.net\/wordpress\/wp-json\/wp\/v2\/types\/post"}],"author":[{"embeddable":true,"href":"https:\/\/www.radiopiu.net\/wordpress\/wp-json\/wp\/v2\/users\/4"}],"replies":[{"embeddable":true,"href":"https:\/\/www.radiopiu.net\/wordpress\/wp-json\/wp\/v2\/comments?post=406676"}],"version-history":[{"count":1,"href":"https:\/\/www.radiopiu.net\/wordpress\/wp-json\/wp\/v2\/posts\/406676\/revisions"}],"predecessor-version":[{"id":406677,"href":"https:\/\/www.radiopiu.net\/wordpress\/wp-json\/wp\/v2\/posts\/406676\/revisions\/406677"}],"wp:featuredmedia":[{"embeddable":true,"href":"https:\/\/www.radiopiu.net\/wordpress\/wp-json\/wp\/v2\/media\/215350"}],"wp:attachment":[{"href":"https:\/\/www.radiopiu.net\/wordpress\/wp-json\/wp\/v2\/media?parent=406676"}],"wp:term":[{"taxonomy":"category","embeddable":true,"href":"https:\/\/www.radiopiu.net\/wordpress\/wp-json\/wp\/v2\/categories?post=406676"},{"taxonomy":"post_tag","embeddable":true,"href":"https:\/\/www.radiopiu.net\/wordpress\/wp-json\/wp\/v2\/tags?post=406676"}],"curies":[{"name":"wp","href":"https:\/\/api.w.org\/{rel}","templated":true}]}}