{"id":406701,"date":"2024-08-24T14:23:37","date_gmt":"2024-08-24T12:23:37","guid":{"rendered":"https:\/\/www.radiopiu.net\/wordpress\/?p=406701"},"modified":"2024-08-24T14:23:37","modified_gmt":"2024-08-24T12:23:37","slug":"malore-al-rifugio-falier-trauma-cranico-al-lago-dajal","status":"publish","type":"post","link":"https:\/\/www.radiopiu.net\/wordpress\/malore-al-rifugio-falier-trauma-cranico-al-lago-dajal\/","title":{"rendered":"MALORE AL RIFUGIO FALIER. TRAUMA CRANICO AL LAGO D&#8217;AJAL"},"content":{"rendered":"<p>******<\/p>\n<p>&nbsp;<\/p>\n<p><strong>ROCCA PIETORE<\/strong> Questa mattina una squadra del Soccorso alpino della Val Pettorina \u00e8 stata inviata al Rifugio Falier, a Rocca Pietore, dove un&#8217;ospite si era sentita poco bene. La 29enne tedesca \u00e8 stata raggiunta e accompagnata dalla guardia medica per i controlli del caso.<\/p>\n<p><strong>CORTINA <\/strong>Verso le 11.30, Falco 2 \u00e8 volato al Rifugio Vandelli per un 19enne di Ferrara impossibilitato a proseguire autonomamente, lo ha caricato a bordo in piazzola e portato all&#8217;ospedale di Cortina per eventuali approfondimenti.<\/p>\n<p><strong>COMELICO <\/strong>Falco 2 \u00e8 poi stato mandato sotto Cima Bagni a Padola di Comelico Superiore, poich\u00e9, mentre stava risalendo la normale con altre tre persone, un 55enne di Auronzo di Cadore (BL), si era fatto male a un ginocchio. Individuato tra la vetta e Forcella Bagni, l&#8217;infortunato \u00e8 stato recuperato e portato a Belluno.<\/p>\n<p><strong>CORTINA <\/strong>Una squadra del Soccorso alpino della Val Comelico era pronta in supporto alle operazioni. L&#8217;elicottero del Suem di Pieve di Cadore \u00e8 intervenuto al Lago d&#8217;Ajal a Cortina, dove una squadra arrivata sul posto stava assistendo un&#8217;escursionista che aveva sbattuto la testa cadendo. La donna, con un probabile trauma cranico, \u00e8 stata valutata e medicata dall&#8217;equipe sanitaria, per essere poi trasportata in ospedale a Belluno.<\/p>\n<p>&nbsp;<\/p>\n<p>&nbsp;<\/p>\n<p>********<\/p>\n","protected":false},"excerpt":{"rendered":"<p>****** &nbsp; ROCCA PIETORE Questa mattina una squadra del Soccorso alpino della Val Pettorina \u00e8 stata inviata al Rifugio Falier, a Rocca Pietore, dove un&#8217;ospite si era sentita poco bene. La 29enne tedesca \u00e8 stata raggiunta e accompagnata dalla guardia medica per i controlli del caso. CORTINA Verso le 11.30, Falco 2 \u00e8 volato al&hellip;<\/p>\n","protected":false},"author":4,"featured_media":294603,"comment_status":"closed","ping_status":"closed","sticky":false,"template":"","format":"standard","meta":{"_monsterinsights_skip_tracking":false,"_monsterinsights_sitenote_active":false,"_monsterinsights_sitenote_note":"","_monsterinsights_sitenote_category":0,"footnotes":""},"categories":[49],"tags":[],"class_list":["post-406701","post","type-post","status-publish","format-standard","has-post-thumbnail","hentry","category-news-18","category-49","description-off"],"img_url":"https:\/\/www.radiopiu.net\/wordpress\/wp-content\/uploads\/2022\/08\/salt_20220825_171725_606.jpg","_links":{"self":[{"href":"https:\/\/www.radiopiu.net\/wordpress\/wp-json\/wp\/v2\/posts\/406701","targetHints":{"allow":["GET"]}}],"collection":[{"href":"https:\/\/www.radiopiu.net\/wordpress\/wp-json\/wp\/v2\/posts"}],"about":[{"href":"https:\/\/www.radiopiu.net\/wordpress\/wp-json\/wp\/v2\/types\/post"}],"author":[{"embeddable":true,"href":"https:\/\/www.radiopiu.net\/wordpress\/wp-json\/wp\/v2\/users\/4"}],"replies":[{"embeddable":true,"href":"https:\/\/www.radiopiu.net\/wordpress\/wp-json\/wp\/v2\/comments?post=406701"}],"version-history":[{"count":1,"href":"https:\/\/www.radiopiu.net\/wordpress\/wp-json\/wp\/v2\/posts\/406701\/revisions"}],"predecessor-version":[{"id":406702,"href":"https:\/\/www.radiopiu.net\/wordpress\/wp-json\/wp\/v2\/posts\/406701\/revisions\/406702"}],"wp:featuredmedia":[{"embeddable":true,"href":"https:\/\/www.radiopiu.net\/wordpress\/wp-json\/wp\/v2\/media\/294603"}],"wp:attachment":[{"href":"https:\/\/www.radiopiu.net\/wordpress\/wp-json\/wp\/v2\/media?parent=406701"}],"wp:term":[{"taxonomy":"category","embeddable":true,"href":"https:\/\/www.radiopiu.net\/wordpress\/wp-json\/wp\/v2\/categories?post=406701"},{"taxonomy":"post_tag","embeddable":true,"href":"https:\/\/www.radiopiu.net\/wordpress\/wp-json\/wp\/v2\/tags?post=406701"}],"curies":[{"name":"wp","href":"https:\/\/api.w.org\/{rel}","templated":true}]}}